{"id":6298,"date":"2023-01-26T08:40:02","date_gmt":"2023-01-26T11:40:02","guid":{"rendered":"https:\/\/revistaempresarios.net\/web\/?p=6298"},"modified":"2023-01-26T08:40:02","modified_gmt":"2023-01-26T11:40:02","slug":"rebu-aposta-em-internacionalizacao-para-2023","status":"publish","type":"post","link":"https:\/\/revistaempresarios.net\/web\/2023\/01\/26\/rebu-aposta-em-internacionalizacao-para-2023\/","title":{"rendered":"Rebu aposta em internacionaliza\u00e7\u00e3o para 2023"},"content":{"rendered":"<p class=\"fst-italic text-center\">Est\u00fadio brasileiro de branding e cria\u00e7\u00e3o j\u00e1 conta com cases fora do pa\u00eds e busca ampliar atua\u00e7\u00e3o<\/p>\n<div>\n<p><a href=\"http:\/\/www.rebu.work\/\">Rebu\u00a0<\/a>\u00e9 um acr\u00f4nimo para Revolu\u00e7\u00e3o, Eleg\u00e2ncia, Brasilidade e Utopia. Fundado em 2019 pelos diretores criativos Fernando Andreazi e Pedro Mattos, o est\u00fadio criativo de branding e design nasceu para provocar o jeito como as marcas s\u00e3o criadas no Brasil e no mundo, trazendo mais personalidade e ousadia. Desde o seu in\u00edcio, nunca se preocupou com a quantidade de clientes, mas com a qualidade, a clareza e a pot\u00eancia de cada marca.\u00a0Ainda assim, desenvolveu 38 projetos s\u00f3 em 2022 e desde o in\u00edcio das atividades, realizou trabalhos para mais de 100 clientes, o que rendeu, neste ano,\u00a0medalha de prata na categoria Est\u00fadio do Ano no Brasil Design Award.<\/p>\n<p>Iniciando sua opera\u00e7\u00e3o internacional no final de 2021, o est\u00fadio j\u00e1 come\u00e7a a colecionar cases fora do Brasil. Um deles \u00e9 o rebranding do laborat\u00f3rio Persephone, da Calif\u00f3rnia. Liderado por Stephanie Culler, que \u00e9 refer\u00eancia nos estudos e aprimoramentos de microbiomas. J\u00e1 o Colored Girls Bike Too (CGBT), \u00e9 uma organiza\u00e7\u00e3o de ciclismo fundada em 2017 em\u00a0 Buffalo, NY. A organiza\u00e7\u00e3o incentiva mulheres negras a usar a bicicleta como transporte alternativo\/acess\u00edvel e tamb\u00e9m como uma ferramenta de empoderamento, ativismo, visibilidade, sa\u00fade f\u00edsica e mental. O case, inclusive, foi medalha de bronze na categoria Design de Marca de Pequenas e M\u00e9dias Empresas do Brasil Design Award de 2022.<\/p>\n<p>Outros trabalhos internacionais foram Amata, cafeteria alem\u00e3 localizada em Frankfurt,\u00a0 Samyas Kitchen, empresa de aulas de culin\u00e1rias libanesa e do Oriente M\u00e9dio em Londres,\u00a0Valo Hyperfoil, uma nova categoria de transporte mar\u00edtimo e Act Four, software de solu\u00e7\u00f5es para e-learning focado em caf\u00e9.\u00a0O Rebu j\u00e1 possui projetos engatilhados no exterior para 2023.<\/p>\n<p><strong>O futuro do trabalho \u00e9 agora<\/strong><\/p>\n<p>Uma iniciativa que vem ganhando cada vez mais espa\u00e7o na Europa, com reflexos no Brasil, \u00e9 a semana mais curta sem redu\u00e7\u00e3o de sal\u00e1rio. \u00c9 o caso do est\u00fadio Rebu, que recentemente adotou a pol\u00edtica interna de 4 dias trabalhados na semana. &#8220;Estudos nacionais e internacionais comprovam aquilo que acreditamos: foco, estudo, liberdade criativa e tempo de qualidade proporcionam sa\u00fade mental, dedica\u00e7\u00e3o, satisfa\u00e7\u00e3o e trabalhos incr\u00edveis em sua entrega final. \u00c9 o nosso oxig\u00eanio necess\u00e1rio para a criatividade respirar\u201d, diz Pedro Mattos, diretor criativo do Rebu. Por enquanto, seus 17 colaboradores trabalham home-office. O est\u00fadio tem um espa\u00e7o f\u00edsico, oferecendo um apoio para quem precisa de um espa\u00e7o de trabalho, workshops e oficinas criativas e de um local para reuni\u00f5es internas ou com clientes.<\/p>\n<p>O Rebu n\u00e3o atua simplesmente como uma consultoria, ag\u00eancia ou escrit\u00f3rio de design, mas como um est\u00fadio de estrat\u00e9gia e cria\u00e7\u00e3o onde o valor da entrega est\u00e1 no pensamento e na criatividade de cada projeto desenvolvido, sempre trazendo experimenta\u00e7\u00e3o e arte. \u201cEstamos vivendo um momento onde clientes precisam fazer muito com pouco e marcas est\u00e3o nascendo a cada segundo. Se o discurso n\u00e3o for potente e a marca n\u00e3o for linda, n\u00e3o funciona\u201d, diz Pedro Mattos, que antes de fundar o Rebu coordenou, dirigiu e desenvolveu projetos para consultorias como Interbrand, Kantar Group e Futurebrand, al\u00e9m de boutiques criativas como Pharus Design e Springpoint, atendendo clientes como Natura, Avon, Coca Cola, Google, Nike, Havaianas, Danone e Ita\u00fa.<\/p>\n<p><strong>Self-Made Brasil<\/strong><\/p>\n<p>O conhecimento do Rebu na \u00e1rea de design e empreendedorismo, levou a equipe para o novo reality show de empreendedorismo original do Sony Channel, Self-Made Brasil, em que o diretor Fernando Andreazi atuou tamb\u00e9m como jurado<\/p>\n<p>Comandado pela atriz Sheron Menezzes, em sua estreia \u00e0 frente de um reality show, &#8220;Self-Made Brasil&#8221; \u00e9 uma competi\u00e7\u00e3o que desafia empreendedores que buscam conquistar o mercado \u2013 mais especificamente o aliment\u00edcio \u2013 a desenvolverem seus produtos em todo o seu potencial. Ao longo de 13 epis\u00f3dios, o p\u00fablico acompanhou o processo por tr\u00e1s do desenvolvimento de grandes ideias em meio a desafios.<\/p>\n<p>&nbsp;<\/p>\n<p><strong>Sobre o Rebu<\/strong><\/p>\n<p>Criado em 2019 por Fernando Andreazi e Pedro Mattos, o<a href=\"http:\/\/rebu.work\/\">\u00a0Rebu<\/a>, est\u00fadio de estrat\u00e9gia e cria\u00e7\u00e3o, carrega no nome Revolu\u00e7\u00e3o, Eleg\u00e2ncia, Brasilidade e Utopia. Com diferencia\u00e7\u00e3o e excel\u00eancia em cria\u00e7\u00e3o e estrat\u00e9gia de marca e campanhas, atua n\u00e3o s\u00f3 como uma ag\u00eancia\u00a0 ou consultoria, mas como um parceiro estrat\u00e9gico de empresas e marcas que precisam contar suas hist\u00f3rias atrav\u00e9s do branding, naming, design e identidade visual. J\u00e1 criou e desenvolveu a marca de empresas como Inter, Dengo Chocolates, Bacio di Latte, Nude e N45 Negroni e foi reconhecido em pr\u00eamios como Latin American Design Awards, Type Directors Club, Brasil Design Awards e Fast Company Design Innovation Latin America<\/p>\n<\/div>\n","protected":false},"excerpt":{"rendered":"<p>Est\u00fadio brasileiro de branding e cria\u00e7\u00e3o j\u00e1 conta com cases fora do pa\u00eds e busca ampliar atua\u00e7\u00e3o Rebu\u00a0\u00e9 um acr\u00f4nimo para Revolu\u00e7\u00e3o, Eleg\u00e2ncia, Brasilidade e Utopia. Fundado em 2019 pelos diretores criativos Fernando Andreazi e Pedro Mattos, o est\u00fadio criativo de branding e design nasceu para provocar o jeito como as marcas s\u00e3o criadas no [&hellip;]<\/p>\n","protected":false},"author":2,"featured_media":6299,"comment_status":"open","ping_status":"open","sticky":false,"template":"","format":"standard","meta":{"_jetpack_memberships_contains_paid_content":false,"footnotes":""},"categories":[54,56,60,62],"tags":[6086],"featured_image_src":{"landsacpe":["https:\/\/revistaempresarios.net\/web\/wp-content\/uploads\/2023\/01\/Rebu-aposta-em-internacionalizacao-para-2023.jpg",300,187,false],"list":["https:\/\/revistaempresarios.net\/web\/wp-content\/uploads\/2023\/01\/Rebu-aposta-em-internacionalizacao-para-2023.jpg",300,187,false],"medium":["https:\/\/revistaempresarios.net\/web\/wp-content\/uploads\/2023\/01\/Rebu-aposta-em-internacionalizacao-para-2023.jpg",300,187,false],"full":["https:\/\/revistaempresarios.net\/web\/wp-content\/uploads\/2023\/01\/Rebu-aposta-em-internacionalizacao-para-2023.jpg",300,187,false]},"jetpack_sharing_enabled":true,"jetpack_featured_media_url":"https:\/\/revistaempresarios.net\/web\/wp-content\/uploads\/2023\/01\/Rebu-aposta-em-internacionalizacao-para-2023.jpg","jetpack-related-posts":[],"_links":{"self":[{"href":"https:\/\/revistaempresarios.net\/web\/wp-json\/wp\/v2\/posts\/6298"}],"collection":[{"href":"https:\/\/revistaempresarios.net\/web\/wp-json\/wp\/v2\/posts"}],"about":[{"href":"https:\/\/revistaempresarios.net\/web\/wp-json\/wp\/v2\/types\/post"}],"author":[{"embeddable":true,"href":"https:\/\/revistaempresarios.net\/web\/wp-json\/wp\/v2\/users\/2"}],"replies":[{"embeddable":true,"href":"https:\/\/revistaempresarios.net\/web\/wp-json\/wp\/v2\/comments?post=6298"}],"version-history":[{"count":1,"href":"https:\/\/revistaempresarios.net\/web\/wp-json\/wp\/v2\/posts\/6298\/revisions"}],"predecessor-version":[{"id":6300,"href":"https:\/\/revistaempresarios.net\/web\/wp-json\/wp\/v2\/posts\/6298\/revisions\/6300"}],"wp:featuredmedia":[{"embeddable":true,"href":"https:\/\/revistaempresarios.net\/web\/wp-json\/wp\/v2\/media\/6299"}],"wp:attachment":[{"href":"https:\/\/revistaempresarios.net\/web\/wp-json\/wp\/v2\/media?parent=6298"}],"wp:term":[{"taxonomy":"category","embeddable":true,"href":"https:\/\/revistaempresarios.net\/web\/wp-json\/wp\/v2\/categories?post=6298"},{"taxonomy":"post_tag","embeddable":true,"href":"https:\/\/revistaempresarios.net\/web\/wp-json\/wp\/v2\/tags?post=6298"}],"curies":[{"name":"wp","href":"https:\/\/api.w.org\/{rel}","templated":true}]}}