{"id":6246,"date":"2023-01-25T08:04:40","date_gmt":"2023-01-25T11:04:40","guid":{"rendered":"https:\/\/revistaempresarios.net\/web\/?p=6246"},"modified":"2023-01-25T08:04:40","modified_gmt":"2023-01-25T11:04:40","slug":"transformacao-digital-deve-ser-o-foco-das-empresas-para-2023-porwaldir-bertolino-e-country-manager-da-infor-no-brasil","status":"publish","type":"post","link":"https:\/\/revistaempresarios.net\/web\/2023\/01\/25\/transformacao-digital-deve-ser-o-foco-das-empresas-para-2023-porwaldir-bertolino-e-country-manager-da-infor-no-brasil\/","title":{"rendered":"Transforma\u00e7\u00e3o digital deve ser o foco das empresas para 2023 &#8211; Por:Waldir Bertolino e Country Manager da Infor no Brasil"},"content":{"rendered":"<div class=\"itemIntroText\">\n<p>Investir em tecnologias se tornou uma necessidade para se destacar no mercado<\/p>\n<\/div>\n<div class=\"itemFullText\">\n<p>A transforma\u00e7\u00e3o digital est\u00e1 presente em todas as empresas atualmente, e espera-se que, em 2023, o impacto que ela traz para o desenvolvimento das organiza\u00e7\u00f5es seja ainda maior. Essa reforma pode ser definida como a acelera\u00e7\u00e3o das atividades, processos, compet\u00eancias e modelos empresariais decorrentes da utiliza\u00e7\u00e3o de tecnologias, que promovem mudan\u00e7as e impactam o andamento dos neg\u00f3cios, deixando o mercado ainda mais competitivo.<\/p>\n<p>O uso de tecnologias j\u00e1 \u00e9 uma realidade em diversas \u00e1reas e, principalmente, nas grandes empresas, sendo adaptada a cada realidade. Ela est\u00e1 presente desde o desenvolvimento de aplicativos, como os de mobilidade urbana e as extens\u00f5es do Google (agenda, drive, meet, etc.), at\u00e9 sistemas operacionais, solu\u00e7\u00f5es de gest\u00e3o de neg\u00f3cios na nuvem e infraestrutura.<\/p>\n<p>A transforma\u00e7\u00e3o digital ocorre no mercado h\u00e1 muito tempo, mesmo assim foram uma surpresa para as empresas que n\u00e3o estavam totalmente prontas para incorporar as novas tecnologias no dia a dia. As organiza\u00e7\u00f5es que j\u00e1 se preparavam e modificaram seus sistemas operacionais n\u00e3o tiveram grandes problemas com essa transi\u00e7\u00e3o.<\/p>\n<p>Investir em digitaliza\u00e7\u00e3o \u00e9 mais que simplificar processos, \u00e9 visto hoje como transformar antigos modelos de neg\u00f3cios para que possam abrir novas oportunidades para as organiza\u00e7\u00f5es, que devem tra\u00e7ar novas estrat\u00e9gias para ter essa transforma\u00e7\u00e3o como um aliado.<\/p>\n<p><strong>Digitaliza\u00e7\u00e3o nas empresas<\/strong><\/p>\n<p>Para abra\u00e7ar a transforma\u00e7\u00e3o digital \u00e9 preciso entender que ela ocorre nos mais diversos n\u00edveis. Ela est\u00e1 presente desde a digitaliza\u00e7\u00e3o dos invent\u00e1rios de centros de distribui\u00e7\u00e3o, at\u00e9 na utiliza\u00e7\u00e3o de sensores para monitoramento de frotas e visualiza\u00e7\u00e3o da disponibilidade nos estoques. A utiliza\u00e7\u00e3o das tecnologias nos mais diversos pontos da cadeia agiliza os processos e evita a perda de produtos durante o caminho da produ\u00e7\u00e3o ao armazenamento.<\/p>\n<p>A mudan\u00e7a de mentalidade das empresas, que agora visam alcan\u00e7ar o objetivo de se tornarem cada vez mais modernas, influencia diretamente no desempenho de seus colaboradores. A inova\u00e7\u00e3o, alinhada ao trabalho em conjunto das equipes, pode garantir melhores resultados e o destaque no mercado. Tecnologias mais atuais reduzem o tempo de uma fun\u00e7\u00e3o, por isso as organiza\u00e7\u00f5es precisam considerar reestruturar alguns de seus processos para serem mais competitivas. Investir em transforma\u00e7\u00e3o digital hoje \u00e9 garantir agilidade e economia nos processos de amanh\u00e3.<\/p>\n<p>Segundo o \u00cdndice Global de Inova\u00e7\u00e3o de 2022, o Brasil se encontra na 54\u00ba no ranking do IGI, se destacando pelo importante avan\u00e7o em produtos de inova\u00e7\u00e3o. Comparando essa coloca\u00e7\u00e3o com os dados da Confedera\u00e7\u00e3o Nacional da Ind\u00fastria do n\u00edvel de produtividade do trabalho na Ind\u00fastria, que apresentava um crescimento de apenas 8,8% entre 2000 e 2016, \u00e9 poss\u00edvel observar como a implementa\u00e7\u00e3o de novas tecnologias no cotidiano das organiza\u00e7\u00f5es aumentou a produtividade dos setores. Para que o Brasil alcance posi\u00e7\u00f5es ainda melhores no IGI, \u00e9 preciso que o investimento em inova\u00e7\u00e3o e capacita\u00e7\u00e3o aumentem e que a ind\u00fastria busque ser cada vez mais competitiva, tanto a n\u00edvel nacional quanto internacional.<\/p>\n<p>O primeiro passo para a digitaliza\u00e7\u00e3o consiste em desenvolver uma estrat\u00e9gia abrangente pensando na experi\u00eancia dos usu\u00e1rios, diferente da maioria dos modelos tradicionais, que pensam nas funcionalidades e buscam apenas encontrar uma solu\u00e7\u00e3o para os desafios atuais. \u00c0 medida que o planejamento digital \u00e9 desenvolvido, as estruturas dos processos s\u00e3o adequadas para proporcionar a melhor experi\u00eancia poss\u00edvel, prezando pela praticidade enquanto se concentra na inova\u00e7\u00e3o tecnol\u00f3gica para alcan\u00e7ar seus objetivos. Uma boa estrat\u00e9gia deve seguir tr\u00eas pontos fundamentais:<\/p>\n<p>Governan\u00e7a &#8211; ap\u00f3s decidir a estrat\u00e9gia digital, \u00e9 preciso que a governan\u00e7a tenha uma presen\u00e7a ativa, apoiando as principais decis\u00f5es-chave do neg\u00f3cio.<\/p>\n<p>Integra\u00e7\u00e3o &#8211; as tecnologias est\u00e3o em constante evolu\u00e7\u00e3o para agilizar os projetos, e as estruturas de TI, precisam acompanhar essas mudan\u00e7as. As solu\u00e7\u00f5es precisam ser devidamente integradas, permitindo que as empresas iniciem seus processos de digitaliza\u00e7\u00e3o e criem sistemas flex\u00edveis. Solu\u00e7\u00f5es r\u00edgidas dificultam a integra\u00e7\u00e3o e tornam o neg\u00f3cio est\u00e1tico, al\u00e9m de gerar maiores custos.<\/p>\n<p>Interoperabilidade &#8211; A digitaliza\u00e7\u00e3o trouxe um benef\u00edcio sem precedentes para as empresas: a possibilidade de interoperar dados e servi\u00e7os, que antes trabalhavam de forma isolada, elevando os n\u00edveis de efici\u00eancia operacional e da pr\u00f3pria performance das equipes. Interoperar dados atrav\u00e9s de um servi\u00e7o compartilhado \u00e9 uma tarefa colaborativa, ou seja, a organiza\u00e7\u00e3o precisa estar disposta a arcar com os custos das tecnologias, enquanto o colaborador precisa se dispor a aprender sobre elas e entregar um servi\u00e7o de qualidade.<\/p>\n<p>A transforma\u00e7\u00e3o digital e a utiliza\u00e7\u00e3o das novas tecnologias s\u00e3o as respons\u00e1veis pela forma que o mercado e as institui\u00e7\u00f5es est\u00e3o operando atualmente, optando por maneiras n\u00e3o convencionais de realizar as fun\u00e7\u00f5es. A digitaliza\u00e7\u00e3o das empresas \u00e9 uma forma delas sa\u00edrem do trabalho engessado e contarem com a criatividade, rapidez e flexibilidade dos sistemas e dos colaboradores para, juntos, alcan\u00e7arem o objetivo final mais desejado: a inova\u00e7\u00e3o.<\/p>\n<p>Investir em tecnologia \u00e9 investir no seu pr\u00f3prio crescimento, e as organiza\u00e7\u00f5es que j\u00e1 perceberam isso est\u00e3o correndo atr\u00e1s de desenvolver suas estrat\u00e9gias e encontrar solu\u00e7\u00f5es que lhes favore\u00e7am e agilizem seus neg\u00f3cios para 2023.<\/p>\n<\/div>\n","protected":false},"excerpt":{"rendered":"<p>Investir em tecnologias se tornou uma necessidade para se destacar no mercado A transforma\u00e7\u00e3o digital est\u00e1 presente em todas as empresas atualmente, e espera-se que, em 2023, o impacto que ela traz para o desenvolvimento das organiza\u00e7\u00f5es seja ainda maior. Essa reforma pode ser definida como a acelera\u00e7\u00e3o das atividades, processos, compet\u00eancias e modelos empresariais [&hellip;]<\/p>\n","protected":false},"author":2,"featured_media":6247,"comment_status":"open","ping_status":"open","sticky":false,"template":"","format":"standard","meta":{"_jetpack_memberships_contains_paid_content":false,"_joinchat":[],"footnotes":""},"categories":[51,60,62],"tags":[6062,6063],"featured_image_src":{"landsacpe":["https:\/\/revistaempresarios.net\/web\/wp-content\/uploads\/2023\/01\/Waldir-Bertolino-e-Country-Manager-da-Infor-no-Brasil-1140x445.jpg",1140,445,true],"list":["https:\/\/revistaempresarios.net\/web\/wp-content\/uploads\/2023\/01\/Waldir-Bertolino-e-Country-Manager-da-Infor-no-Brasil-463x348.jpg",463,348,true],"medium":["https:\/\/revistaempresarios.net\/web\/wp-content\/uploads\/2023\/01\/Waldir-Bertolino-e-Country-Manager-da-Infor-no-Brasil-300x200.jpg",300,200,true],"full":["https:\/\/revistaempresarios.net\/web\/wp-content\/uploads\/2023\/01\/Waldir-Bertolino-e-Country-Manager-da-Infor-no-Brasil.jpg",1220,815,false]},"jetpack_sharing_enabled":true,"jetpack_featured_media_url":"https:\/\/revistaempresarios.net\/web\/wp-content\/uploads\/2023\/01\/Waldir-Bertolino-e-Country-Manager-da-Infor-no-Brasil.jpg","jetpack-related-posts":[],"_links":{"self":[{"href":"https:\/\/revistaempresarios.net\/web\/wp-json\/wp\/v2\/posts\/6246"}],"collection":[{"href":"https:\/\/revistaempresarios.net\/web\/wp-json\/wp\/v2\/posts"}],"about":[{"href":"https:\/\/revistaempresarios.net\/web\/wp-json\/wp\/v2\/types\/post"}],"author":[{"embeddable":true,"href":"https:\/\/revistaempresarios.net\/web\/wp-json\/wp\/v2\/users\/2"}],"replies":[{"embeddable":true,"href":"https:\/\/revistaempresarios.net\/web\/wp-json\/wp\/v2\/comments?post=6246"}],"version-history":[{"count":1,"href":"https:\/\/revistaempresarios.net\/web\/wp-json\/wp\/v2\/posts\/6246\/revisions"}],"predecessor-version":[{"id":6248,"href":"https:\/\/revistaempresarios.net\/web\/wp-json\/wp\/v2\/posts\/6246\/revisions\/6248"}],"wp:featuredmedia":[{"embeddable":true,"href":"https:\/\/revistaempresarios.net\/web\/wp-json\/wp\/v2\/media\/6247"}],"wp:attachment":[{"href":"https:\/\/revistaempresarios.net\/web\/wp-json\/wp\/v2\/media?parent=6246"}],"wp:term":[{"taxonomy":"category","embeddable":true,"href":"https:\/\/revistaempresarios.net\/web\/wp-json\/wp\/v2\/categories?post=6246"},{"taxonomy":"post_tag","embeddable":true,"href":"https:\/\/revistaempresarios.net\/web\/wp-json\/wp\/v2\/tags?post=6246"}],"curies":[{"name":"wp","href":"https:\/\/api.w.org\/{rel}","templated":true}]}}