{"id":6193,"date":"2023-01-23T21:23:58","date_gmt":"2023-01-24T00:23:58","guid":{"rendered":"https:\/\/revistaempresarios.net\/web\/?p=6193"},"modified":"2023-01-23T21:23:58","modified_gmt":"2023-01-24T00:23:58","slug":"peugeot-fecha-2022-com-reconhecimento-do-setor-automotivo","status":"publish","type":"post","link":"https:\/\/revistaempresarios.net\/web\/2023\/01\/23\/peugeot-fecha-2022-com-reconhecimento-do-setor-automotivo\/","title":{"rendered":"PEUGEOT fecha 2022 com Reconhecimento do Setor Automotivo"},"content":{"rendered":"<div class=\"itemIntroText\">\n<p>A Marca do Le\u00e3o obteve prest\u00edgio nas maiores premia\u00e7\u00f5es na Am\u00e9rica do Sul:<\/p>\n<\/div>\n<div class=\"itemFullText\">\n<p>&#8211; No Chile o destaque ficou para o NOVO Peugeot 308;<br \/>\n&#8211; J\u00e1 na Argentina o protagonista foi o Peugeot 3008 Hybrid4;<br \/>\n&#8211; Entre as premia\u00e7\u00f5es brasileiras o cr\u00e9dito ficou para o NOVO PEUGEOT e-2008.<\/p>\n<p>A PEUGEOT teve um final de ano repleto de reconhecimentos na Am\u00e9rica do Sul. A Marca do Le\u00e3o obteve importantes reconhecimentos nas principais premia\u00e7\u00f5es do setor no continente, destacando seus novos modelos e sua lideran\u00e7a na categoria de ve\u00edculos comer\u00e7iais.<\/p>\n<p>CHILE:<\/p>\n<p>O principal pr\u00eamio obtido no Chile se d\u00e1 a entrega do &#8220;LOS MEJORES&#8221;, organizada por MT do prestigiado Jornal La Tercera. Nesta ocasi\u00e3o, o NOVO PEUGEOT 308 foi eleito o vencedor da categoria &#8220;Melhor Carro do Ano&#8221;, escolhido ap\u00f3s vota\u00e7\u00e3o do j\u00fari constitu\u00eddo pelos principais jornalistas especializados do pa\u00eds.<\/p>\n<p>O segundo pr\u00eamio obtido foi atrav\u00e9s do portal Autocosmos, onde mais uma vez o NOVO PEUGEOT 308 foi selecionado entre os &#8220;15 carros recomendados&#8221;. Por outro lado, em vota\u00e7\u00e3o aberta no portal Autocosmos com a participa\u00e7\u00e3o de mais de 80.000 pessoas, o PEUGEOT e-PARTNER conquistou o primeiro lugar na categoria &#8220;Ve\u00edculo Comercial do Ano&#8221;.<\/p>\n<p>A marca tamb\u00e9m ganhou o reconhecimento dos pr\u00eamios &#8220;LOS M\u00c1S&#8221;, organizados pelo jornal Publimetro em conjunto com a Associa\u00e7\u00e3o Nacional Automotiva do Chile (ANAC), que premia o desempenho de vendas de todas as marcas presentes no pa\u00eds. Classificado na categoria \u201cVe\u00edculos Comerciais\u201d pelo quarto ano consecutivo, fechando um grande ano.<\/p>\n<p>ARGENTINA:<\/p>\n<p>O PEUGEOT 3008 Hybrid4 foi consagrado na Argentina como Melhor Carro Importado e SUV do ano de 2022 pelo Pr\u00eamio Autocosmos, no qual os pr\u00f3prios leitores do site votaram e determinaram os vencedores.<\/p>\n<p>BRASIL<\/p>\n<p>O novo PEUGEOT e-2008 foi o grande vencedor de uma das mais importantes premia\u00e7\u00f5es da ind\u00fastria automobil\u00edstica do Brasil conquistando o pr\u00eamio de \u201cCarro El\u00e9trico do Ano 2023\u201d, concebido pela Autoesporte, da Editora Globo.<\/p>\n<p>Os campe\u00f5es s\u00e3o escolhidos pelos jurados a partir de crit\u00e9rios como tecnologia, design, seguran\u00e7a, atualidade do projeto, efici\u00eancia energ\u00e9tica e pre\u00e7o. O Novo PEUGEOT e-2008 foi reconhecido pelo seu ic\u00f4nico design magn\u00e9tico, alta tecnologia em prol da sustentabilidade, efici\u00eancia e um completo pacote de itens de s\u00e9rie.<\/p>\n<p>A PEUGEOT tamb\u00e9m foi premiada com o PEUGEOT Expert. O utilit\u00e1rio conquistou o pr\u00eamio de Melhor Valor de Revenda 2022 pela revista Quatro Rodas +KBB na categoria \u201cFurg\u00e3o Urbano Comercial\u201d.<\/p>\n<p>A PEUGEOT encerra o ano de 2022 com excelente reconhecimento dos principais players da ind\u00fastria automobil\u00edstica em toda Am\u00e9rica Latina, abrindo bons precedentes para um 2023 ainda mais desafiador.<\/p>\n<p>SOBRE A PEUGEOT<\/p>\n<p>A PEUGEOT \u00e9 uma marca generalista premium, inventiva, com voca\u00e7\u00e3o mundial. Seus valores s\u00e3o a Eleg\u00e2ncia, a Excel\u00eancia e a Emo\u00e7\u00e3o. Presente em mais de 130 pa\u00edses, a Marca PEUGEOT vendeu mais de 1 200 000 ve\u00edculos no mundo em 2021. Para comemorar seus 211 anos, a PEUGEOT inaugurou sua nova identidade de marca, com um bras\u00e3o que afirma sua personalidade e atemporalidade. Com uma gama de ve\u00edculos particulares eletrificada em 80% e uma gama de ve\u00edculos utilit\u00e1rios eletrificada a 100%, a Marca PEUGEOT segue com sua transi\u00e7\u00e3o energ\u00e9tica. A Marca participar\u00e1, a partir de 2022, do Campeonato Mundial de Endurance (WEC) com seu Hypercar h\u00edbrido 9X8.<\/p>\n<p>SOBRE A STELLANTIS<\/p>\n<p>A Stellantis N.V. (NYSE \/ MTA \/ Euronext Paris: STLA) \u00e9 uma das principais fabricantes de autom\u00f3veis e fornecedoras de mobilidade do mundo. Nossas marcas hist\u00f3ricas e ic\u00f4nicas incorporam a paix\u00e3o de seus fundadores vision\u00e1rios e dos clientes em seus produtos e servi\u00e7os inovadores, incluindo Abarth, Alfa Romeo, Chrysler, Citro\u00ebn, Dodge, DS Automobiles, Fiat, Jeep\u00ae\ufe0f, Lancia, Maserati, Opel, Peugeot, Ram, Vauxhall, Free2move e Leasys. Impulsionados pela nossa diversidade, lideramos a forma como o mundo se move \u2013 aspiramos nos tornar a melhor empresa de mobilidade sustent\u00e1vel, n\u00e3o a maior, enquanto criamos valor para todos os acionistas e as comunidades nas quais operamos.<\/p>\n<\/div>\n","protected":false},"excerpt":{"rendered":"<p>A Marca do Le\u00e3o obteve prest\u00edgio nas maiores premia\u00e7\u00f5es na Am\u00e9rica do Sul: &#8211; No Chile o destaque ficou para o NOVO Peugeot 308; &#8211; J\u00e1 na Argentina o protagonista foi o Peugeot 3008 Hybrid4; &#8211; Entre as premia\u00e7\u00f5es brasileiras o cr\u00e9dito ficou para o NOVO PEUGEOT e-2008. A PEUGEOT teve um final de ano [&hellip;]<\/p>\n","protected":false},"author":2,"featured_media":6194,"comment_status":"open","ping_status":"open","sticky":false,"template":"","format":"standard","meta":{"_jetpack_memberships_contains_paid_content":false,"footnotes":""},"categories":[52,54,60],"tags":[6031],"featured_image_src":{"landsacpe":["https:\/\/revistaempresarios.net\/web\/wp-content\/uploads\/2023\/01\/PEUGEOT-fecha-2022-com-Reconhecimento-do-Setor-Automotivo-1140x445.jpg",1140,445,true],"list":["https:\/\/revistaempresarios.net\/web\/wp-content\/uploads\/2023\/01\/PEUGEOT-fecha-2022-com-Reconhecimento-do-Setor-Automotivo-463x348.jpg",463,348,true],"medium":["https:\/\/revistaempresarios.net\/web\/wp-content\/uploads\/2023\/01\/PEUGEOT-fecha-2022-com-Reconhecimento-do-Setor-Automotivo-300x200.jpg",300,200,true],"full":["https:\/\/revistaempresarios.net\/web\/wp-content\/uploads\/2023\/01\/PEUGEOT-fecha-2022-com-Reconhecimento-do-Setor-Automotivo.jpg",1220,815,false]},"jetpack_sharing_enabled":true,"jetpack_featured_media_url":"https:\/\/revistaempresarios.net\/web\/wp-content\/uploads\/2023\/01\/PEUGEOT-fecha-2022-com-Reconhecimento-do-Setor-Automotivo.jpg","jetpack-related-posts":[],"_links":{"self":[{"href":"https:\/\/revistaempresarios.net\/web\/wp-json\/wp\/v2\/posts\/6193"}],"collection":[{"href":"https:\/\/revistaempresarios.net\/web\/wp-json\/wp\/v2\/posts"}],"about":[{"href":"https:\/\/revistaempresarios.net\/web\/wp-json\/wp\/v2\/types\/post"}],"author":[{"embeddable":true,"href":"https:\/\/revistaempresarios.net\/web\/wp-json\/wp\/v2\/users\/2"}],"replies":[{"embeddable":true,"href":"https:\/\/revistaempresarios.net\/web\/wp-json\/wp\/v2\/comments?post=6193"}],"version-history":[{"count":1,"href":"https:\/\/revistaempresarios.net\/web\/wp-json\/wp\/v2\/posts\/6193\/revisions"}],"predecessor-version":[{"id":6195,"href":"https:\/\/revistaempresarios.net\/web\/wp-json\/wp\/v2\/posts\/6193\/revisions\/6195"}],"wp:featuredmedia":[{"embeddable":true,"href":"https:\/\/revistaempresarios.net\/web\/wp-json\/wp\/v2\/media\/6194"}],"wp:attachment":[{"href":"https:\/\/revistaempresarios.net\/web\/wp-json\/wp\/v2\/media?parent=6193"}],"wp:term":[{"taxonomy":"category","embeddable":true,"href":"https:\/\/revistaempresarios.net\/web\/wp-json\/wp\/v2\/categories?post=6193"},{"taxonomy":"post_tag","embeddable":true,"href":"https:\/\/revistaempresarios.net\/web\/wp-json\/wp\/v2\/tags?post=6193"}],"curies":[{"name":"wp","href":"https:\/\/api.w.org\/{rel}","templated":true}]}}