{"id":6168,"date":"2023-01-23T21:01:19","date_gmt":"2023-01-24T00:01:19","guid":{"rendered":"https:\/\/revistaempresarios.net\/web\/?p=6168"},"modified":"2023-01-23T21:01:19","modified_gmt":"2023-01-24T00:01:19","slug":"novo-salario-minimo-pode-chegar-no-dia-do-trabalho","status":"publish","type":"post","link":"https:\/\/revistaempresarios.net\/web\/2023\/01\/23\/novo-salario-minimo-pode-chegar-no-dia-do-trabalho\/","title":{"rendered":"Novo sal\u00e1rio m\u00ednimo pode chegar no Dia do Trabalho"},"content":{"rendered":"<div class=\"itemIntroText\">\n<p>Novo valor foi poss\u00edvel gra\u00e7as \u00e0s articula\u00e7\u00f5es do novo governo e \u00e0 aprova\u00e7\u00e3o da PEC da Transi\u00e7\u00e3o; propriet\u00e1rio da Jo\u00e3o Financeira avalia o impacto para os aposentados do INSS<\/p>\n<\/div>\n<div class=\"itemFullText\">\n<p>As articula\u00e7\u00f5es para garantir um aumento maior sempre s\u00e3o v\u00e1lidas, visto que o benefici\u00e1rio seja a classe favorecida<\/p>\n<p>O sal\u00e1rio m\u00ednimo brasileiro passou de R$ 1.212 em dezembro de 2022 para R$ 1.302 no dia 1\u00ba de janeiro, valor que deve permanecer at\u00e9 o dia 1\u00ba de maio, no Dia do Trabalho, quando o piso nacional pode passar para R$ 1.320. A informa\u00e7\u00e3o \u00e9 de integrantes do Executivo.<\/p>\n<p>O reajuste foi prometido pelo governo durante a transi\u00e7\u00e3o com base em um ganho real, mas foi adiado por conta do aumento do n\u00famero de aposentados do INSS (Instituto Nacional do Seguro Social) no fim do \u00faltimo ano, que ampliou os gastos com a Previd\u00eancia para al\u00e9m do esperado, conforme of\u00edcio enviado pelo ent\u00e3o presidente da Rep\u00fablica Jair Bolsonaro (PL) \u00e0 equipe de transi\u00e7\u00e3o no final de seu mandato.<\/p>\n<p>O valor atual (R$ 1.302) foi o prometido por Bolsonaro. J\u00e1 o valor de R$ 1.320, que deve entrar em vigor em maio, foi uma promessa de campanha do presidente eleito Lu\u00eds In\u00e1cio Lula da Silva (PT). Se aprovado, o novo m\u00ednimo representar\u00e1 um acr\u00e9scimo de 7,41% na compara\u00e7\u00e3o com o m\u00ednimo de 2022 &#8211; uma alta de 1,62% acima da infla\u00e7\u00e3o, que fechou o ano em 5,79%.<\/p>\n<p>No of\u00edcio enviado \u00e0 equipe de transi\u00e7\u00e3o, Bolsonaro sinalizou que o sal\u00e1rio m\u00ednimo levaria a um impacto extra de R$ 7,7 bilh\u00f5es nas contas p\u00fablicas. Al\u00e9m do crescimento no n\u00famero de benefici\u00e1rios da Previd\u00eancia Social, o documento apontou a alta real do sal\u00e1rio m\u00ednimo como um fator de aten\u00e7\u00e3o, uma vez que o n\u00famero calculado n\u00e3o estava previsto no Or\u00e7amento do novo ano.<\/p>\n<p>Os gastos do governo federal para este ano foram ampliados para R$ 168 bilh\u00f5es gra\u00e7as \u00e0 aprova\u00e7\u00e3o da \u201cPEC da Transi\u00e7\u00e3o\u201d, que garantiu um valor de R$ 6,8 bilh\u00f5es para o aumento real do m\u00ednimo. J\u00e1 o valor adicional de R$ 7,7 bilh\u00f5es \u00e9 acima desse n\u00famero e considera elementos como a chegada dos novos segurados do INSS e a corre\u00e7\u00e3o do sal\u00e1rio m\u00ednimo.<\/p>\n<p>Em m\u00e9dia, 56 milh\u00f5es de pessoas recebem o sal\u00e1rio m\u00ednimo. Destas, 24 milh\u00f5es s\u00e3o segurados da autarquia do Governo, segundo dados oficiais. Al\u00e9m de aumentar o valor de aposentadorias, o reajuste deve beneficiar quem recebe abono salarial do PIS\/Pasep e BPC\/LOAS (Benef\u00edcio de Presta\u00e7\u00e3o Continuada\/Lei Org\u00e2nica de Assist\u00eancia Social), dentre outros benef\u00edcios para 2023.<\/p>\n<p>Na an\u00e1lise de Jo\u00e3o Adolfo de Souza, propriet\u00e1rio da Jo\u00e3o Financeira &#8211; portal de not\u00edcias focado em informa\u00e7\u00f5es para benefici\u00e1rios do INSS -, o novo valor do sal\u00e1rio m\u00ednimo deve ajudar principalmente os benefici\u00e1rios a ter um valor extra para arcar com suas despesas.<\/p>\n<p>\u201cApesar do aumento, \u00e9 v\u00e1lido lembrar que a infla\u00e7\u00e3o corr\u00f3i o bolso dos aposentados e pensionistas durante todo o ano. Por isso, o acr\u00e9scimo n\u00e3o \u00e9 suficiente para cobrir todas as despesas, assim como o aumento dos pre\u00e7os dos produtos necess\u00e1rios, que chegaram a mais de 30% de alta\u201d, afirma.<\/p>\n<p>Jo\u00e3o Adolfo v\u00ea de forma positiva as articula\u00e7\u00f5es pol\u00edticas que ocorreram durante a transi\u00e7\u00e3o de governos que permitiu chegar ao novo valor do m\u00ednimo: \u201cO governo busca cumprir sua promessa de definir o sal\u00e1rio em R$ 1.320, com o aumento real esperado e prometido durante a campanha. Acredito que as articula\u00e7\u00f5es para garantir um aumento maior sempre s\u00e3o v\u00e1lidas, visto que o benefici\u00e1rio seja a classe favorecida\u201d.<\/p>\n<p>O propriet\u00e1rio da Jo\u00e3o Financeira destaca que o novo valor deve gerar um impacto nos cofres p\u00fablicos por conta dos reajustes de aposentadorias e pens\u00f5es do INSS. \u201cApesar disso, \u00e9 necess\u00e1rio lembrar que quem contribuiu a vida toda com o INSS merece receber um valor justo pela sua aposentadoria\u201d, conclui Souza.<\/p>\n<\/div>\n","protected":false},"excerpt":{"rendered":"<p>Novo valor foi poss\u00edvel gra\u00e7as \u00e0s articula\u00e7\u00f5es do novo governo e \u00e0 aprova\u00e7\u00e3o da PEC da Transi\u00e7\u00e3o; propriet\u00e1rio da Jo\u00e3o Financeira avalia o impacto para os aposentados do INSS As articula\u00e7\u00f5es para garantir um aumento maior sempre s\u00e3o v\u00e1lidas, visto que o benefici\u00e1rio seja a classe favorecida O sal\u00e1rio m\u00ednimo brasileiro passou de R$ 1.212 [&hellip;]<\/p>\n","protected":false},"author":2,"featured_media":6169,"comment_status":"open","ping_status":"open","sticky":false,"template":"","format":"standard","meta":{"_jetpack_memberships_contains_paid_content":false,"footnotes":""},"categories":[54,60],"tags":[6019],"featured_image_src":{"landsacpe":["https:\/\/revistaempresarios.net\/web\/wp-content\/uploads\/2023\/01\/57ef379bb66a75e4c943ab6dbb8a68a5_XL-1140x445.jpg",1140,445,true],"list":["https:\/\/revistaempresarios.net\/web\/wp-content\/uploads\/2023\/01\/57ef379bb66a75e4c943ab6dbb8a68a5_XL-463x348.jpg",463,348,true],"medium":["https:\/\/revistaempresarios.net\/web\/wp-content\/uploads\/2023\/01\/57ef379bb66a75e4c943ab6dbb8a68a5_XL-300x169.jpg",300,169,true],"full":["https:\/\/revistaempresarios.net\/web\/wp-content\/uploads\/2023\/01\/57ef379bb66a75e4c943ab6dbb8a68a5_XL.jpg",1220,686,false]},"jetpack_sharing_enabled":true,"jetpack_featured_media_url":"https:\/\/revistaempresarios.net\/web\/wp-content\/uploads\/2023\/01\/57ef379bb66a75e4c943ab6dbb8a68a5_XL.jpg","jetpack-related-posts":[],"_links":{"self":[{"href":"https:\/\/revistaempresarios.net\/web\/wp-json\/wp\/v2\/posts\/6168"}],"collection":[{"href":"https:\/\/revistaempresarios.net\/web\/wp-json\/wp\/v2\/posts"}],"about":[{"href":"https:\/\/revistaempresarios.net\/web\/wp-json\/wp\/v2\/types\/post"}],"author":[{"embeddable":true,"href":"https:\/\/revistaempresarios.net\/web\/wp-json\/wp\/v2\/users\/2"}],"replies":[{"embeddable":true,"href":"https:\/\/revistaempresarios.net\/web\/wp-json\/wp\/v2\/comments?post=6168"}],"version-history":[{"count":1,"href":"https:\/\/revistaempresarios.net\/web\/wp-json\/wp\/v2\/posts\/6168\/revisions"}],"predecessor-version":[{"id":6170,"href":"https:\/\/revistaempresarios.net\/web\/wp-json\/wp\/v2\/posts\/6168\/revisions\/6170"}],"wp:featuredmedia":[{"embeddable":true,"href":"https:\/\/revistaempresarios.net\/web\/wp-json\/wp\/v2\/media\/6169"}],"wp:attachment":[{"href":"https:\/\/revistaempresarios.net\/web\/wp-json\/wp\/v2\/media?parent=6168"}],"wp:term":[{"taxonomy":"category","embeddable":true,"href":"https:\/\/revistaempresarios.net\/web\/wp-json\/wp\/v2\/categories?post=6168"},{"taxonomy":"post_tag","embeddable":true,"href":"https:\/\/revistaempresarios.net\/web\/wp-json\/wp\/v2\/tags?post=6168"}],"curies":[{"name":"wp","href":"https:\/\/api.w.org\/{rel}","templated":true}]}}