{"id":6094,"date":"2023-01-19T07:03:03","date_gmt":"2023-01-19T10:03:03","guid":{"rendered":"https:\/\/revistaempresarios.net\/web\/?p=6094"},"modified":"2023-01-19T07:04:12","modified_gmt":"2023-01-19T10:04:12","slug":"salvador-destination-quer-atrair-40-eventos-para-a-cidade-em-2023-principalmente-do-segmento-medico-cientifico","status":"publish","type":"post","link":"https:\/\/revistaempresarios.net\/web\/2023\/01\/19\/salvador-destination-quer-atrair-40-eventos-para-a-cidade-em-2023-principalmente-do-segmento-medico-cientifico\/","title":{"rendered":"Salvador Destination quer atrair 40 eventos para a cidade em 2023, principalmente do segmento m\u00e9dico-cient\u00edfico"},"content":{"rendered":"<p class=\"v1MsoNormal\">Respons\u00e1vel por fomentar a realiza\u00e7\u00e3o de eventos corporativos na capital baiana, a Salvador Destination se prepara para ampliar seu trabalho de olho no segmento m\u00e9dico-cient\u00edfico. O objetivo \u00e9 movimentar a cadeia produtiva do turismo, que engloba 50 segmentos da economia. Eventos m\u00e9dico-cient\u00edficos se justificam por serem os que mais acontecem ao longo do ano, a exemplo de congressos, jornadas, simp\u00f3sios e semin\u00e1rios.<\/p>\n<p class=\"v1MsoNormal\">Fundada em 2014, a Salvador Destination surgiu da necessidade de combater a sazonalidade do destino tur\u00edstico de baixa esta\u00e7\u00e3o, atraindo um p\u00fablico que gasta, em m\u00e9dia, quatro vezes mais que o visitante de lazer, segundo pesquisa da Funda\u00e7\u00e3o Get\u00falio Vargas (FGV).<\/p>\n<p class=\"v1MsoNormal\">No per\u00edodo de 2019 e 2022, a Salvador Destination, com apoio da Prefeitura Municipal de Salvador, atrav\u00e9s da Secretaria de Cultura e Turismo (Secult), foi respons\u00e1vel por confirmar 51 eventos para a cidade, entre apoiados e captados. S\u00f3 em 2022, foram 24 eventos confirmados. &#8220;A expectativa para este ano \u00e9 atrair 40 eventos&#8221;, adianta Glicerio Lemos, presidente da Salvador Destination. &#8220;Planejamos, para este ano, diversas a\u00e7\u00f5es que deem mais visibilidade a Salvador. Al\u00e9m de\u00a0<i>roadshows<\/i>\u00a0nos principais destinos de turismo de eventos, queremos trazer entidades que tradicionalmente promovem congressos para que conhe\u00e7am a infraestrutura da capital baiana e decidam pela cidade para a realiza\u00e7\u00e3o dos seus eventos&#8221;, frisa Lemos.<\/p>\n<p class=\"v1MsoNormal\">A entidade tamb\u00e9m trabalha para fazer com que Salvador volte a ocupar a terceira posi\u00e7\u00e3o no pa\u00eds na realiza\u00e7\u00e3o de eventos internacionais. Atualmente, a capital baiana ocupa o 5\u00ba lugar, segundo a ICCA (International Congress and Conventions Association). &#8220;Seis anos sem um centro de conven\u00e7\u00f5es fez com que Salvador sa\u00edsse do roteiro de grandes eventos, mas agora a cidade est\u00e1 cada vez mais competitiva no segmento de eventos corporativos&#8221;, assinala Lemos.<\/p>\n","protected":false},"excerpt":{"rendered":"<p>Respons\u00e1vel por fomentar a realiza\u00e7\u00e3o de eventos corporativos na capital baiana, a Salvador Destination se prepara para ampliar seu trabalho de olho no segmento m\u00e9dico-cient\u00edfico. O objetivo \u00e9 movimentar a cadeia produtiva do turismo, que engloba 50 segmentos da economia. Eventos m\u00e9dico-cient\u00edficos se justificam por serem os que mais acontecem ao longo do ano, a [&hellip;]<\/p>\n","protected":false},"author":2,"featured_media":6095,"comment_status":"open","ping_status":"open","sticky":false,"template":"","format":"standard","meta":{"_jetpack_memberships_contains_paid_content":false,"footnotes":""},"categories":[58,60],"tags":[],"featured_image_src":{"landsacpe":["https:\/\/revistaempresarios.net\/web\/wp-content\/uploads\/2023\/01\/Glicerio-Lemos-pres.-da-Salvador-Destination-768x445.jpg",768,445,true],"list":["https:\/\/revistaempresarios.net\/web\/wp-content\/uploads\/2023\/01\/Glicerio-Lemos-pres.-da-Salvador-Destination-463x348.jpg",463,348,true],"medium":["https:\/\/revistaempresarios.net\/web\/wp-content\/uploads\/2023\/01\/Glicerio-Lemos-pres.-da-Salvador-Destination-300x259.jpg",300,259,true],"full":["https:\/\/revistaempresarios.net\/web\/wp-content\/uploads\/2023\/01\/Glicerio-Lemos-pres.-da-Salvador-Destination.jpg",768,662,false]},"jetpack_sharing_enabled":true,"jetpack_featured_media_url":"https:\/\/revistaempresarios.net\/web\/wp-content\/uploads\/2023\/01\/Glicerio-Lemos-pres.-da-Salvador-Destination.jpg","jetpack-related-posts":[],"_links":{"self":[{"href":"https:\/\/revistaempresarios.net\/web\/wp-json\/wp\/v2\/posts\/6094"}],"collection":[{"href":"https:\/\/revistaempresarios.net\/web\/wp-json\/wp\/v2\/posts"}],"about":[{"href":"https:\/\/revistaempresarios.net\/web\/wp-json\/wp\/v2\/types\/post"}],"author":[{"embeddable":true,"href":"https:\/\/revistaempresarios.net\/web\/wp-json\/wp\/v2\/users\/2"}],"replies":[{"embeddable":true,"href":"https:\/\/revistaempresarios.net\/web\/wp-json\/wp\/v2\/comments?post=6094"}],"version-history":[{"count":2,"href":"https:\/\/revistaempresarios.net\/web\/wp-json\/wp\/v2\/posts\/6094\/revisions"}],"predecessor-version":[{"id":6097,"href":"https:\/\/revistaempresarios.net\/web\/wp-json\/wp\/v2\/posts\/6094\/revisions\/6097"}],"wp:featuredmedia":[{"embeddable":true,"href":"https:\/\/revistaempresarios.net\/web\/wp-json\/wp\/v2\/media\/6095"}],"wp:attachment":[{"href":"https:\/\/revistaempresarios.net\/web\/wp-json\/wp\/v2\/media?parent=6094"}],"wp:term":[{"taxonomy":"category","embeddable":true,"href":"https:\/\/revistaempresarios.net\/web\/wp-json\/wp\/v2\/categories?post=6094"},{"taxonomy":"post_tag","embeddable":true,"href":"https:\/\/revistaempresarios.net\/web\/wp-json\/wp\/v2\/tags?post=6094"}],"curies":[{"name":"wp","href":"https:\/\/api.w.org\/{rel}","templated":true}]}}