{"id":5960,"date":"2023-01-12T18:23:16","date_gmt":"2023-01-12T21:23:16","guid":{"rendered":"https:\/\/revistaempresarios.net\/web\/?p=5960"},"modified":"2023-01-12T18:23:16","modified_gmt":"2023-01-12T21:23:16","slug":"veja-o-que-vai-mudar-no-seguro-de-transportes","status":"publish","type":"post","link":"https:\/\/revistaempresarios.net\/web\/2023\/01\/12\/veja-o-que-vai-mudar-no-seguro-de-transportes\/","title":{"rendered":"Veja o que vai mudar no seguro de transportes"},"content":{"rendered":"<div class=\"itemBody\">\n<div class=\"itemIntroText\">\n<p>A Susep concluiu consulta p\u00fablica e vai publicar novas regras para o seguro de transportes, atualmente regulamentado pela Circular 354\/07.<\/p>\n<\/div>\n<div class=\"itemFullText\">\n<p>Al\u00e9m do fim dos planos padronizados, o que j\u00e1 vem sendo posto em pr\u00e1tica em outros ramos, a futura circular ir\u00e1 estabelecer, por exemplo, a liberdade para que as seguradoras possam criar e oferecer novas coberturas aos Corretores de Seguros e clientes. Contudo, tais coberturas devem ser relacionadas a preju\u00edzos causados a transportes de bens ou mercadorias de propriedade ou interesse do segurado.<\/p>\n<p>Haver\u00e1 ainda a exclus\u00e3o do prazo de tr\u00eas dias de consulta pr\u00e9via e por escrito da seguradora para aceita\u00e7\u00e3o de valores superiores de Limite M\u00e1ximo de Garantia (LMG).<\/p>\n<p>Neste caso, a inten\u00e7\u00e3o \u00e9 permitir que as partes definam consensualmente um prazo mais adequado ao cen\u00e1rio atual, impactado pela digitaliza\u00e7\u00e3o e virtualiza\u00e7\u00e3o das comunica\u00e7\u00f5es.<\/p>\n<p>A futura norma tamb\u00e9m vai flexibilizar a previs\u00e3o sobre o t\u00e9rmino da vig\u00eancia do contrato. Com isso, seguradoras, Corretores de Seguros e clientes poder\u00e3o alinhar um prazo mais adequado \u00e0 realidade da opera\u00e7\u00e3o.<\/p>\n<p>A circular poder\u00e1 listar ainda coberturas m\u00ednimas nos clausulados, inclusive nos produtos contratados para o transporte de cargas especiais (animais vivos, \u00f3leo a granel, carv\u00e3o, madeiras, borracha natural, etc).<\/p>\n<\/div>\n<\/div>\n","protected":false},"excerpt":{"rendered":"<p>A Susep concluiu consulta p\u00fablica e vai publicar novas regras para o seguro de transportes, atualmente regulamentado pela Circular 354\/07. Al\u00e9m do fim dos planos padronizados, o que j\u00e1 vem sendo posto em pr\u00e1tica em outros ramos, a futura circular ir\u00e1 estabelecer, por exemplo, a liberdade para que as seguradoras possam criar e oferecer novas [&hellip;]<\/p>\n","protected":false},"author":2,"featured_media":5961,"comment_status":"open","ping_status":"open","sticky":false,"template":"","format":"standard","meta":{"_jetpack_memberships_contains_paid_content":false,"footnotes":""},"categories":[1],"tags":[5914],"featured_image_src":{"landsacpe":["https:\/\/revistaempresarios.net\/web\/wp-content\/uploads\/2023\/01\/Veja-o-que-vai-mudar-no-seguro-de-transportes-1140x445.jpg",1140,445,true],"list":["https:\/\/revistaempresarios.net\/web\/wp-content\/uploads\/2023\/01\/Veja-o-que-vai-mudar-no-seguro-de-transportes-463x348.jpg",463,348,true],"medium":["https:\/\/revistaempresarios.net\/web\/wp-content\/uploads\/2023\/01\/Veja-o-que-vai-mudar-no-seguro-de-transportes-300x225.jpg",300,225,true],"full":["https:\/\/revistaempresarios.net\/web\/wp-content\/uploads\/2023\/01\/Veja-o-que-vai-mudar-no-seguro-de-transportes.jpg",1220,915,false]},"jetpack_sharing_enabled":true,"jetpack_featured_media_url":"https:\/\/revistaempresarios.net\/web\/wp-content\/uploads\/2023\/01\/Veja-o-que-vai-mudar-no-seguro-de-transportes.jpg","jetpack-related-posts":[],"_links":{"self":[{"href":"https:\/\/revistaempresarios.net\/web\/wp-json\/wp\/v2\/posts\/5960"}],"collection":[{"href":"https:\/\/revistaempresarios.net\/web\/wp-json\/wp\/v2\/posts"}],"about":[{"href":"https:\/\/revistaempresarios.net\/web\/wp-json\/wp\/v2\/types\/post"}],"author":[{"embeddable":true,"href":"https:\/\/revistaempresarios.net\/web\/wp-json\/wp\/v2\/users\/2"}],"replies":[{"embeddable":true,"href":"https:\/\/revistaempresarios.net\/web\/wp-json\/wp\/v2\/comments?post=5960"}],"version-history":[{"count":1,"href":"https:\/\/revistaempresarios.net\/web\/wp-json\/wp\/v2\/posts\/5960\/revisions"}],"predecessor-version":[{"id":5962,"href":"https:\/\/revistaempresarios.net\/web\/wp-json\/wp\/v2\/posts\/5960\/revisions\/5962"}],"wp:featuredmedia":[{"embeddable":true,"href":"https:\/\/revistaempresarios.net\/web\/wp-json\/wp\/v2\/media\/5961"}],"wp:attachment":[{"href":"https:\/\/revistaempresarios.net\/web\/wp-json\/wp\/v2\/media?parent=5960"}],"wp:term":[{"taxonomy":"category","embeddable":true,"href":"https:\/\/revistaempresarios.net\/web\/wp-json\/wp\/v2\/categories?post=5960"},{"taxonomy":"post_tag","embeddable":true,"href":"https:\/\/revistaempresarios.net\/web\/wp-json\/wp\/v2\/tags?post=5960"}],"curies":[{"name":"wp","href":"https:\/\/api.w.org\/{rel}","templated":true}]}}