{"id":5920,"date":"2023-01-11T12:35:13","date_gmt":"2023-01-11T15:35:13","guid":{"rendered":"https:\/\/revistaempresarios.net\/web\/?p=5920"},"modified":"2023-01-11T12:35:13","modified_gmt":"2023-01-11T15:35:13","slug":"setor-de-eventos-tem-retomada-com-numeros-expressivos","status":"publish","type":"post","link":"https:\/\/revistaempresarios.net\/web\/2023\/01\/11\/setor-de-eventos-tem-retomada-com-numeros-expressivos\/","title":{"rendered":"Setor de eventos tem retomada com n\u00fameros expressivos"},"content":{"rendered":"<div class=\"itemBody\">\n<div class=\"itemIntroText\">\n<p>Balan\u00e7o positivo do ano comprova a recupera\u00e7\u00e3o do segmento e Florian\u00f3polis est\u00e1 entre os destinos mais procurados<\/p>\n<\/div>\n<div class=\"itemFullText\">\n<p>Em franca recupera\u00e7\u00e3o, o setor de eventos no Brasil fechou o ano passado com n\u00fameros expressivos. De acordo com a Associa\u00e7\u00e3o Brasileira de Promotores de Eventos (ABRAPE), em todo o Pa\u00eds foram realizados mais 590 mil eventos, o que oportunizou a oferta de mais de 15 mil vagas de emprego nas cinco atividades do core business. N\u00fameros que comprovam o processo de retomada do segmento e devem se consolidar ainda mais em 2023.<\/p>\n<p>Entre os locais mais procurados, Florian\u00f3polis \u00e9 inegavelmente um dos principais destinos do turismo de eventos do Brasil. Mais do que belezas naturais, a capital catarinense tamb\u00e9m disponibiliza uma s\u00e9rie de atrativos, onde \u00e9 poss\u00edvel passar bons momentos. Como bares, museus e teatros, que trazem muito da cultura local e hist\u00f3ria a\u00e7oriana.<\/p>\n<p>Para o empres\u00e1rio e presidente do Destino Floripa, Lucas Schweitzer, este ano ser\u00e1 de continuidade da retomada, de uma forma mais organizada e com planejamento. Sendo que o mercado vem pautado, principalmente, por tend\u00eancias como relev\u00e2ncia e a import\u00e2ncia da realiza\u00e7\u00e3o de eventos que gerem a conex\u00e3o das pessoas em momentos mais planejados.<\/p>\n<p>\u201cEm 2022 ainda tivemos nos primeiros meses um per\u00edodo de instabilidade, mas que foi contornada a partir de mar\u00e7o. Com isso, tivemos uma sobrecarga de eventos, com uma retomada mais forte que tamb\u00e9m refletiu na recupera\u00e7\u00e3o de m\u00e3o de obra. Dessa forma, acreditamos numa crescente do setor de eventos, que este ano ainda vem mais impactado pelo home office. Ou seja, as empresas precisar\u00e3o ainda mais de espa\u00e7o e infraestrutura para encontros de integra\u00e7\u00e3o e, at\u00e9 mesmo, prospec\u00e7\u00e3o de clientes.\u201d, avalia Schweitzer.<\/p>\n<p>Expectativa refor\u00e7ada pelo empres\u00e1rio Adriano Palma, CEO do Faial Prime Su\u00edtes, que tem comemorado o bom desempenho do setor nos \u00faltimos meses. \u201cA ocupa\u00e7\u00e3o hoteleira tem registrado bons \u00edndices de ocupa\u00e7\u00e3o, sendo que com a temporada de ver\u00e3o a expectativa \u00e9 que cres\u00e7a ainda mais. Atualmente o segmento tem conseguido bater os \u00edndices at\u00e9 de 2019, o que desperta o otimismo dos empres\u00e1rios do ramo. E muito disso \u00e9 reflexo tamb\u00e9m da retomada dos eventos, principalmente dos empresariais e corporativos\u201d, pontua.<\/p>\n<p>Os eventos empresariais est\u00e3o cada vez mais voltados para as experi\u00eancias oferecidas aos participantes. E o Faial Prime Suites, hotel localizado no cora\u00e7\u00e3o da cidade, tem se especializado na realiza\u00e7\u00e3o deste tipo de recep\u00e7\u00e3o, que pode ser tanto de pequeno quanto m\u00e9dio porte.<\/p>\n<p>S\u00e3o pacotes completos, que atendem tanto reuni\u00f5es corporativas quanto comemora\u00e7\u00f5es particulares. E podem incluir, al\u00e9m da loca\u00e7\u00e3o da sala, servi\u00e7os completos de buffet, bar de drinques, decora\u00e7\u00e3o do espa\u00e7o e, at\u00e9 mesmo, a hospedagem dos convidados. Tudo de maneira personalizada, conforme as necessidades do cliente.<\/p>\n<p>Diferenciais do empreendimento<\/p>\n<p>Localizado no centro de Florian\u00f3polis, o Faial est\u00e1 em um dos pontos mais privilegiados e estrat\u00e9gicos para quem deseja mobilidade para circular na cidade. E isso vale tanto para quem vem curtir a alta temporada em fam\u00edlia, e quer conhecer de norte a sul a ilha, quanto para quem vem a neg\u00f3cios. Al\u00e9m disso, o hotel est\u00e1 a poucos metros de pontos tur\u00edsticos como a Ponte Herc\u00edlio Luz, a Beira Mar, o Largo da Alf\u00e2ndega e o Mercado P\u00fablico.<\/p>\n<p>Atualmente o hotel opera com seis espa\u00e7os, que comportam de pequenas reuni\u00f5es at\u00e9 grupos de 200 pessoas. Podendo estes encontros serem tamb\u00e9m digitais ou h\u00edbridos. Al\u00e9m disso, como diferencial, o empreendimento tem o sal\u00e3o de eventos no rooftop do hotel. O espa\u00e7o foi totalmente reformulado com decora\u00e7\u00e3o e tratamento ac\u00fastico, al\u00e9m de oferecer umas das mais encantadoras vistas da cidade, para as pontes e beira-mar norte.<\/p>\n<p>De acordo com Palma, a proposta \u00e9 disponibilizar, tanto para a popula\u00e7\u00e3o local, quanto para quem apenas passa pela cidade, uma experi\u00eancia de excel\u00eancia em turismo e eventos. \u201cPara melhor atender a quem busca um parceiro na hora de realizar o seu evento, o hotel tem passado por uma s\u00e9rie de reformas e de amplia\u00e7\u00e3o na infraestrutura. Al\u00e9m da loca\u00e7\u00e3o da sala, tamb\u00e9m oferecemos pacotes completos com servi\u00e7os, em que o anfitri\u00e3o n\u00e3o precisar\u00e1 se preocupar com nada, do in\u00edcio ao fim\u201d, explica.<\/p>\n<\/div>\n<\/div>\n<div class=\"e-mailit_toolbox circular  size48\">\n<div class=\"e-mailit_btn_Facebook\"><\/div>\n<div class=\"e-mailit_btn_LinkedIn\"><\/div>\n<div class=\"e-mailit_btn_Twitter\"><\/div>\n<div class=\"e-mailit_btn_Pinterest\"><\/div>\n<div class=\"e-mailit_btn_WhatsApp\"><\/div>\n<div class=\"e-mailit_btn_Send_via_Email\"><\/div>\n<div class=\"e-mailit_btn_EMAILiT\"><\/div>\n<\/div>\n","protected":false},"excerpt":{"rendered":"<p>Balan\u00e7o positivo do ano comprova a recupera\u00e7\u00e3o do segmento e Florian\u00f3polis est\u00e1 entre os destinos mais procurados Em franca recupera\u00e7\u00e3o, o setor de eventos no Brasil fechou o ano passado com n\u00fameros expressivos. De acordo com a Associa\u00e7\u00e3o Brasileira de Promotores de Eventos (ABRAPE), em todo o Pa\u00eds foram realizados mais 590 mil eventos, o [&hellip;]<\/p>\n","protected":false},"author":2,"featured_media":5921,"comment_status":"open","ping_status":"open","sticky":false,"template":"","format":"standard","meta":{"_jetpack_memberships_contains_paid_content":false,"footnotes":""},"categories":[54,57,58,60,63],"tags":[5894],"featured_image_src":{"landsacpe":["https:\/\/revistaempresarios.net\/web\/wp-content\/uploads\/2023\/01\/67cf0fc10de663a070e1b92633cd53c5_XL-1140x445.jpg",1140,445,true],"list":["https:\/\/revistaempresarios.net\/web\/wp-content\/uploads\/2023\/01\/67cf0fc10de663a070e1b92633cd53c5_XL-463x348.jpg",463,348,true],"medium":["https:\/\/revistaempresarios.net\/web\/wp-content\/uploads\/2023\/01\/67cf0fc10de663a070e1b92633cd53c5_XL-300x169.jpg",300,169,true],"full":["https:\/\/revistaempresarios.net\/web\/wp-content\/uploads\/2023\/01\/67cf0fc10de663a070e1b92633cd53c5_XL.jpg",1220,686,false]},"jetpack_sharing_enabled":true,"jetpack_featured_media_url":"https:\/\/revistaempresarios.net\/web\/wp-content\/uploads\/2023\/01\/67cf0fc10de663a070e1b92633cd53c5_XL.jpg","jetpack-related-posts":[],"_links":{"self":[{"href":"https:\/\/revistaempresarios.net\/web\/wp-json\/wp\/v2\/posts\/5920"}],"collection":[{"href":"https:\/\/revistaempresarios.net\/web\/wp-json\/wp\/v2\/posts"}],"about":[{"href":"https:\/\/revistaempresarios.net\/web\/wp-json\/wp\/v2\/types\/post"}],"author":[{"embeddable":true,"href":"https:\/\/revistaempresarios.net\/web\/wp-json\/wp\/v2\/users\/2"}],"replies":[{"embeddable":true,"href":"https:\/\/revistaempresarios.net\/web\/wp-json\/wp\/v2\/comments?post=5920"}],"version-history":[{"count":1,"href":"https:\/\/revistaempresarios.net\/web\/wp-json\/wp\/v2\/posts\/5920\/revisions"}],"predecessor-version":[{"id":5922,"href":"https:\/\/revistaempresarios.net\/web\/wp-json\/wp\/v2\/posts\/5920\/revisions\/5922"}],"wp:featuredmedia":[{"embeddable":true,"href":"https:\/\/revistaempresarios.net\/web\/wp-json\/wp\/v2\/media\/5921"}],"wp:attachment":[{"href":"https:\/\/revistaempresarios.net\/web\/wp-json\/wp\/v2\/media?parent=5920"}],"wp:term":[{"taxonomy":"category","embeddable":true,"href":"https:\/\/revistaempresarios.net\/web\/wp-json\/wp\/v2\/categories?post=5920"},{"taxonomy":"post_tag","embeddable":true,"href":"https:\/\/revistaempresarios.net\/web\/wp-json\/wp\/v2\/tags?post=5920"}],"curies":[{"name":"wp","href":"https:\/\/api.w.org\/{rel}","templated":true}]}}