{"id":5872,"date":"2023-01-09T18:44:17","date_gmt":"2023-01-09T21:44:17","guid":{"rendered":"https:\/\/revistaempresarios.net\/web\/?p=5872"},"modified":"2023-01-09T18:44:17","modified_gmt":"2023-01-09T21:44:17","slug":"saiba-o-que-considerar-ao-estipular-o-preco-de-produtos","status":"publish","type":"post","link":"https:\/\/revistaempresarios.net\/web\/2023\/01\/09\/saiba-o-que-considerar-ao-estipular-o-preco-de-produtos\/","title":{"rendered":"Saiba o que considerar ao estipular o pre\u00e7o de produtos"},"content":{"rendered":"<div>\n<p><i>F\u00e1bio Ieger, CEO da iCertus, revela os principais pontos a serem observados ao precificar mercadorias<\/i><\/p>\n<div>\n<p>Precificar os produtos de forma correta \u00e9 um dos passos mais importantes para garantir a sa\u00fade financeira de uma empresa. Mas o processo por tr\u00e1s desse c\u00e1lculo ainda \u00e9 nebuloso para alguns empres\u00e1rios, fazendo com que pontos que devem ser levados em considera\u00e7\u00e3o sejam deixados de lado ao calcular o pre\u00e7o de venda das mercadorias. \u00c9 um fato que o pre\u00e7o de um produto influencia diretamente em seu volume de vendas, mas isso n\u00e3o significa que se deva ofertar tudo a um pre\u00e7o irris\u00f3rio.<\/p>\n<p>F\u00e1bio Ieger, CEO da iCertus,\u00a0<em>startup<\/em>\u00a0de Curitiba (PR) que oferece uma s\u00e9rie de servi\u00e7os voltados para a gest\u00e3o de micro e pequenas ind\u00fastrias, com destaque na \u00e1rea de cr\u00e9dito, revela pontos primordiais para uma precifica\u00e7\u00e3o correta. \u201cA precifica\u00e7\u00e3o de produtos \u00e9 uma das decis\u00f5es mais importantes relacionadas ao funcionamento de uma empresa, e tamb\u00e9m \u00e9 um dos maiores desafios. Para definir corretamente, \u00e9 preciso considerar os custos de produ\u00e7\u00e3o, a competitividade de mercado e pensar sobre qual \u00e9 a margem de lucro que deseja trabalhar. \u00c9 necess\u00e1rio\u00a0 encontrar o pre\u00e7o correto, estabelecendo um equil\u00edbrio entre competitividade e margem de lucro\u201d, pontua.<\/p>\n<p>O empres\u00e1rio alerta sobre a import\u00e2ncia de levar todos os custos operacionais em considera\u00e7\u00e3o na hora de precificar um produto. \u201cExistem dois tipos de custos que devemos prestar aten\u00e7\u00e3o. O custo vari\u00e1vel est\u00e1 diretamente ligado ao volume de vendas de um determinado produto, por isso, aumenta e diminui conforme a demanda, como mercadorias, embalagens e impostos. Por outro lado, existem os custos fixos, que corresponde a tudo aquilo que ser\u00e1 cobrado independentemente da venda, como o aluguel do estabelecimento,\u00a0 energia, \u00e1gua e sal\u00e1rios\u201d, explica.<\/p>\n<p>De acordo com Ieger, \u00e9 importante tamb\u00e9m presta aten\u00e7\u00e3o no movimento dos concorrentes. \u201cO pre\u00e7o deve estar compat\u00edvel com os concorrentes diretos e alinhado ao mercado de consumo. Entretanto, o pre\u00e7o de venda de um concorrente pode ter passado por processos diferentes, como melhores condi\u00e7\u00f5es junto aos fornecedores. Por isso, avalie todo o processo antes de estipular um valor\u201d, conclui o CEO.<\/p>\n<p><strong>F\u00e1bio Ieger<\/strong>\u00a0\u00e9 empreendedor e apaixonado por tecnologia. Administrador de empresas, sabe o quanto \u00e9 desafiador o dia a dia para manter um neg\u00f3cio em atividade em um pa\u00eds com institui\u00e7\u00f5es financeiras que em nada ajudam o pequeno e m\u00e9dio empres\u00e1rio. Para levar solu\u00e7\u00f5es sustent\u00e1veis e realistas a esse p\u00fablico, fundou a\u00a0<em>fintech<\/em>\u00a0iCertus, que utiliza dados do seu software de gest\u00e3o para conceder empr\u00e9stimo e capital de giro para os que mais necessitam de ajuda, e esbarram em an\u00e1lises injustas. Para mais informa\u00e7\u00f5es, acesse\u00a0<a href=\"https:\/\/www.icertus.com.br\/\" target=\"_blank\" rel=\"noopener noreferrer\">https:\/\/www.icertus.com.br\/<\/a><\/p>\n<p><strong>iCertus<\/strong><\/p>\n<p>O iCertus proporciona ao usu\u00e1rio uma experi\u00eancia agrad\u00e1vel e intuitiva, utilizando \u00edcones de f\u00e1cil compreens\u00e3o, com telas simplificadas e com todas as informa\u00e7\u00f5es em um s\u00f3 lugar. Com relat\u00f3rios de f\u00e1cil compreens\u00e3o, auxilia na tomada de decis\u00f5es. Agregado a isso, diversos servi\u00e7os financeiros, como antecipa\u00e7\u00e3o de receb\u00edveis e empr\u00e9stimos de capital de giro. A cada dia, a empresa inova e inclui a intelig\u00eancia artificial para ajudar cada vez mais a pequena ind\u00fastria. Recebeu investimentos da Bossa Nova, de Jo\u00e3o Kepler e Pierre Schurmann; e da IVP, de Fabricio Bloisi e Bruno Rondani e Jo\u00e3o Bezerra, ex-CTO do Banco Ita\u00fa; Poli Angels, de Rozallah Santoro, Marco Poli, entre outros, al\u00e9m de passar pela acelera\u00e7\u00e3o da Baita Aceleradora, na Unicamp. Para mais informa\u00e7\u00f5es, acesse\u00a0<a href=\"https:\/\/www.icertus.com.br\/\" target=\"_blank\" rel=\"noopener noreferrer\">https:\/\/www.icertus.com.br\/<\/a>\u00a0ou pelo ig @icertus<\/p>\n<\/div>\n<\/div>\n","protected":false},"excerpt":{"rendered":"<p>F\u00e1bio Ieger, CEO da iCertus, revela os principais pontos a serem observados ao precificar mercadorias Precificar os produtos de forma correta \u00e9 um dos passos mais importantes para garantir a sa\u00fade financeira de uma empresa. Mas o processo por tr\u00e1s desse c\u00e1lculo ainda \u00e9 nebuloso para alguns empres\u00e1rios, fazendo com que pontos que devem ser [&hellip;]<\/p>\n","protected":false},"author":2,"featured_media":5873,"comment_status":"open","ping_status":"open","sticky":false,"template":"","format":"standard","meta":{"_jetpack_memberships_contains_paid_content":false,"footnotes":""},"categories":[51],"tags":[5875],"featured_image_src":{"landsacpe":["https:\/\/revistaempresarios.net\/web\/wp-content\/uploads\/2023\/01\/Fabio-Ieger-CEO-da-iCertus-1140x445.jpg",1140,445,true],"list":["https:\/\/revistaempresarios.net\/web\/wp-content\/uploads\/2023\/01\/Fabio-Ieger-CEO-da-iCertus-463x348.jpg",463,348,true],"medium":["https:\/\/revistaempresarios.net\/web\/wp-content\/uploads\/2023\/01\/Fabio-Ieger-CEO-da-iCertus-300x300.jpg",300,300,true],"full":["https:\/\/revistaempresarios.net\/web\/wp-content\/uploads\/2023\/01\/Fabio-Ieger-CEO-da-iCertus.jpg",1380,1380,false]},"jetpack_sharing_enabled":true,"jetpack_featured_media_url":"https:\/\/revistaempresarios.net\/web\/wp-content\/uploads\/2023\/01\/Fabio-Ieger-CEO-da-iCertus.jpg","jetpack-related-posts":[],"_links":{"self":[{"href":"https:\/\/revistaempresarios.net\/web\/wp-json\/wp\/v2\/posts\/5872"}],"collection":[{"href":"https:\/\/revistaempresarios.net\/web\/wp-json\/wp\/v2\/posts"}],"about":[{"href":"https:\/\/revistaempresarios.net\/web\/wp-json\/wp\/v2\/types\/post"}],"author":[{"embeddable":true,"href":"https:\/\/revistaempresarios.net\/web\/wp-json\/wp\/v2\/users\/2"}],"replies":[{"embeddable":true,"href":"https:\/\/revistaempresarios.net\/web\/wp-json\/wp\/v2\/comments?post=5872"}],"version-history":[{"count":1,"href":"https:\/\/revistaempresarios.net\/web\/wp-json\/wp\/v2\/posts\/5872\/revisions"}],"predecessor-version":[{"id":5874,"href":"https:\/\/revistaempresarios.net\/web\/wp-json\/wp\/v2\/posts\/5872\/revisions\/5874"}],"wp:featuredmedia":[{"embeddable":true,"href":"https:\/\/revistaempresarios.net\/web\/wp-json\/wp\/v2\/media\/5873"}],"wp:attachment":[{"href":"https:\/\/revistaempresarios.net\/web\/wp-json\/wp\/v2\/media?parent=5872"}],"wp:term":[{"taxonomy":"category","embeddable":true,"href":"https:\/\/revistaempresarios.net\/web\/wp-json\/wp\/v2\/categories?post=5872"},{"taxonomy":"post_tag","embeddable":true,"href":"https:\/\/revistaempresarios.net\/web\/wp-json\/wp\/v2\/tags?post=5872"}],"curies":[{"name":"wp","href":"https:\/\/api.w.org\/{rel}","templated":true}]}}