{"id":5839,"date":"2023-01-04T14:03:08","date_gmt":"2023-01-04T17:03:08","guid":{"rendered":"https:\/\/revistaempresarios.net\/web\/?p=5839"},"modified":"2023-01-04T14:03:08","modified_gmt":"2023-01-04T17:03:08","slug":"seguro-viagem-qual-melhor-apolice-para-cada-um","status":"publish","type":"post","link":"https:\/\/revistaempresarios.net\/web\/2023\/01\/04\/seguro-viagem-qual-melhor-apolice-para-cada-um\/","title":{"rendered":"Seguro-viagem: Qual melhor ap\u00f3lice para cada um?"},"content":{"rendered":"<p class=\"fst-italic text-center\">Contrata\u00e7\u00e3o de seguros-viagem cresce 230% no primeiro semestre de 2022; entenda como escolher a melhor op\u00e7\u00e3o para o seu perfil<\/p>\n<div>\n<p>As f\u00e9rias de fim de ano j\u00e1 chegaram e, durante este per\u00edodo, pode surgir o questionamento: qual \u00e9 o melhor seguro viagem para o meu perfil? Certamente, o momento dessa escolha deve ser primordial no planejamento, pois imprevistos podem acontecer e ter conhecimento sobre quais s\u00e3o eles, ajudar\u00e1 o turista a fazer a ap\u00f3lice ideal.<\/p>\n<p>O seguro viagem tem como principal objetivo proteger uma viagem quando h\u00e1 custos reais, seja para um destino nacional ou internacional. Ap\u00f3s a libera\u00e7\u00e3o das fronteiras decorrente da pandemia do Coronav\u00edrus e pela certeza de fazer uma viagem segura, a contrata\u00e7\u00e3o de seguro viagem no primeiro semestre de 2022 teve um crescimento superior a 230%, segundo dados apresentados pela Confedera\u00e7\u00e3o Nacional das Seguradoras Gerais (CNSeg).<\/p>\n<p>De acordo com Alberto Vargas, especialista em administra\u00e7\u00e3o de empresas pela Universidade de Warwick, na Inglaterra, o\u00a0seguro para viajantes possui a capacidade de reduzir significativamente a exposi\u00e7\u00e3o ao risco durante a viagem. \u201cOs turistas devem certificar-se de que o destino final est\u00e1 dentro de sua cobertura, se o servi\u00e7o come\u00e7a antes da viagem, e confirmar a cobertura total que ser\u00e1 realizada\u201d, esclarece.<\/p>\n<p>Apesar de ser um servi\u00e7o necess\u00e1rio, os seguradores necessitam aprimorar a comunica\u00e7\u00e3o com seus consumidores para articular melhor os benef\u00edcios e as coberturas de seus produtos e, assim, conquistar a confian\u00e7a dos viajantes.<\/p>\n<p><strong>Tipos de ap\u00f3lices: como escolher?<\/strong><\/p>\n<p>N\u00e3o \u00e9 poss\u00edvel dizer em espec\u00edfico qual seguro \u00e9 melhor que o outro, cada seguradora ir\u00e1 calcular os fatores: dura\u00e7\u00e3o da viagem, origem, destino e idade. Mas \u00e9 poss\u00edvel encontrar no mercado, ap\u00f3lices de seguros que cobrem uma quantidade espec\u00edfica de viagens durante um ano com um valor mais acess\u00edvel.<\/p>\n<p>Apesar de ser comum os seguros de viagem cobrirem perdas inesperadas ou indesejadas que possam ocorrer durante o percurso, as ap\u00f3lices de seguro mais abrangentes tamb\u00e9m podem cobrir cancelamento de viagem, perda de bagagem, responsabilidade civil, voos atrasados e outros custos inesperados durante o trajeto, al\u00e9m de qualquer emerg\u00eancia m\u00e9dica durante a viagem. Os servi\u00e7os devem entrar em vigor desde o dia da partida at\u00e9 a volta do segurado para casa.<\/p>\n<p>Atualmente, muitas seguradoras tamb\u00e9m oferecem servi\u00e7os de emerg\u00eancia 24 horas por dia, incluindo a substitui\u00e7\u00e3o de transfer\u00eancias de dinheiro, passaportes perdidos e ajuda com remarca\u00e7\u00e3o de voos atrasados.<\/p>\n<p>Seguindo as necessidades dos segurados e sua regi\u00e3o geogr\u00e1fica, tamb\u00e9m \u00e9 poss\u00edvel encontrar ofertas com a possibilidades de personaliza\u00e7\u00e3o. A nova alternativa \u00e9 tend\u00eancia no mercado em geral.<\/p>\n<p>Apesar de muito a oferecer, para Alberto Vargas, a linguagem do seguro pode ser confusa, em um mercado global de seguros de viagem. \u201cProcure um consultor de seguro de viagem qualificado. E se um especialista n\u00e3o conseguir descobrir qual o melhor servi\u00e7o para voc\u00ea, talvez voc\u00ea esteja procurando a ap\u00f3lice errada\u201d, explica.<\/p>\n<p>Em todos os casos, o viajante deve conferir se as condi\u00e7\u00f5es descritas na ap\u00f3lice se aplicam para as suas necessidades e se o servi\u00e7o descrito cobrir\u00e1 todos os custos que podem surgir.<\/p>\n<p><strong>Sobre Alberto Vargas<\/strong><\/p>\n<p>Jorge Alberto Vargas \u00e9 formado em Master Business Administration pela Universidade de Warwick na Inglaterra. Possui experi\u00eancia em ger\u00eancia de finan\u00e7as, planejamento, contabilidade, compliance e no desenvolvimento de equipes de alta performance.\u00a0 J\u00e1 ajudou diversas\u00a0 empresas de diferentes tamanhos a atingir objetivos de inova\u00e7\u00e3o, custos e crescimento. Antes de morar no Brasil, trabalhou em mercados do M\u00e9xico, Col\u00f4mbia, Venezuela e Peru, sempre buscando entender a necessidade das empresas e a realidade econ\u00f4mica de cada pa\u00eds.<\/p>\n<p>&nbsp;<\/p>\n<\/div>\n<div class=\"text-center\">\n<div class=\"mt-5\"><\/div>\n<\/div>\n","protected":false},"excerpt":{"rendered":"<p>Contrata\u00e7\u00e3o de seguros-viagem cresce 230% no primeiro semestre de 2022; entenda como escolher a melhor op\u00e7\u00e3o para o seu perfil As f\u00e9rias de fim de ano j\u00e1 chegaram e, durante este per\u00edodo, pode surgir o questionamento: qual \u00e9 o melhor seguro viagem para o meu perfil? Certamente, o momento dessa escolha deve ser primordial no [&hellip;]<\/p>\n","protected":false},"author":2,"featured_media":5840,"comment_status":"open","ping_status":"open","sticky":false,"template":"","format":"standard","meta":{"_jetpack_memberships_contains_paid_content":false,"_joinchat":[],"footnotes":""},"categories":[51,53,57,60],"tags":[5857],"featured_image_src":{"landsacpe":["https:\/\/revistaempresarios.net\/web\/wp-content\/uploads\/2023\/01\/Jorge-Alberto-Vargas-e-formado-em-Master-Business-Administration-pela-Universidade-de-Warwick-na-Inglaterra.-1140x445.jpg",1140,445,true],"list":["https:\/\/revistaempresarios.net\/web\/wp-content\/uploads\/2023\/01\/Jorge-Alberto-Vargas-e-formado-em-Master-Business-Administration-pela-Universidade-de-Warwick-na-Inglaterra.-463x348.jpg",463,348,true],"medium":["https:\/\/revistaempresarios.net\/web\/wp-content\/uploads\/2023\/01\/Jorge-Alberto-Vargas-e-formado-em-Master-Business-Administration-pela-Universidade-de-Warwick-na-Inglaterra.-272x300.jpg",272,300,true],"full":["https:\/\/revistaempresarios.net\/web\/wp-content\/uploads\/2023\/01\/Jorge-Alberto-Vargas-e-formado-em-Master-Business-Administration-pela-Universidade-de-Warwick-na-Inglaterra..jpg",1220,1347,false]},"jetpack_sharing_enabled":true,"jetpack_featured_media_url":"https:\/\/revistaempresarios.net\/web\/wp-content\/uploads\/2023\/01\/Jorge-Alberto-Vargas-e-formado-em-Master-Business-Administration-pela-Universidade-de-Warwick-na-Inglaterra..jpg","jetpack-related-posts":[],"_links":{"self":[{"href":"https:\/\/revistaempresarios.net\/web\/wp-json\/wp\/v2\/posts\/5839"}],"collection":[{"href":"https:\/\/revistaempresarios.net\/web\/wp-json\/wp\/v2\/posts"}],"about":[{"href":"https:\/\/revistaempresarios.net\/web\/wp-json\/wp\/v2\/types\/post"}],"author":[{"embeddable":true,"href":"https:\/\/revistaempresarios.net\/web\/wp-json\/wp\/v2\/users\/2"}],"replies":[{"embeddable":true,"href":"https:\/\/revistaempresarios.net\/web\/wp-json\/wp\/v2\/comments?post=5839"}],"version-history":[{"count":1,"href":"https:\/\/revistaempresarios.net\/web\/wp-json\/wp\/v2\/posts\/5839\/revisions"}],"predecessor-version":[{"id":5841,"href":"https:\/\/revistaempresarios.net\/web\/wp-json\/wp\/v2\/posts\/5839\/revisions\/5841"}],"wp:featuredmedia":[{"embeddable":true,"href":"https:\/\/revistaempresarios.net\/web\/wp-json\/wp\/v2\/media\/5840"}],"wp:attachment":[{"href":"https:\/\/revistaempresarios.net\/web\/wp-json\/wp\/v2\/media?parent=5839"}],"wp:term":[{"taxonomy":"category","embeddable":true,"href":"https:\/\/revistaempresarios.net\/web\/wp-json\/wp\/v2\/categories?post=5839"},{"taxonomy":"post_tag","embeddable":true,"href":"https:\/\/revistaempresarios.net\/web\/wp-json\/wp\/v2\/tags?post=5839"}],"curies":[{"name":"wp","href":"https:\/\/api.w.org\/{rel}","templated":true}]}}