{"id":5776,"date":"2023-01-02T17:50:58","date_gmt":"2023-01-02T20:50:58","guid":{"rendered":"https:\/\/revistaempresarios.net\/web\/?p=5776"},"modified":"2023-01-02T17:51:27","modified_gmt":"2023-01-02T20:51:27","slug":"air-europa-cumpre-plano-de-expansao-da-frota-com-a-chegada-de-um-novo-boeing-787","status":"publish","type":"post","link":"https:\/\/revistaempresarios.net\/web\/2023\/01\/02\/air-europa-cumpre-plano-de-expansao-da-frota-com-a-chegada-de-um-novo-boeing-787\/","title":{"rendered":"Air Europa cumpre plano de expans\u00e3o da frota com a chegada de um novo Boeing 787"},"content":{"rendered":"<div class=\"itemIntroText\">\n<p>gada deste novo Dreamliner, a companhia a\u00e9rea adiciona um total de dez novas aeronaves \u00e0s suas opera\u00e7\u00f5es este ano: cinco Boeing 787 e cinco Boeing 737<\/p>\n<\/div>\n<div class=\"itemFullText\">\n<p>A frota de longa dist\u00e2ncia j\u00e1 est\u00e1 em n\u00edveis semelhantes aos de 2019<\/p>\n<p>Valencia est\u00e1 entre as cidades espanholas mais requisitadas por brasileiros pela Air Europa. Fotos: Shutterstock<\/p>\n<p>O Boeing 787 Dreamliner, o mesmo modelo que opera a rota entre Salvador e Madrid (Foto: Divulga\u00e7\u00e3o)<\/p>\n<p>Madrid, 27 de dezembro de 2022 &#8211; A Air Europa aumentou o n\u00famero de novas aeronaves incorporadas \u00e0 sua frota para dez em 2022 com a chegada de um novo Boeing 787-8 Dreamliner. Com esta aeronave, a empresa cumpre o plano de expans\u00e3o tra\u00e7ado no in\u00edcio do ano que envolveu a incorpora\u00e7\u00e3o de cinco Boeing 737 e cinco Boeing 787 na frota. Com os mais recentes Boeing 787, 23 Boeing 787 est\u00e3o agora dispon\u00edveis para opera\u00e7\u00f5es de longa dist\u00e2ncia.<\/p>\n<p>A chegada deste Boeing 787 adicional permite fazer face ao aumento significativo da atividade registrado ao longo do ano refletido na recupera\u00e7\u00e3o de rotas e no aumento das frequ\u00eancias nas liga\u00e7\u00f5es a alguns dos destinos mais importantes da Air Europa.<\/p>\n<p>O fato tamb\u00e9m refor\u00e7a o s\u00f3lido papel estrat\u00e9gico da empresa no hub Madrid-Barajas, onde \u00e9 um ator chave na conectividade entre a Europa e a Am\u00e9rica. Desta forma, a frota, que j\u00e1 se encontra em n\u00edveis semelhantes de unidades dispon\u00edveis a 2019, consolida-se com aeronaves com maior capacidade e mais sustent\u00e1veis, ao mesmo tempo que se prepara para continuar a expandir as suas opera\u00e7\u00f5es em 2023.<\/p>\n<p>Ao longo de 2022, a companhia a\u00e9rea concluiu um grande processo de unifica\u00e7\u00e3o da frota em torno de duas das aeronaves mais avan\u00e7adas e eficientes do mercado: o Boeing 787 Dreamliner e o Boeing 737. Os Dreamliners destacam-se como as aeronaves mais inovadoras da sua classe, n\u00e3o s\u00f3 pelos avan\u00e7os t\u00e9cnicos que incorporam, mas tamb\u00e9m pela sua capacidade de reduzir o consumo de combust\u00edvel e as emiss\u00f5es em 20%, bem como reduzir o impacto do ru\u00eddo em 60%.<\/p>\n<p>Sobre a Air Europa<\/p>\n<p>No ar desde 1986, a Air Europa \u00e9 uma companhia a\u00e9rea espanhola membro da alian\u00e7a SkyTeam. A frota da empresa, composta por 47 aeronaves, \u00e9 uma das mais modernas e sustent\u00e1veis do setor, composta por modelos Boeing 787 Dreamliner e Boeing 737 que garantem m\u00e1xima efici\u00eancia e conforto aos seus passageiros. A Air Europa voa para mais de 55 destinos em todo o mundo e tem uma posi\u00e7\u00e3o estrat\u00e9gica no hub do aeroporto Adolfo Su\u00e1rez Madrid-Barajas, ligando a Europa e a Am\u00e9rica. A empresa destaca-se pelo seu firme compromisso com a sustentabilidade e a redu\u00e7\u00e3o de emiss\u00f5es de carbono na atmosfera, bem como pelos investimentos em inova\u00e7\u00e3o atrav\u00e9s da incorpora\u00e7\u00e3o das mais avan\u00e7adas tecnologias para a digitaliza\u00e7\u00e3o e otimiza\u00e7\u00e3o dos seus processos. Al\u00e9m disso, a Air Europa oferece um alto n\u00edvel de excel\u00eancia aos seus passageiros e est\u00e1 regularmente entre as companhias a\u00e9reas mais pontuais do continente europeu.<\/p>\n<\/div>\n","protected":false},"excerpt":{"rendered":"<p>gada deste novo Dreamliner, a companhia a\u00e9rea adiciona um total de dez novas aeronaves \u00e0s suas opera\u00e7\u00f5es este ano: cinco Boeing 787 e cinco Boeing 737 A frota de longa dist\u00e2ncia j\u00e1 est\u00e1 em n\u00edveis semelhantes aos de 2019 Valencia est\u00e1 entre as cidades espanholas mais requisitadas por brasileiros pela Air Europa. Fotos: Shutterstock O [&hellip;]<\/p>\n","protected":false},"author":2,"featured_media":5777,"comment_status":"open","ping_status":"open","sticky":false,"template":"","format":"standard","meta":{"_jetpack_memberships_contains_paid_content":false,"footnotes":""},"categories":[54,56,57,60],"tags":[],"featured_image_src":{"landsacpe":["https:\/\/revistaempresarios.net\/web\/wp-content\/uploads\/2023\/01\/0032df53019600fdb314a47f3b6f8119_XL-1140x445.jpg",1140,445,true],"list":["https:\/\/revistaempresarios.net\/web\/wp-content\/uploads\/2023\/01\/0032df53019600fdb314a47f3b6f8119_XL-463x348.jpg",463,348,true],"medium":["https:\/\/revistaempresarios.net\/web\/wp-content\/uploads\/2023\/01\/0032df53019600fdb314a47f3b6f8119_XL-300x197.jpg",300,197,true],"full":["https:\/\/revistaempresarios.net\/web\/wp-content\/uploads\/2023\/01\/0032df53019600fdb314a47f3b6f8119_XL.jpg",1220,802,false]},"jetpack_sharing_enabled":true,"jetpack_featured_media_url":"https:\/\/revistaempresarios.net\/web\/wp-content\/uploads\/2023\/01\/0032df53019600fdb314a47f3b6f8119_XL.jpg","jetpack-related-posts":[],"_links":{"self":[{"href":"https:\/\/revistaempresarios.net\/web\/wp-json\/wp\/v2\/posts\/5776"}],"collection":[{"href":"https:\/\/revistaempresarios.net\/web\/wp-json\/wp\/v2\/posts"}],"about":[{"href":"https:\/\/revistaempresarios.net\/web\/wp-json\/wp\/v2\/types\/post"}],"author":[{"embeddable":true,"href":"https:\/\/revistaempresarios.net\/web\/wp-json\/wp\/v2\/users\/2"}],"replies":[{"embeddable":true,"href":"https:\/\/revistaempresarios.net\/web\/wp-json\/wp\/v2\/comments?post=5776"}],"version-history":[{"count":1,"href":"https:\/\/revistaempresarios.net\/web\/wp-json\/wp\/v2\/posts\/5776\/revisions"}],"predecessor-version":[{"id":5778,"href":"https:\/\/revistaempresarios.net\/web\/wp-json\/wp\/v2\/posts\/5776\/revisions\/5778"}],"wp:featuredmedia":[{"embeddable":true,"href":"https:\/\/revistaempresarios.net\/web\/wp-json\/wp\/v2\/media\/5777"}],"wp:attachment":[{"href":"https:\/\/revistaempresarios.net\/web\/wp-json\/wp\/v2\/media?parent=5776"}],"wp:term":[{"taxonomy":"category","embeddable":true,"href":"https:\/\/revistaempresarios.net\/web\/wp-json\/wp\/v2\/categories?post=5776"},{"taxonomy":"post_tag","embeddable":true,"href":"https:\/\/revistaempresarios.net\/web\/wp-json\/wp\/v2\/tags?post=5776"}],"curies":[{"name":"wp","href":"https:\/\/api.w.org\/{rel}","templated":true}]}}