{"id":5741,"date":"2022-12-30T11:21:07","date_gmt":"2022-12-30T14:21:07","guid":{"rendered":"https:\/\/revistaempresarios.net\/web\/?p=5741"},"modified":"2022-12-30T11:21:07","modified_gmt":"2022-12-30T14:21:07","slug":"rumo-ao-primeiro-bilhao-selbetti-celebra-45-anos-de-mercado","status":"publish","type":"post","link":"https:\/\/revistaempresarios.net\/web\/2022\/12\/30\/rumo-ao-primeiro-bilhao-selbetti-celebra-45-anos-de-mercado\/","title":{"rendered":"Rumo ao primeiro bilh\u00e3o: Selbetti celebra 45 anos de mercado"},"content":{"rendered":"<ul>\n<li><strong><em>Empresa catarinense prev\u00ea um faturamento de R$ 450 milh\u00f5es em 2022\u00a0<\/em><\/strong><\/li>\n<li><strong><em>Expectativa \u00e9 atingir um valor de mercado de mais de R$ 1 bilh\u00e3o at\u00e9 2023 e 1 bilh\u00e3o de receita at\u00e9 2025<\/em><\/strong><\/li>\n<\/ul>\n<p>A Selbetti, maior integradora de Outsourcing em TI do Brasil, celebra, neste m\u00eas de junho, 45 anos de atua\u00e7\u00e3o. Sediada em Joinville (SC), a empresa catarinense segue uma escalada de sucesso, com crescimento anual m\u00e9dio de 50% e foco na expans\u00e3o nacional e Am\u00e9rica Latina, visando atingir R$ 1 bilh\u00e3o em valor de mercado at\u00e9 2023, e R$ 1 bilh\u00e3o em faturamento at\u00e9 2025.<\/p>\n<p>As altas expectativas v\u00eam em meio aos excelentes n\u00fameros. Em 2021, por exemplo, a companhia obteve seu melhor resultado, superando R$ 300 milh\u00f5es de faturamento. Neste ano, a previs\u00e3o \u00e9 conquistar um novo recorde, com um salto de 50% e receita de R$ 450 milh\u00f5es, somando as divis\u00f5es de MPS (Managed Print Services) e DaaS (Device as a Service), com a loca\u00e7\u00e3o de notebook, desktop, tablet e outros ativos de TI. Destaque tamb\u00e9m para a camada de Software, com o RPA e o S-SIGN, na qual a Selbetti dobrou o seu faturamento.<\/p>\n<p>\u201cEstamos no melhor momento, considerando o n\u00edvel de maturidade em que a empresa se encontra, com salto m\u00e9dio anual de 50%. Nosso objetivo \u00e9 evoluir esse patamar e focar na expans\u00e3o geogr\u00e1fica e no sentido de trazer mais servi\u00e7os e solu\u00e7\u00f5es para os clientes, crescendo de forma org\u00e2nica e ainda ampliando o portf\u00f3lio com foco em aquisi\u00e7\u00f5es\u201d, destaca Jos\u00e9 Nauro Selbach Junior, CEO.<\/p>\n<p><center><img decoding=\"async\" src=\"https:\/\/files.pressmanager.net\/clientes\/960d20d584f5d8e9ef9338d5709c911e\/imagens\/2022\/06\/22\/15e6861caf09f9ea95b49d3436294831.jpg\" width=\"300\" \/><\/p>\n<p><\/center>Com o intuito de equilibrar a receita de suas divis\u00f5es, a Selbetti lan\u00e7ou neste ano a campanha 50\/25, com a meta de, at\u00e9 2025, a metade dos ganhos seja proveniente de outras frentes, al\u00e9m de MPS, como Software e DaaS (Device as a Service).<\/p>\n<p>\u201cVamos continuar a adquirir empresas de MPS, mas as outras verticais v\u00e3o crescer ainda mais para alcan\u00e7armos esse equil\u00edbrio. Fizemos 23 aquisi\u00e7\u00f5es nos \u00faltimos oito anos e duas aquisi\u00e7\u00f5es de empresas de MPS em 2022. At\u00e9 o fim do ano, a ideia \u00e9 comprar a opera\u00e7\u00e3o de mais tr\u00eas companhias, dos segmentos de MPS, Software e DaaS\u201d, complementa o executivo.<\/p>\n<p><strong>Atua\u00e7\u00e3o centrada em pessoas<\/strong><\/p>\n<p>A m\u00e3o de obra qualificada no setor segue muito disputada, inclusive com a op\u00e7\u00e3o de migrarem para o mercado internacional. Com isso, a Selbetti, desde seu in\u00edcio, preza pelo encantamento de seus talentos para alavancar sua trajet\u00f3ria.<\/p>\n<p>\u201cNossa miss\u00e3o interna \u00e9 proporcionar um ambiente saud\u00e1vel, integrado e com capacita\u00e7\u00e3o cont\u00ednua. E essa integra\u00e7\u00e3o faz com que, unido, o nosso time sempre esteja motivado a perseguir o novo, a trazer mais inova\u00e7\u00e3o, a abra\u00e7ar os desafios em dire\u00e7\u00e3o \u00e0 expans\u00e3o e ao crescimento cont\u00ednuo, respondendo aos nossos est\u00edmulos\u201d, ressalta Luiz Antonio Selbach, Diretor Presidente.<\/p>\n<p>Prova disso, \u00e9 o rec\u00e9m-lan\u00e7ado Prepara DEV, programa de acelera\u00e7\u00e3o para forma\u00e7\u00e3o de novos desenvolvedores de software. A Selbetti \u00e9 uma empresa muito s\u00f3lida em seu DNA de TI e estruturou esse programa porque percebeu que tem muitas pessoas internamente que possuem o interesse de migrar para a \u00e1rea de desenvolvimento de tecnologia e nem sempre se sentem qualificadas para ocupar essas vagas.<\/p>\n<p>\u201cDesde o in\u00edcio da pandemia, decidimos alavancar a estrutura de inova\u00e7\u00e3o, tivemos 40 contrata\u00e7\u00f5es na \u00e1rea em um per\u00edodo de um ano. Com o mercado cada vez mais aquecido, torna-se cada vez mais desafiador crescer e reter tamb\u00e9m no quesito m\u00e3o de obra\u201d, avalia Junior Selbach.<\/p>\n<p><strong>Chegando aos 90 anos<\/strong><\/p>\n<p>Para os pr\u00f3ximos 45 anos, a companhia entende que a chave do sucesso \u00e9 se manter contempor\u00e2nea. \u201cNunca estamos satisfeitos, a empresa est\u00e1 em constante movimento e evolu\u00e7\u00e3o, sempre sabendo que pode melhorar cada vez mais, se transformando para manter a equipe focada em um direcionamento comum. A Selbetti seguir\u00e1 atual e relevante, sempre olhando com aten\u00e7\u00e3o e dedica\u00e7\u00e3o para o que o mercado precisa\u201d, finaliza Luiz Antonio Selbach.<\/p>\n<p>&nbsp;<\/p>\n<p><strong>Sobre a Selbetti<br \/>\n<\/strong>Fundada em 1977, a Selbetti iniciou sua hist\u00f3ria comercializando calculadoras, m\u00e1quinas de escrever e m\u00f3veis para escrit\u00f3rio. Foi com constantes inova\u00e7\u00f5es e evolu\u00e7\u00f5es que a Selbetti passou a incorporar novos produtos e servi\u00e7os ao seu portf\u00f3lio, como Intelig\u00eancia Artificial, RPA, Assinatura Digital e Eletr\u00f4nica de Documentos, entre outras tecnologias.\u00a0 Ao longo dessas quatro d\u00e9cadas, a companhia recebeu o reconhecimento do mercado e dos seus 4,5 mil clientes satisfeitos, se tornando a maior integradora de Outsourcing em TI do Brasil. Sempre atenta \u00e0s novas necessidades e tecnologias do mercado e buscando sempre inovar, a Selbetti investe h\u00e1 mais de 17 anos em tecnologia e P&amp;D de software, garantindo agilidade e ampliando os resultados dos seus clientes.\u00a0 Atualmente, conta com cerca de 1 mil colaboradores.<\/p>\n<p>Para mais informa\u00e7\u00f5es:\u00a0<a href=\"https:\/\/selbetti.com.br\/\" target=\"_blank\" rel=\"noopener noreferrer\">https:\/\/selbetti.com.br\/<\/a><\/p>\n","protected":false},"excerpt":{"rendered":"<p>Empresa catarinense prev\u00ea um faturamento de R$ 450 milh\u00f5es em 2022\u00a0 Expectativa \u00e9 atingir um valor de mercado de mais de R$ 1 bilh\u00e3o at\u00e9 2023 e 1 bilh\u00e3o de receita at\u00e9 2025 A Selbetti, maior integradora de Outsourcing em TI do Brasil, celebra, neste m\u00eas de junho, 45 anos de atua\u00e7\u00e3o. Sediada em Joinville [&hellip;]<\/p>\n","protected":false},"author":2,"featured_media":5742,"comment_status":"open","ping_status":"open","sticky":false,"template":"","format":"standard","meta":{"_jetpack_memberships_contains_paid_content":false,"footnotes":""},"categories":[51,54,57,60],"tags":[],"featured_image_src":{"landsacpe":["https:\/\/revistaempresarios.net\/web\/wp-content\/uploads\/2022\/12\/15e6861caf09f9ea95b49d3436294831-1140x445.jpg",1140,445,true],"list":["https:\/\/revistaempresarios.net\/web\/wp-content\/uploads\/2022\/12\/15e6861caf09f9ea95b49d3436294831-463x348.jpg",463,348,true],"medium":["https:\/\/revistaempresarios.net\/web\/wp-content\/uploads\/2022\/12\/15e6861caf09f9ea95b49d3436294831-188x300.jpg",188,300,true],"full":["https:\/\/revistaempresarios.net\/web\/wp-content\/uploads\/2022\/12\/15e6861caf09f9ea95b49d3436294831.jpg",1245,1987,false]},"jetpack_sharing_enabled":true,"jetpack_featured_media_url":"https:\/\/revistaempresarios.net\/web\/wp-content\/uploads\/2022\/12\/15e6861caf09f9ea95b49d3436294831.jpg","jetpack-related-posts":[],"_links":{"self":[{"href":"https:\/\/revistaempresarios.net\/web\/wp-json\/wp\/v2\/posts\/5741"}],"collection":[{"href":"https:\/\/revistaempresarios.net\/web\/wp-json\/wp\/v2\/posts"}],"about":[{"href":"https:\/\/revistaempresarios.net\/web\/wp-json\/wp\/v2\/types\/post"}],"author":[{"embeddable":true,"href":"https:\/\/revistaempresarios.net\/web\/wp-json\/wp\/v2\/users\/2"}],"replies":[{"embeddable":true,"href":"https:\/\/revistaempresarios.net\/web\/wp-json\/wp\/v2\/comments?post=5741"}],"version-history":[{"count":1,"href":"https:\/\/revistaempresarios.net\/web\/wp-json\/wp\/v2\/posts\/5741\/revisions"}],"predecessor-version":[{"id":5743,"href":"https:\/\/revistaempresarios.net\/web\/wp-json\/wp\/v2\/posts\/5741\/revisions\/5743"}],"wp:featuredmedia":[{"embeddable":true,"href":"https:\/\/revistaempresarios.net\/web\/wp-json\/wp\/v2\/media\/5742"}],"wp:attachment":[{"href":"https:\/\/revistaempresarios.net\/web\/wp-json\/wp\/v2\/media?parent=5741"}],"wp:term":[{"taxonomy":"category","embeddable":true,"href":"https:\/\/revistaempresarios.net\/web\/wp-json\/wp\/v2\/categories?post=5741"},{"taxonomy":"post_tag","embeddable":true,"href":"https:\/\/revistaempresarios.net\/web\/wp-json\/wp\/v2\/tags?post=5741"}],"curies":[{"name":"wp","href":"https:\/\/api.w.org\/{rel}","templated":true}]}}