{"id":5505,"date":"2022-12-14T19:20:32","date_gmt":"2022-12-14T22:20:32","guid":{"rendered":"https:\/\/revistaempresarios.net\/web\/?p=5505"},"modified":"2022-12-14T19:20:32","modified_gmt":"2022-12-14T22:20:32","slug":"apresentando-crescimento-de-15-alergoshop-trara-novidades-em-2023","status":"publish","type":"post","link":"https:\/\/revistaempresarios.net\/web\/2022\/12\/14\/apresentando-crescimento-de-15-alergoshop-trara-novidades-em-2023\/","title":{"rendered":"Apresentando crescimento de 15%, Alergoshop trar\u00e1 novidades em 2023"},"content":{"rendered":"<p class=\"fst-italic text-center\">Aquecimento do mercado gera expectativas cada vez mais positivas<\/p>\n<div>\n<p>Nos \u00faltimos meses, o setor de franquias tem se mostrado em constante crescimento. Entre os segmentos de destaque, o de Sa\u00fade, Beleza e Bem-Estar est\u00e1 entre os mais lucrativos, apresentando uma evolu\u00e7\u00e3o de 27,8% no \u00faltimo trimestre. Acompanhando essa tend\u00eancia, a Alergoshop anuncia crescimento de 15% em rela\u00e7\u00e3o a 2021 e de 39%, na compara\u00e7\u00e3o com 2019, antes da pandemia.<\/p>\n<p>&nbsp;<\/p>\n<p>Com 10 unidades em funcionamento em sete Estados do pa\u00eds, a Alergoshop, rede pioneira em produtos especializados para pessoas com necessidades al\u00e9rgicas, tem se mostrado um investimento seguro e rent\u00e1vel para quem deseja empreender. Dados mostram que mais de 30% da popula\u00e7\u00e3o apresenta algum tipo de alergia e pensando na sa\u00fade e bem estar dessas pessoas a marca apresenta em seu cat\u00e1logo mais de 280 produtos, que v\u00e3o de cuidados pessoais, higiene e beleza at\u00e9 itens criados para a limpeza de ambientes.<\/p>\n<p>&nbsp;<\/p>\n<p>Com expectativas bem positivas para 2023, a marca apostar\u00e1 ainda mais na expans\u00e3o atrav\u00e9s de franquias. \u201cA Alergoshop foi criada com a miss\u00e3o de oferecer produtos seguros para as pessoas al\u00e9rgicas e isso resultou em uma excelente aceita\u00e7\u00e3o desse p\u00fablico consumidor. Desde ent\u00e3o, estendemos nossa comunica\u00e7\u00e3o para pessoas n\u00e3o al\u00e9rgicas, mas que procuram por qualidade de vida, atrav\u00e9s do consumo de itens mais naturais no seu dia-a-dia\u201d, relata Julinha Lazaretti, s\u00f3cia-diretora da Alergoshop. Esse movimento gerou amplia\u00e7\u00e3o da clientela e lojas sempre movimentadas.<\/p>\n<p>&nbsp;<\/p>\n<p>Agora, o objetivo \u00e9 chegar a diversas cidades, inaugurando unidades franqueadas em todo o pa\u00eds. Para dinamizar esse processo, a rede prev\u00ea um novo modelo de franquia de tamanho mais compacto e investimento mais acess\u00edvel. \u201cQueremos atender cidades menores, ir al\u00e9m das capitais e ajudar um n\u00famero cada vez maior de pessoas que buscam as solu\u00e7\u00f5es que oferecemos para quem sofre com alergias\u201d, finaliza Julinha.<\/p>\n<p>&nbsp;<\/p>\n<p>Para saber mais sobre as franquias e produtos da Alergoshop, acesse:\u00a0<a href=\"https:\/\/alergoshop.com.br\/\">https:\/\/alergoshop.com.br\/<\/a>.<\/p>\n<p>&nbsp;<\/p>\n<p><strong>Sobre a Alergoshop<\/strong><\/p>\n<p>A Alergoshop foi a primeira empresa no pa\u00eds a entender as necessidades das pessoas al\u00e9rgicas. A ideia surgiu em 1993, baseada em necessidades pessoais de uma de suas s\u00f3cias \u2013 Sarah Lazaretti, que em sociedade com sua irm\u00e3 Julinha, vislumbrou um novo mercado.<\/p>\n<p>Desde ent\u00e3o, a Alergoshop segue empenhada em suprir essa car\u00eancia e desenvolveu dezenas de produtos, sempre focando em efici\u00eancia e qualidade e oferecendo melhoria da qualidade de vida das pessoas com alergia. S\u00e3o mais de 280 itens em seu cat\u00e1logo.<\/p>\n<\/div>\n","protected":false},"excerpt":{"rendered":"<p>Aquecimento do mercado gera expectativas cada vez mais positivas Nos \u00faltimos meses, o setor de franquias tem se mostrado em constante crescimento. Entre os segmentos de destaque, o de Sa\u00fade, Beleza e Bem-Estar est\u00e1 entre os mais lucrativos, apresentando uma evolu\u00e7\u00e3o de 27,8% no \u00faltimo trimestre. Acompanhando essa tend\u00eancia, a Alergoshop anuncia crescimento de 15% [&hellip;]<\/p>\n","protected":false},"author":2,"featured_media":5506,"comment_status":"open","ping_status":"open","sticky":false,"template":"","format":"standard","meta":{"_jetpack_memberships_contains_paid_content":false,"footnotes":""},"categories":[56,57,60],"tags":[5826,5825],"featured_image_src":{"landsacpe":["https:\/\/revistaempresarios.net\/web\/wp-content\/uploads\/2022\/12\/Apresentando-crescimento-de-15-Alergoshop-trara-novidades-em-2023-1140x430.webp",1140,430,true],"list":["https:\/\/revistaempresarios.net\/web\/wp-content\/uploads\/2022\/12\/Apresentando-crescimento-de-15-Alergoshop-trara-novidades-em-2023-463x348.webp",463,348,true],"medium":["https:\/\/revistaempresarios.net\/web\/wp-content\/uploads\/2022\/12\/Apresentando-crescimento-de-15-Alergoshop-trara-novidades-em-2023-300x86.webp",300,86,true],"full":["https:\/\/revistaempresarios.net\/web\/wp-content\/uploads\/2022\/12\/Apresentando-crescimento-de-15-Alergoshop-trara-novidades-em-2023.webp",1500,430,false]},"jetpack_sharing_enabled":true,"jetpack_featured_media_url":"https:\/\/revistaempresarios.net\/web\/wp-content\/uploads\/2022\/12\/Apresentando-crescimento-de-15-Alergoshop-trara-novidades-em-2023.webp","jetpack-related-posts":[],"_links":{"self":[{"href":"https:\/\/revistaempresarios.net\/web\/wp-json\/wp\/v2\/posts\/5505"}],"collection":[{"href":"https:\/\/revistaempresarios.net\/web\/wp-json\/wp\/v2\/posts"}],"about":[{"href":"https:\/\/revistaempresarios.net\/web\/wp-json\/wp\/v2\/types\/post"}],"author":[{"embeddable":true,"href":"https:\/\/revistaempresarios.net\/web\/wp-json\/wp\/v2\/users\/2"}],"replies":[{"embeddable":true,"href":"https:\/\/revistaempresarios.net\/web\/wp-json\/wp\/v2\/comments?post=5505"}],"version-history":[{"count":1,"href":"https:\/\/revistaempresarios.net\/web\/wp-json\/wp\/v2\/posts\/5505\/revisions"}],"predecessor-version":[{"id":5507,"href":"https:\/\/revistaempresarios.net\/web\/wp-json\/wp\/v2\/posts\/5505\/revisions\/5507"}],"wp:featuredmedia":[{"embeddable":true,"href":"https:\/\/revistaempresarios.net\/web\/wp-json\/wp\/v2\/media\/5506"}],"wp:attachment":[{"href":"https:\/\/revistaempresarios.net\/web\/wp-json\/wp\/v2\/media?parent=5505"}],"wp:term":[{"taxonomy":"category","embeddable":true,"href":"https:\/\/revistaempresarios.net\/web\/wp-json\/wp\/v2\/categories?post=5505"},{"taxonomy":"post_tag","embeddable":true,"href":"https:\/\/revistaempresarios.net\/web\/wp-json\/wp\/v2\/tags?post=5505"}],"curies":[{"name":"wp","href":"https:\/\/api.w.org\/{rel}","templated":true}]}}