{"id":5446,"date":"2022-12-13T16:01:40","date_gmt":"2022-12-13T19:01:40","guid":{"rendered":"https:\/\/revistaempresarios.net\/web\/?p=5446"},"modified":"2022-12-13T16:01:40","modified_gmt":"2022-12-13T19:01:40","slug":"aos-que-paralisam-com-pressao-uma-metodologia-para-driblar-a-inconstancia-do-foco","status":"publish","type":"post","link":"https:\/\/revistaempresarios.net\/web\/2022\/12\/13\/aos-que-paralisam-com-pressao-uma-metodologia-para-driblar-a-inconstancia-do-foco\/","title":{"rendered":"Aos que paralisam com press\u00e3o, uma metodologia para driblar a inconst\u00e2ncia do foco"},"content":{"rendered":"<p class=\"fst-italic text-center\">Gestor de projetos Victor de Almeida Moreira apresenta conceito da (auto)lideran\u00e7a antifr\u00e1gil em obra publicada pela Editora Gente<\/p>\n<div>\n<p><img loading=\"lazy\" decoding=\"async\" src=\"https:\/\/files.pressmanager.net\/clientes\/64a8e8d576d3505a7823819ae1fa6eb7\/imagens\/2022\/07\/20\/1565ad8c6fa2fc2213c026651750815c_medium.jpg\" alt=\"\" width=\"125\" height=\"182\" align=\"left\" hspace=\"10\" \/>Foi em um momento sens\u00edvel fora do trabalho que o gestor de projetos\u00a0<strong>Victor de Almeida Moreira<\/strong>\u00a0buscou inspira\u00e7\u00e3o na \u00e1rea profissional para ter sucesso no maior compromisso que poderia assumir: a pr\u00f3pria vida! A metodologia desenvolvida pelo especialista, que liderou equipes em empresas como Vale, Deloitte e Anglo American, est\u00e1 no livro\u00a0<strong><em>(Auto)lideran\u00e7a antifr\u00e1gil<\/em><\/strong>, publicado pela\u00a0<strong>Editora Gente<\/strong>.<\/p>\n<p>O conceito que d\u00e1 nome ao livro \u00e9 proposto por Victor como uma solu\u00e7\u00e3o para os problemas consequentes de um mundo cada vez mais vol\u00e1til e inst\u00e1vel. Falta de foco, paralisia diante da press\u00e3o, ac\u00famulo de tarefas e estagna\u00e7\u00e3o s\u00e3o alguns exemplos de obst\u00e1culos que podem ser driblados com a metodologia 5 As: autoconsci\u00eancia, autorreflex\u00e3o, autorresponsabilidade, autoigni\u00e7\u00e3o e autorregula\u00e7\u00e3o.<\/p>\n<p>Um cap\u00edtulo \u00e9 destinado a cada uma das etapas do m\u00e9todo. Segundo o autor, o primeiro passo \u00e9 a autoconsci\u00eancia porque \u00e9 nela que tudo come\u00e7a.\u00a0<em>\u201cEla \u00e9 a base do seu projeto de vida, os alicerces nos quais voc\u00ea se estruturar\u00e1 e viver\u00e1 os seus dias\u201d,<\/em>\u00a0explica. Victor criou dois princ\u00edpios essenciais para desenvolver esta habilidade: o gerenciamento de per\u00edcia e comunica\u00e7\u00e3o e o gerenciamento de circunst\u00e2ncias.<\/p>\n<p><em>Nesta etapa, \u00e9 necess\u00e1rio definir com precis\u00e3o quais s\u00e3o as suas for\u00e7as e qual \u00e9 o seu potencial principal,<br \/>\naquilo em que voc\u00ea \u00e9 \u00f3timo, em que pode ser considerado perito. Por isso o nome gerenciamento de per\u00edcia.<br \/>\nEsse processo vai apontar qual \u00e9 sua fun\u00e7\u00e3o no mundo.<br \/>\nNessa autoavalia\u00e7\u00e3o, n\u00e3o foque aten\u00e7\u00e3o apenas nas coisas em que voc\u00ea j\u00e1 \u00e9 competente.<br \/>\n<\/em><strong>((Auto)Lideran\u00e7a antifr\u00e1gil, p. 83)<\/strong><\/p>\n<p>Com refer\u00eancia de especialistas como Nassim Taleb, Jordam Peterson e Zygmunt Bauman, a estreia de Victor na literatura \u00e9 um est\u00edmulo para que o leitor fa\u00e7a de si mesmo um referencial. \u201c(Auto)lideran\u00e7a antifr\u00e1gil \u00e9 sobre isso: ser a pr\u00f3pria refer\u00eancia para todas as \u00e1reas da vida\u201d, resume.<\/p>\n<p><strong>FICHA T\u00c9CNICA:<\/strong><br \/>\n<strong>T\u00edtulo:\u00a0<\/strong>(Auto)lideran\u00e7a antifr\u00e1gil<br \/>\n<strong>Autor: Victor de Almeida Moreira\u00a0<\/strong><br \/>\n<strong>N\u00famero de p\u00e1ginas:<\/strong>\u00a0192<br \/>\n<strong>ISBN:<\/strong>\u00a0978-65-88523-49-0<strong><br \/>\n<\/strong><strong>Formato:<\/strong>\u00a016 x 23 cm<br \/>\n<strong>Pre\u00e7o:\u00a0<\/strong>R$ 59,90<br \/>\n<strong>Link de venda:<\/strong>\u00a0<a href=\"https:\/\/www.amazon.com.br\/Auto-lideran%C3%A7a-antifr%C3%A1gil-inesperado-obst%C3%A1culo\/dp\/6588523491\/ref=asc_df_6588523491\/?tag=googleshopp00-20&amp;linkCode=df0&amp;hvadid=379725089268&amp;hvpos=&amp;hvnetw=g&amp;hvrand=8715112037334364676&amp;hvpone=&amp;hvptwo=&amp;hvqmt=&amp;hvdev=c&amp;hvdvcmdl=&amp;hvlocint=&amp;hvlocphy=1031754&amp;hvtargid=pla-1677737822297&amp;psc=1\">Amazon<\/a><\/p>\n<p><strong>Sinopse:<\/strong>\u00a0Um dos cen\u00e1rios mais comuns do contempor\u00e2neo \u00e9 quase um paradoxo: sabemos o que queremos e os resultados que desejamos em nossas vidas pessoal e profissional, mas ao mesmo tempo lidamos constantemente com a dor de n\u00e3o conhecer formas de organizar o nosso caminho e estruturar a nossa jornada para atingir esses objetivos. Diante disso, problemas surgem constantemente, oriundos de um mundo cada vez mais vol\u00e1til e inst\u00e1vel e, de repente, nos damos conta de que estamos estagnados em nossas vidas: acumulamos obst\u00e1culos que deixam as nossas vidas complexas e, ao olharmos adiante, somos tomados pela ansiedade \u2013 e n\u00e3o fazemos ideia de como come\u00e7ar a contornar e superar essas limita\u00e7\u00f5es. O autor Victor de Almeida Moreira prop\u00f5e, ent\u00e3o, a autolideran\u00e7a antifr\u00e1gil como solu\u00e7\u00e3o: m\u00e9todo em cinco pilares \u2013 autoconsci\u00eancia, autorreflex\u00e3o, autorresponsabilidade, autoigni\u00e7\u00e3o e autorregula\u00e7\u00e3o \u2013 que capacitar\u00e1 o leitor a retomar a rota de seus sonhos por meio de uma reestrutura\u00e7\u00e3o e de m\u00e9todos de gerenciamento, munindo-o de ferramentas para avan\u00e7ar em suas conquistas.<\/p>\n<p><strong><img decoding=\"async\" src=\"https:\/\/files.pressmanager.net\/clientes\/64a8e8d576d3505a7823819ae1fa6eb7\/imagens\/2022\/07\/20\/50f9cb39c5b9f085d82c0ef14120353b_medium.jpg\" alt=\"\" width=\"200\" align=\"left\" hspace=\"10\" \/>Sobre o autor:\u00a0<\/strong>Victor de Almeida Moreira \u00e9 engenheiro de produ\u00e7\u00e3o, com MBA em Engenharia de Custos e certifica\u00e7\u00f5es de Project Management Professional\u00ae (PMP) e Certified Cost Professional\u00ae (CCP). Hoje lidera o departamento de aquisi\u00e7\u00f5es estrat\u00e9gicas da MRN. Ao longo da carreira, construiu experi\u00eancia na lideran\u00e7a de equipes multidisciplinares, mentorias profissionais e desenvolvimento de pessoas e passou por grandes companhias como Vale, Deloitte e Anglo American.<\/p>\n<p><em><strong>Redes sociais:<\/strong><\/em><\/p>\n<p><a href=\"https:\/\/www.instagram.com\/victoralmeidamoreira\/\">Instagram<\/a>\u00a0|\u00a0<a href=\"https:\/\/www.linkedin.com\/in\/victordealmeidamoreira\/\">LinkedIn<\/a><\/p>\n<\/div>\n","protected":false},"excerpt":{"rendered":"<p>Gestor de projetos Victor de Almeida Moreira apresenta conceito da (auto)lideran\u00e7a antifr\u00e1gil em obra publicada pela Editora Gente Foi em um momento sens\u00edvel fora do trabalho que o gestor de projetos\u00a0Victor de Almeida Moreira\u00a0buscou inspira\u00e7\u00e3o na \u00e1rea profissional para ter sucesso no maior compromisso que poderia assumir: a pr\u00f3pria vida! A metodologia desenvolvida pelo especialista, [&hellip;]<\/p>\n","protected":false},"author":2,"featured_media":5447,"comment_status":"open","ping_status":"open","sticky":false,"template":"","format":"standard","meta":{"_jetpack_memberships_contains_paid_content":false,"footnotes":""},"categories":[1],"tags":[5803,5804],"featured_image_src":{"landsacpe":["https:\/\/revistaempresarios.net\/web\/wp-content\/uploads\/2022\/12\/Victor-de-Almeida-Moreira-e-engenheiro-de-producao-1140x445.webp",1140,445,true],"list":["https:\/\/revistaempresarios.net\/web\/wp-content\/uploads\/2022\/12\/Victor-de-Almeida-Moreira-e-engenheiro-de-producao-463x348.webp",463,348,true],"medium":["https:\/\/revistaempresarios.net\/web\/wp-content\/uploads\/2022\/12\/Victor-de-Almeida-Moreira-e-engenheiro-de-producao-300x225.webp",300,225,true],"full":["https:\/\/revistaempresarios.net\/web\/wp-content\/uploads\/2022\/12\/Victor-de-Almeida-Moreira-e-engenheiro-de-producao.webp",1200,900,false]},"jetpack_sharing_enabled":true,"jetpack_featured_media_url":"https:\/\/revistaempresarios.net\/web\/wp-content\/uploads\/2022\/12\/Victor-de-Almeida-Moreira-e-engenheiro-de-producao.webp","jetpack-related-posts":[],"_links":{"self":[{"href":"https:\/\/revistaempresarios.net\/web\/wp-json\/wp\/v2\/posts\/5446"}],"collection":[{"href":"https:\/\/revistaempresarios.net\/web\/wp-json\/wp\/v2\/posts"}],"about":[{"href":"https:\/\/revistaempresarios.net\/web\/wp-json\/wp\/v2\/types\/post"}],"author":[{"embeddable":true,"href":"https:\/\/revistaempresarios.net\/web\/wp-json\/wp\/v2\/users\/2"}],"replies":[{"embeddable":true,"href":"https:\/\/revistaempresarios.net\/web\/wp-json\/wp\/v2\/comments?post=5446"}],"version-history":[{"count":1,"href":"https:\/\/revistaempresarios.net\/web\/wp-json\/wp\/v2\/posts\/5446\/revisions"}],"predecessor-version":[{"id":5448,"href":"https:\/\/revistaempresarios.net\/web\/wp-json\/wp\/v2\/posts\/5446\/revisions\/5448"}],"wp:featuredmedia":[{"embeddable":true,"href":"https:\/\/revistaempresarios.net\/web\/wp-json\/wp\/v2\/media\/5447"}],"wp:attachment":[{"href":"https:\/\/revistaempresarios.net\/web\/wp-json\/wp\/v2\/media?parent=5446"}],"wp:term":[{"taxonomy":"category","embeddable":true,"href":"https:\/\/revistaempresarios.net\/web\/wp-json\/wp\/v2\/categories?post=5446"},{"taxonomy":"post_tag","embeddable":true,"href":"https:\/\/revistaempresarios.net\/web\/wp-json\/wp\/v2\/tags?post=5446"}],"curies":[{"name":"wp","href":"https:\/\/api.w.org\/{rel}","templated":true}]}}