{"id":23107,"date":"2026-09-04T13:49:31","date_gmt":"2026-09-04T16:49:31","guid":{"rendered":"https:\/\/revistaempresarios.net\/web\/?p=23107"},"modified":"2026-09-04T14:00:43","modified_gmt":"2026-09-04T17:00:43","slug":"portugal-ganha-forca-entre-os-destinos-de-empresas-brasileiras","status":"publish","type":"post","link":"https:\/\/revistaempresarios.net\/web\/2026\/09\/04\/portugal-ganha-forca-entre-os-destinos-de-empresas-brasileiras\/","title":{"rendered":"Portugal ganha for\u00e7a entre os destinos de empresas brasileiras"},"content":{"rendered":"<p>&nbsp;<\/p>\n<div class=\"v1cols_1 v11788468608879 v1ip-section\">\n<div>\n<table border=\"0\" cellspacing=\"0\" cellpadding=\"0\" align=\"center\">\n<tbody>\n<tr>\n<td>\n<div class=\"v1mj-column-per-100 v1mj-outlook-group-fix v1ip-column\">\n<table border=\"0\" width=\"100%\" cellspacing=\"0\" cellpadding=\"0\">\n<tbody>\n<tr>\n<td>\n<table border=\"0\" width=\"100%\" cellspacing=\"0\" cellpadding=\"0\">\n<tbody>\n<tr>\n<td class=\"v1ip-text-block\" align=\"left\">\n<div>\n<p class=\"v1ql-align-center\"><strong>Investimento direto brasileiro no pa\u00eds chega a \u20ac 4,5 bilh\u00f5es, maior n\u00edvel desde 2021<\/strong><\/p>\n<\/div>\n<\/td>\n<\/tr>\n<\/tbody>\n<\/table>\n<\/td>\n<\/tr>\n<\/tbody>\n<\/table>\n<\/div>\n<\/td>\n<\/tr>\n<\/tbody>\n<\/table>\n<\/div>\n<\/div>\n<div class=\"v1cols_1 v11788468609727 v1ip-section\">\n<div>\n<table border=\"0\" cellspacing=\"0\" cellpadding=\"0\" align=\"center\">\n<tbody>\n<tr>\n<td>\n<div class=\"v1mj-column-per-100 v1mj-outlook-group-fix v1ip-column\">\n<table border=\"0\" width=\"100%\" cellspacing=\"0\" cellpadding=\"0\">\n<tbody>\n<tr>\n<td>\n<table border=\"0\" width=\"100%\" cellspacing=\"0\" cellpadding=\"0\">\n<tbody>\n<tr>\n<td class=\"v1ip-text-block\" align=\"left\">\n<div>\n<p>Portugal vem conquistando mais espa\u00e7o nos planos de internacionaliza\u00e7\u00e3o das empresas brasileiras.<\/p>\n<p>No primeiro trimestre de 2026, o investimento direto do Brasil no pa\u00eds chegou a\u00a0<strong>\u20ac 4,5 bilh\u00f5es<\/strong>, o maior volume registrado desde 2021.<\/p>\n<\/div>\n<\/td>\n<\/tr>\n<\/tbody>\n<\/table>\n<\/td>\n<\/tr>\n<\/tbody>\n<\/table>\n<\/div>\n<\/td>\n<\/tr>\n<\/tbody>\n<\/table>\n<\/div>\n<\/div>\n<div class=\"v1cols_2 v11788468611136 v1ip-section\">\n<div>\n<table border=\"0\" cellspacing=\"0\" cellpadding=\"0\" align=\"center\">\n<tbody>\n<tr>\n<td>\n<div class=\"v1mj-column-per-50 v1mj-outlook-group-fix v1ip-column\">\n<table border=\"0\" width=\"100%\" cellspacing=\"0\" cellpadding=\"0\">\n<tbody>\n<tr>\n<td>\n<table border=\"0\" width=\"100%\" cellspacing=\"0\" cellpadding=\"0\">\n<tbody>\n<tr>\n<td class=\"v1ip-spacer-block\">\n<div><\/div>\n<\/td>\n<\/tr>\n<tr>\n<td class=\"v1ip-text-block\" align=\"left\">\n<div>\n<p>O movimento j\u00e1 pode ser percebido em decis\u00f5es recentes de empresas brasileiras.<\/p>\n<\/div>\n<\/td>\n<\/tr>\n<\/tbody>\n<\/table>\n<\/td>\n<\/tr>\n<\/tbody>\n<\/table>\n<\/div>\n<div class=\"v1mj-column-per-50 v1mj-outlook-group-fix v1ip-column\">\n<table border=\"0\" width=\"100%\" cellspacing=\"0\" cellpadding=\"0\">\n<tbody>\n<tr>\n<td>\n<table border=\"0\" width=\"100%\" cellspacing=\"0\" cellpadding=\"0\">\n<tbody>\n<tr>\n<td class=\"v1ip-image-block\" align=\"center\">\n<table border=\"0\" cellspacing=\"0\" cellpadding=\"0\">\n<tbody>\n<tr>\n<td><img decoding=\"async\" src=\"https:\/\/s3.us-east-1.wasabisys.com\/wasabi.cse360.com.br\/email-editor-files\/f8b19cfb-4a9a-4c6f-20ff-08d8b0b069f6\/b98c0a87-34d0-4bf9-8fdc-f41ec9a7167b.png\" width=\"288\" height=\"auto\" \/><\/td>\n<\/tr>\n<\/tbody>\n<\/table>\n<\/td>\n<\/tr>\n<tr>\n<td class=\"v1ip-text-block\" align=\"left\">\n<div>\n<p class=\"v1ql-align-center\">Imagem: IA<\/p>\n<\/div>\n<\/td>\n<\/tr>\n<\/tbody>\n<\/table>\n<\/td>\n<\/tr>\n<\/tbody>\n<\/table>\n<\/div>\n<\/td>\n<\/tr>\n<\/tbody>\n<\/table>\n<\/div>\n<\/div>\n<div class=\"v1cols_1 v11788468612271 v1ip-section\">\n<div>\n<table border=\"0\" cellspacing=\"0\" cellpadding=\"0\" align=\"center\">\n<tbody>\n<tr>\n<td>\n<div class=\"v1mj-column-per-100 v1mj-outlook-group-fix v1ip-column\">\n<table border=\"0\" width=\"100%\" cellspacing=\"0\" cellpadding=\"0\">\n<tbody>\n<tr>\n<td>\n<table border=\"0\" width=\"100%\" cellspacing=\"0\" cellpadding=\"0\">\n<tbody>\n<tr>\n<td class=\"v1ip-text-block\" align=\"left\">\n<div>\n<p>A Kikker, especializada em tecnologia para cadeias de suprimentos, escolheu Portugal para iniciar sua expans\u00e3o pela Europa. A Darede, que atua no mercado de computa\u00e7\u00e3o em nuvem, est\u00e1 no pa\u00eds desde 2024 e j\u00e1 atende aproximadamente 50 clientes, cerca de 75% deles pequenas e m\u00e9dias empresas.<\/p>\n<p>Depois de desenvolver sua carteira local, a Darede escolheu a regi\u00e3o de Lisboa para coordenar a expans\u00e3o pela Europa e pretende contratar mais dez profissionais at\u00e9 o fim de 2026.<\/p>\n<p>Os dois casos mostram como Portugal pode receber tanto empresas em sua primeira experi\u00eancia internacional quanto neg\u00f3cios que j\u00e1 chegam com projetos mais amplos de crescimento.<\/p>\n<p>&#8220;Portugal re\u00fane possibilidades para empresas em diferentes est\u00e1gios. A l\u00edngua portuguesa, a proximidade cultural e a facilidade de comunica\u00e7\u00e3o tornam os primeiros movimentos mais simples para o empres\u00e1rio brasileiro. Ao mesmo tempo, existe um mercado pr\u00f3prio a ser desenvolvido. A empresa pode chegar para atender o consumidor portugu\u00eas, estabelecer sua primeira opera\u00e7\u00e3o internacional ou incluir o pa\u00eds em uma estrat\u00e9gia que alcance outros mercados&#8221;, afirma\u00a0<strong>Renato Alves de Oliveira<\/strong>,\u00a0<strong>diretor de Expans\u00e3o e Neg\u00f3cios da Bicalho Consultoria e idealizador da Be International.<\/strong><\/p>\n<p>O momento econ\u00f4mico portugu\u00eas tamb\u00e9m amplia esse campo de oportunidades. O Plano de Recupera\u00e7\u00e3o e Resili\u00eancia do pa\u00eds mobilizou aproximadamente\u00a0<strong>\u20ac 22 bilh\u00f5es<\/strong>\u00a0em \u00e1reas como inova\u00e7\u00e3o, ci\u00eancia, digitaliza\u00e7\u00e3o, competitividade, energia e sa\u00fade. Entre as iniciativas anunciadas est\u00e3o\u00a0<strong>\u20ac 800 milh\u00f5es<\/strong>\u00a0para incentivar a ado\u00e7\u00e3o de intelig\u00eancia artificial pelas empresas e outros\u00a0<strong>\u20ac 400 milh\u00f5es<\/strong>\u00a0voltados \u00e0 reindustrializa\u00e7\u00e3o, defesa, seguran\u00e7a e tecnologias avan\u00e7adas.<\/p>\n<p>&#8220;Esses investimentos apontam onde a economia portuguesa pretende crescer e quais setores dever\u00e3o demandar novas tecnologias, servi\u00e7os e solu\u00e7\u00f5es. Para a empresa brasileira, essa leitura permite enxergar oportunidades que v\u00e3o al\u00e9m da proximidade cultural e identificar espa\u00e7os concretos para estabelecer uma opera\u00e7\u00e3o competitiva no pa\u00eds&#8221;, analisa Renato.<\/p>\n<p><strong>Estados Unidos continuam como o mercado de maior alcance<\/strong><\/p>\n<p>Em uma estrat\u00e9gia internacional mais ampla, os Estados Unidos continuam ocupando uma posi\u00e7\u00e3o central para as empresas brasileiras. O pa\u00eds \u00e9 o principal destino das opera\u00e7\u00f5es de companhias brasileiras no exterior e tamb\u00e9m o maior mercado para as exporta\u00e7\u00f5es nacionais de produtos manufaturados.<\/p>\n<p>&nbsp;<\/p>\n<p>&#8220;Em uma an\u00e1lise geral, os Estados Unidos continuam sendo o mercado internacional mais robusto para empresas brasileiras que buscam escala. \u00c9 uma economia com enorme poder de consumo, espa\u00e7o para diferentes nichos e oportunidades em praticamente todos os setores. Portugal pode oferecer uma entrada internacional mais fluida, enquanto os Estados Unidos proporcionam uma dimens\u00e3o de mercado dif\u00edcil de encontrar em outros pa\u00edses. S\u00e3o possibilidades que podem fazer parte da mesma estrat\u00e9gia, de forma simult\u00e2nea ou em etapas diferentes&#8221;, explica Renato.<\/p>\n<p>A defini\u00e7\u00e3o dessa rota precisa transformar a oportunidade percebida em um plano capaz de funcionar na realidade de cada mercado.<\/p>\n<\/div>\n<\/td>\n<\/tr>\n<\/tbody>\n<\/table>\n<\/td>\n<\/tr>\n<\/tbody>\n<\/table>\n<\/div>\n<\/td>\n<\/tr>\n<\/tbody>\n<\/table>\n<\/div>\n<\/div>\n<div class=\"v1cols_2 v11788468614615 v1ip-section\">\n<div>\n<table border=\"0\" cellspacing=\"0\" cellpadding=\"0\" align=\"center\">\n<tbody>\n<tr>\n<td>\n<div class=\"v1mj-column-per-50 v1mj-outlook-group-fix v1ip-column\">\n<table border=\"0\" width=\"100%\" cellspacing=\"0\" cellpadding=\"0\">\n<tbody>\n<tr>\n<td>\n<table border=\"0\" width=\"100%\" cellspacing=\"0\" cellpadding=\"0\">\n<tbody>\n<tr>\n<td class=\"v1ip-image-block\" align=\"center\">\n<table border=\"0\" cellspacing=\"0\" cellpadding=\"0\">\n<tbody>\n<tr>\n<td><img decoding=\"async\" src=\"https:\/\/s3.us-east-1.wasabisys.com\/wasabi.cse360.com.br\/email-editor-files\/f8b19cfb-4a9a-4c6f-20ff-08d8b0b069f6\/4bb43707-8d46-4138-aa4a-0196cb6affce.jpg\" width=\"288\" height=\"auto\" \/><\/td>\n<\/tr>\n<\/tbody>\n<\/table>\n<\/td>\n<\/tr>\n<\/tbody>\n<\/table>\n<\/td>\n<\/tr>\n<\/tbody>\n<\/table>\n<\/div>\n<div class=\"v1mj-column-per-50 v1mj-outlook-group-fix v1ip-column\">\n<table border=\"0\" width=\"100%\" cellspacing=\"0\" cellpadding=\"0\">\n<tbody>\n<tr>\n<td>\n<table border=\"0\" width=\"100%\" cellspacing=\"0\" cellpadding=\"0\">\n<tbody>\n<tr>\n<td class=\"v1ip-text-block\" align=\"left\">\n<div>\n<p>&#8220;Seja em Portugal, nos Estados Unidos ou em qualquer outro mercado, a empresa precisa conhecer o p\u00fablico, a concorr\u00eancia, a forma\u00e7\u00e3o de pre\u00e7os, os canais de venda e as adapta\u00e7\u00f5es necess\u00e1rias para que o produto brasileiro funcione naquele ambiente. Contar com orienta\u00e7\u00e3o especializada ajuda a reunir essas informa\u00e7\u00f5es, estruturar a entrada e conduzir a internacionaliza\u00e7\u00e3o de maneira mais segura e consistente&#8221;, conclui\u00a0<strong>Renato Alves de Oliveira.\u00a0<\/strong><\/p>\n<\/div>\n<\/td>\n<\/tr>\n<\/tbody>\n<\/table>\n<\/td>\n<\/tr>\n<\/tbody>\n<\/table>\n<\/div>\n<\/td>\n<\/tr>\n<\/tbody>\n<\/table>\n<\/div>\n<\/div>\n<div class=\"v1cols_1 v11788468616146 v1ip-section\">\n<div>\n<table border=\"0\" cellspacing=\"0\" cellpadding=\"0\" align=\"center\">\n<tbody>\n<tr>\n<td>\n<div class=\"v1mj-column-per-100 v1mj-outlook-group-fix v1ip-column\">\n<table border=\"0\" width=\"100%\" cellspacing=\"0\" cellpadding=\"0\">\n<tbody>\n<tr>\n<td>\n<table border=\"0\" width=\"100%\" cellspacing=\"0\" cellpadding=\"0\">\n<tbody>\n<tr>\n<td class=\"v1ip-text-block\" align=\"left\">\n<div>\n<p><strong>Quem \u00e9 Renato Alves de Oliveira<\/strong><\/p>\n<ul>\n<li>Diretor de neg\u00f3cios e expans\u00e3o da Bicalho Consultoria Legal, respons\u00e1vel pela articula\u00e7\u00e3o estrat\u00e9gica de internacionaliza\u00e7\u00e3o entre Brasil, Estados Unidos e Portugal;<\/li>\n<li>CEO e idealizador da Be International, iniciativa voltada \u00e0 integra\u00e7\u00e3o empresarial global;<\/li>\n<li class=\"v1ql-align-justify\">Executivo com experi\u00eancia em estruturar modelos de entrada de mercado, parcerias estrat\u00e9gicas e governan\u00e7a de expans\u00e3o para empresas e franquias brasileiras;<\/li>\n<li class=\"v1ql-align-justify\">\u00a0Bacharel em Administra\u00e7\u00e3o de Empresas no Brasil;<\/li>\n<li class=\"v1ql-align-justify\">Mestrando em Administra\u00e7\u00e3o de Empresas pela Fl\u00f3rida Christian University, nos Estados Unidos;<\/li>\n<li class=\"v1ql-align-justify\">Membro da International Christian Chamber of Commerce (ICCC) e do C12 Brasil.<\/li>\n<\/ul>\n<p class=\"v1ql-align-justify\">\n<p class=\"v1ql-align-justify\"><strong>Sobre a Bicalho Consultoria Legal<\/strong><\/p>\n<p>Empresa com ampla experi\u00eancia em processos migrat\u00f3rios para os Estados Unidos e Portugal, com escrit\u00f3rios no Brasil, em Portugal e nos EUA. Oferece solu\u00e7\u00f5es para empresas, empreendedores e profissionais liberais, que incluem assessoria jur\u00eddica, consultoria nas \u00e1reas empresarial, tribut\u00e1ria e trabalhista, al\u00e9m de planejamento patrimonial, auxiliando na internacionaliza\u00e7\u00e3o de neg\u00f3cios, carreiras e fam\u00edlias. A consultoria conta com uma equipe experiente e multidisciplinar de profissionais e com avalia\u00e7\u00e3o pr\u00e9-imigrat\u00f3ria gratuita em seu site.<\/p>\n<p>&nbsp;<\/p>\n<p class=\"v1ql-align-justify\"><strong>Mais informa\u00e7\u00f5es dispon\u00edveis:<\/strong><\/p>\n<p class=\"v1ql-align-justify\">no site\u00a0<a href=\"https:\/\/click.knewin360.com\/Click\/click\/eyJhbGciOiJIUzI1NiIsInR5cCI6IkpXVCJ9.eyJjYW1wYWlnbklkIjoiMTIxMjdhZjMtMzc2Zi00YmQxLWIzNjQtMDhkZjA3NWQ2OTA1IiwicGVyc29uSWQiOiI3Y2Q5NTc2Ni02MDE5LTRjMDktYjIxMy01NzM4OTM2NDhiNWUiLCJlbWFpbCI6ImNvbnRhdG9AcmV2aXN0YWVtcHJlc2FyaW9zLm5ldCIsInVybCI6Imh0dHBzOi8vYmljYWxoby5jb20vIiwiaXNTZWdtZW50YXRpb24iOiJUcnVlIiwibmJmIjoxNzg4NTM4MjUyLCJleHAiOjE3OTExMzAyNTIsImlhdCI6MTc4ODUzODI1Mn0.qSWnobZ4S1PgtQo_KBlmc7uqmAfcF6wGySoEEN8Muis\" target=\"_blank\" rel=\"noopener noreferrer\">https:\/\/bicalho.com<\/a>\u00a0e nas redes sociais:<\/p>\n<p class=\"v1ql-align-justify\">Instagram:\u00a0<a href=\"https:\/\/click.knewin360.com\/Click\/click\/eyJhbGciOiJIUzI1NiIsInR5cCI6IkpXVCJ9.eyJjYW1wYWlnbklkIjoiMTIxMjdhZjMtMzc2Zi00YmQxLWIzNjQtMDhkZjA3NWQ2OTA1IiwicGVyc29uSWQiOiI3Y2Q5NTc2Ni02MDE5LTRjMDktYjIxMy01NzM4OTM2NDhiNWUiLCJlbWFpbCI6ImNvbnRhdG9AcmV2aXN0YWVtcHJlc2FyaW9zLm5ldCIsInVybCI6Imh0dHBzOi8vd3d3Lmluc3RhZ3JhbS5jb20vYmljYWxob2NvbnN1bHRvcmlhLyIsImlzU2VnbWVudGF0aW9uIjoiVHJ1ZSIsIm5iZiI6MTc4ODUzODI1MiwiZXhwIjoxNzkxMTMwMjUyLCJpYXQiOjE3ODg1MzgyNTJ9.SBEpOp_nZfkZmDrhanaEvT4QkhbkrU0IP_86dxP5DDQ\" target=\"_blank\" rel=\"noopener noreferrer\">https:\/\/www.instagram.com\/bicalhoconsultoria\/<\/a>\u00a0&#8211; @biccalhoconsultoria<\/p>\n<p class=\"v1ql-align-justify\">@BicalhoConsultoriaLegal (YouTube) e Bicalho Consultoria Legal (Facebook).<\/p>\n<\/div>\n<\/td>\n<\/tr>\n<\/tbody>\n<\/table>\n<\/td>\n<\/tr>\n<\/tbody>\n<\/table>\n<\/div>\n<\/td>\n<\/tr>\n<\/tbody>\n<\/table>\n<\/div>\n<\/div>\n","protected":false},"excerpt":{"rendered":"<p>&nbsp; Investimento direto brasileiro no pa\u00eds chega a \u20ac 4,5 bilh\u00f5es, maior n\u00edvel desde 2021 Portugal vem conquistando mais espa\u00e7o nos planos de internacionaliza\u00e7\u00e3o das empresas brasileiras. No primeiro trimestre de 2026, o investimento direto do Brasil no pa\u00eds chegou a\u00a0\u20ac 4,5 bilh\u00f5es, o maior volume registrado desde 2021. O movimento j\u00e1 pode ser percebido [&hellip;]<\/p>\n","protected":false},"author":2,"featured_media":23108,"comment_status":"open","ping_status":"open","sticky":false,"template":"","format":"standard","meta":{"_jetpack_memberships_contains_paid_content":false,"_joinchat":[],"footnotes":""},"categories":[51,54,56,57,60],"tags":[12789],"featured_image_src":{"landsacpe":["https:\/\/revistaempresarios.net\/web\/wp-content\/uploads\/2026\/09\/b98c0a87-34d0-4bf9-8fdc-f41ec9a7167b-1140x445.png",1140,445,true],"list":["https:\/\/revistaempresarios.net\/web\/wp-content\/uploads\/2026\/09\/b98c0a87-34d0-4bf9-8fdc-f41ec9a7167b-463x348.png",463,348,true],"medium":["https:\/\/revistaempresarios.net\/web\/wp-content\/uploads\/2026\/09\/b98c0a87-34d0-4bf9-8fdc-f41ec9a7167b-300x165.png",300,165,true],"full":["https:\/\/revistaempresarios.net\/web\/wp-content\/uploads\/2026\/09\/b98c0a87-34d0-4bf9-8fdc-f41ec9a7167b.png",1693,929,false]},"jetpack_sharing_enabled":true,"jetpack_featured_media_url":"https:\/\/revistaempresarios.net\/web\/wp-content\/uploads\/2026\/09\/b98c0a87-34d0-4bf9-8fdc-f41ec9a7167b.png","jetpack-related-posts":[],"_links":{"self":[{"href":"https:\/\/revistaempresarios.net\/web\/wp-json\/wp\/v2\/posts\/23107"}],"collection":[{"href":"https:\/\/revistaempresarios.net\/web\/wp-json\/wp\/v2\/posts"}],"about":[{"href":"https:\/\/revistaempresarios.net\/web\/wp-json\/wp\/v2\/types\/post"}],"author":[{"embeddable":true,"href":"https:\/\/revistaempresarios.net\/web\/wp-json\/wp\/v2\/users\/2"}],"replies":[{"embeddable":true,"href":"https:\/\/revistaempresarios.net\/web\/wp-json\/wp\/v2\/comments?post=23107"}],"version-history":[{"count":4,"href":"https:\/\/revistaempresarios.net\/web\/wp-json\/wp\/v2\/posts\/23107\/revisions"}],"predecessor-version":[{"id":23112,"href":"https:\/\/revistaempresarios.net\/web\/wp-json\/wp\/v2\/posts\/23107\/revisions\/23112"}],"wp:featuredmedia":[{"embeddable":true,"href":"https:\/\/revistaempresarios.net\/web\/wp-json\/wp\/v2\/media\/23108"}],"wp:attachment":[{"href":"https:\/\/revistaempresarios.net\/web\/wp-json\/wp\/v2\/media?parent=23107"}],"wp:term":[{"taxonomy":"category","embeddable":true,"href":"https:\/\/revistaempresarios.net\/web\/wp-json\/wp\/v2\/categories?post=23107"},{"taxonomy":"post_tag","embeddable":true,"href":"https:\/\/revistaempresarios.net\/web\/wp-json\/wp\/v2\/tags?post=23107"}],"curies":[{"name":"wp","href":"https:\/\/api.w.org\/{rel}","templated":true}]}}