{"id":22595,"date":"2026-07-20T19:28:50","date_gmt":"2026-07-20T22:28:50","guid":{"rendered":"https:\/\/revistaempresarios.net\/web\/?p=22595"},"modified":"2026-07-20T19:28:50","modified_gmt":"2026-07-20T22:28:50","slug":"jovem-pan-anuncia-arthur-ingnez-como-novo-diretor-comercial","status":"publish","type":"post","link":"https:\/\/revistaempresarios.net\/web\/2026\/07\/20\/jovem-pan-anuncia-arthur-ingnez-como-novo-diretor-comercial\/","title":{"rendered":"Jovem Pan anuncia Arthur Ingnez como novo diretor comercial"},"content":{"rendered":"<div class=\"v1cols_1 v11678378619995 v1ip-section\">\n<table border=\"0\" cellspacing=\"0\" cellpadding=\"0\" align=\"center\">\n<tbody>\n<tr>\n<td>\n<div class=\"v1mj-column-per-100 v1mj-outlook-group-fix v1ip-column\">\n<table border=\"0\" width=\"100%\" cellspacing=\"0\" cellpadding=\"0\">\n<tbody>\n<tr>\n<td>\n<table border=\"0\" width=\"100%\" cellspacing=\"0\" cellpadding=\"0\">\n<tbody>\n<tr>\n<td class=\"v1ip-text-block\" align=\"left\">\n<div>\n<p class=\"v1ql-align-center\"><strong>\u00a0<\/strong><strong>Executivo refor\u00e7a a \u00e1rea comercial do grupo com foco no relacionamento com anunciantes e ag\u00eancias, no desenvolvimento de solu\u00e7\u00f5es multiplataforma e na expans\u00e3o de receitas<\/strong><\/p>\n<\/div>\n<\/td>\n<\/tr>\n<tr>\n<td class=\"v1ip-image-block\" align=\"center\"><\/td>\n<\/tr>\n<tr>\n<td class=\"v1ip-text-block\" align=\"left\"><\/td>\n<\/tr>\n<\/tbody>\n<\/table>\n<\/td>\n<\/tr>\n<\/tbody>\n<\/table>\n<\/div>\n<\/td>\n<\/tr>\n<\/tbody>\n<\/table>\n<\/div>\n<div class=\"v1cols_1 v11678378786272 v1ip-section\">\n<div>\n<table border=\"0\" cellspacing=\"0\" cellpadding=\"0\" align=\"center\">\n<tbody>\n<tr>\n<td>\n<div class=\"v1mj-column-per-100 v1mj-outlook-group-fix v1ip-column\">\n<table border=\"0\" width=\"100%\" cellspacing=\"0\" cellpadding=\"0\">\n<tbody>\n<tr>\n<td><\/td>\n<\/tr>\n<\/tbody>\n<\/table>\n<\/div>\n<\/td>\n<\/tr>\n<\/tbody>\n<\/table>\n<\/div>\n<\/div>\n<div class=\"v1cols_1 v11678379305891 v1ip-section\">\n<div>\n<table border=\"0\" cellspacing=\"0\" cellpadding=\"0\" align=\"center\">\n<tbody>\n<tr>\n<td>\n<div class=\"v1mj-column-per-100 v1mj-outlook-group-fix v1ip-column\">\n<table border=\"0\" width=\"100%\" cellspacing=\"0\" cellpadding=\"0\">\n<tbody>\n<tr>\n<td>\n<table border=\"0\" width=\"100%\" cellspacing=\"0\" cellpadding=\"0\">\n<tbody>\n<tr>\n<td class=\"v1ip-text-block\" align=\"left\">\n<div>\n<p><strong>SOBRE A JOVEM PAN<\/strong><\/p>\n<p class=\"v1ql-align-justify\">Com 84 anos de atua\u00e7\u00e3o no setor de comunica\u00e7\u00e3o, a Jovem Pan \u00e9 um dos principais produtores de conte\u00fado do pa\u00eds, utilizando tecnologia para a distribui\u00e7\u00e3o de informa\u00e7\u00e3o, entretenimento e esportes. Seu jornalismo \u00e9 reconhecido pela cobertura dos principais fatos do Brasil e do mundo, com presen\u00e7a ativa nos grandes acontecimentos nacionais e internacionais. Historicamente, a Jovem Pan defende a Liberdade de Imprensa, a Liberdade de Express\u00e3o e a pluralidade de ideias, valores que orientam sua atua\u00e7\u00e3o editorial. Com presen\u00e7a na TV aberta e na TV por assinatura, al\u00e9m de forte atua\u00e7\u00e3o digital, a Jovem Pan opera de forma multiplataforma e \u00e9 refer\u00eancia de audi\u00eancia em todo o Brasil por meio da R\u00e1dio Jovem Pan (News e FM) e suas afiliadas, do site Jovem Pan, dos canais no YouTube, das redes sociais e da plataforma Panflix.<\/p>\n<\/div>\n<\/td>\n<\/tr>\n<\/tbody>\n<\/table>\n<\/td>\n<\/tr>\n<\/tbody>\n<\/table>\n<\/div>\n<\/td>\n<\/tr>\n<\/tbody>\n<\/table>\n<\/div>\n<\/div>\n","protected":false},"excerpt":{"rendered":"<p>\u00a0Executivo refor\u00e7a a \u00e1rea comercial do grupo com foco no relacionamento com anunciantes e ag\u00eancias, no desenvolvimento de solu\u00e7\u00f5es multiplataforma e na expans\u00e3o de receitas SOBRE A JOVEM PAN Com 84 anos de atua\u00e7\u00e3o no setor de comunica\u00e7\u00e3o, a Jovem Pan \u00e9 um dos principais produtores de conte\u00fado do pa\u00eds, utilizando tecnologia para a distribui\u00e7\u00e3o [&hellip;]<\/p>\n","protected":false},"author":1,"featured_media":22596,"comment_status":"open","ping_status":"open","sticky":false,"template":"","format":"standard","meta":{"_jetpack_memberships_contains_paid_content":false,"_joinchat":[],"footnotes":""},"categories":[51,56,57,60],"tags":[12583],"featured_image_src":{"landsacpe":["https:\/\/revistaempresarios.net\/web\/wp-content\/uploads\/2026\/07\/Arthur-Ingnez-Diretor-Comercial-da-CJPC-\u2013-Central-Jovem-Pan-de-Comercializacao-1140x445.jpeg",1140,445,true],"list":["https:\/\/revistaempresarios.net\/web\/wp-content\/uploads\/2026\/07\/Arthur-Ingnez-Diretor-Comercial-da-CJPC-\u2013-Central-Jovem-Pan-de-Comercializacao-463x348.jpeg",463,348,true],"medium":["https:\/\/revistaempresarios.net\/web\/wp-content\/uploads\/2026\/07\/Arthur-Ingnez-Diretor-Comercial-da-CJPC-\u2013-Central-Jovem-Pan-de-Comercializacao-300x183.jpeg",300,183,true],"full":["https:\/\/revistaempresarios.net\/web\/wp-content\/uploads\/2026\/07\/Arthur-Ingnez-Diretor-Comercial-da-CJPC-\u2013-Central-Jovem-Pan-de-Comercializacao.jpeg",1600,975,false]},"jetpack_sharing_enabled":true,"jetpack_featured_media_url":"https:\/\/revistaempresarios.net\/web\/wp-content\/uploads\/2026\/07\/Arthur-Ingnez-Diretor-Comercial-da-CJPC-\u2013-Central-Jovem-Pan-de-Comercializacao.jpeg","jetpack-related-posts":[],"_links":{"self":[{"href":"https:\/\/revistaempresarios.net\/web\/wp-json\/wp\/v2\/posts\/22595"}],"collection":[{"href":"https:\/\/revistaempresarios.net\/web\/wp-json\/wp\/v2\/posts"}],"about":[{"href":"https:\/\/revistaempresarios.net\/web\/wp-json\/wp\/v2\/types\/post"}],"author":[{"embeddable":true,"href":"https:\/\/revistaempresarios.net\/web\/wp-json\/wp\/v2\/users\/1"}],"replies":[{"embeddable":true,"href":"https:\/\/revistaempresarios.net\/web\/wp-json\/wp\/v2\/comments?post=22595"}],"version-history":[{"count":1,"href":"https:\/\/revistaempresarios.net\/web\/wp-json\/wp\/v2\/posts\/22595\/revisions"}],"predecessor-version":[{"id":22597,"href":"https:\/\/revistaempresarios.net\/web\/wp-json\/wp\/v2\/posts\/22595\/revisions\/22597"}],"wp:featuredmedia":[{"embeddable":true,"href":"https:\/\/revistaempresarios.net\/web\/wp-json\/wp\/v2\/media\/22596"}],"wp:attachment":[{"href":"https:\/\/revistaempresarios.net\/web\/wp-json\/wp\/v2\/media?parent=22595"}],"wp:term":[{"taxonomy":"category","embeddable":true,"href":"https:\/\/revistaempresarios.net\/web\/wp-json\/wp\/v2\/categories?post=22595"},{"taxonomy":"post_tag","embeddable":true,"href":"https:\/\/revistaempresarios.net\/web\/wp-json\/wp\/v2\/tags?post=22595"}],"curies":[{"name":"wp","href":"https:\/\/api.w.org\/{rel}","templated":true}]}}