{"id":21581,"date":"2026-04-30T20:04:17","date_gmt":"2026-04-30T23:04:17","guid":{"rendered":"https:\/\/revistaempresarios.net\/web\/?p=21581"},"modified":"2026-04-30T20:04:17","modified_gmt":"2026-04-30T23:04:17","slug":"a-ia-esta-mudando-a-forma-como-empresas-tomam-decisoes-por-dib-sekkar-founder-co-ceo-da-wigoo","status":"publish","type":"post","link":"https:\/\/revistaempresarios.net\/web\/2026\/04\/30\/a-ia-esta-mudando-a-forma-como-empresas-tomam-decisoes-por-dib-sekkar-founder-co-ceo-da-wigoo\/","title":{"rendered":"A IA est\u00e1 mudando a forma como empresas tomam decis\u00f5es &#8211;  Por: Dib Sekkar, founder &#038; co-CEO da Wigoo"},"content":{"rendered":"<p>A intelig\u00eancia artificial deixou de ser uma promessa distante para se tornar uma ferramenta concreta no cotidiano das empresas. Se antes era vista principalmente como um recurso de automa\u00e7\u00e3o ou experimenta\u00e7\u00e3o tecnol\u00f3gica, hoje come\u00e7a a ocupar um papel ainda mais relevante: apoiar decis\u00f5es estrat\u00e9gicas de neg\u00f3cio.<\/p>\n<p>Esse movimento acontece porque as organiza\u00e7\u00f5es vivem uma realidade cada vez mais orientada por dados. Informa\u00e7\u00f5es sobre consumidores, campanhas, vendas e comportamento digital s\u00e3o geradas em volume e velocidade nunca vistos. O desafio deixou de ser coletar dados e passou a ser interpret\u00e1-los com agilidade suficiente para orientar decis\u00f5es relevantes no tempo certo.<\/p>\n<p>Nesse contexto, a intelig\u00eancia artificial tem contribu\u00eddo para reduzir uma das maiores barreiras da gest\u00e3o baseada em dados, a dificuldade de acesso. Em muitas empresas, as informa\u00e7\u00f5es ainda est\u00e3o concentradas em \u00e1reas t\u00e9cnicas ou dispersas em diferentes plataformas, o que dificulta que executivos de neg\u00f3cios, marketing ou vendas utilizem esses dados no dia a dia. As ferramentas mais eficazes de IA precisam mudar essa l\u00f3gica e permitir que an\u00e1lises complexas sejam acessadas de forma simples, r\u00e1pida e compreens\u00edvel.<\/p>\n<p>Isso representa uma grande mudan\u00e7a na din\u00e2mica das organiza\u00e7\u00f5es. Quando dados passam a circular com mais fluidez entre \u00e1reas e lideran\u00e7as, decis\u00f5es deixam de depender exclusivamente de relat\u00f3rios preparados sob demanda e passam a acontecer de forma \u00e1gil e personalizada. Executivos conseguem explorar cen\u00e1rios, testar hip\u00f3teses e entender rapidamente o impacto de suas escolhas.<\/p>\n<p>Mais do que produzir dashboards ou relat\u00f3rios, o desafio passa a ser transformar dados em intelig\u00eancia de neg\u00f3cio. \u00c9 importante lembrar que tecnologia, por si s\u00f3, n\u00e3o resolve o problema. O valor real est\u00e1 na combina\u00e7\u00e3o entre ferramentas avan\u00e7adas, vis\u00e3o de neg\u00f3cio e profissionais capazes de interpretar essas informa\u00e7\u00f5es com profundidade. A IA amplia a capacidade de an\u00e1lise, mas s\u00e3o as pessoas que definem as perguntas certas e transformam respostas em estrat\u00e9gia.<\/p>\n<p>O que estamos vivenciando \u00e9 o in\u00edcio de uma mudan\u00e7a cultural importante: empresas que conseguem transformar dados em conversas estrat\u00e9gicas tomam melhores decis\u00f5es e de forma mais r\u00e1pida. Em um mercado cada vez mais competitivo, essa agilidade pode ser o diferencial entre reagir \u00e0s mudan\u00e7as ou liderar a transforma\u00e7\u00e3o.<\/p>\n","protected":false},"excerpt":{"rendered":"<p>A intelig\u00eancia artificial deixou de ser uma promessa distante para se tornar uma ferramenta concreta no cotidiano das empresas. Se antes era vista principalmente como um recurso de automa\u00e7\u00e3o ou experimenta\u00e7\u00e3o tecnol\u00f3gica, hoje come\u00e7a a ocupar um papel ainda mais relevante: apoiar decis\u00f5es estrat\u00e9gicas de neg\u00f3cio. Esse movimento acontece porque as organiza\u00e7\u00f5es vivem uma realidade [&hellip;]<\/p>\n","protected":false},"author":2,"featured_media":21582,"comment_status":"open","ping_status":"open","sticky":false,"template":"","format":"standard","meta":{"_jetpack_memberships_contains_paid_content":false,"footnotes":""},"categories":[51],"tags":[12176,12177],"featured_image_src":{"landsacpe":["https:\/\/revistaempresarios.net\/web\/wp-content\/uploads\/2026\/04\/6978a99f-743b-4ec8-a095-0fe4e09a58b4-960x445.jpg",960,445,true],"list":["https:\/\/revistaempresarios.net\/web\/wp-content\/uploads\/2026\/04\/6978a99f-743b-4ec8-a095-0fe4e09a58b4-463x348.jpg",463,348,true],"medium":["https:\/\/revistaempresarios.net\/web\/wp-content\/uploads\/2026\/04\/6978a99f-743b-4ec8-a095-0fe4e09a58b4-225x300.jpg",225,300,true],"full":["https:\/\/revistaempresarios.net\/web\/wp-content\/uploads\/2026\/04\/6978a99f-743b-4ec8-a095-0fe4e09a58b4.jpg",960,1280,false]},"jetpack_sharing_enabled":true,"jetpack_featured_media_url":"https:\/\/revistaempresarios.net\/web\/wp-content\/uploads\/2026\/04\/6978a99f-743b-4ec8-a095-0fe4e09a58b4.jpg","jetpack-related-posts":[],"_links":{"self":[{"href":"https:\/\/revistaempresarios.net\/web\/wp-json\/wp\/v2\/posts\/21581"}],"collection":[{"href":"https:\/\/revistaempresarios.net\/web\/wp-json\/wp\/v2\/posts"}],"about":[{"href":"https:\/\/revistaempresarios.net\/web\/wp-json\/wp\/v2\/types\/post"}],"author":[{"embeddable":true,"href":"https:\/\/revistaempresarios.net\/web\/wp-json\/wp\/v2\/users\/2"}],"replies":[{"embeddable":true,"href":"https:\/\/revistaempresarios.net\/web\/wp-json\/wp\/v2\/comments?post=21581"}],"version-history":[{"count":1,"href":"https:\/\/revistaempresarios.net\/web\/wp-json\/wp\/v2\/posts\/21581\/revisions"}],"predecessor-version":[{"id":21583,"href":"https:\/\/revistaempresarios.net\/web\/wp-json\/wp\/v2\/posts\/21581\/revisions\/21583"}],"wp:featuredmedia":[{"embeddable":true,"href":"https:\/\/revistaempresarios.net\/web\/wp-json\/wp\/v2\/media\/21582"}],"wp:attachment":[{"href":"https:\/\/revistaempresarios.net\/web\/wp-json\/wp\/v2\/media?parent=21581"}],"wp:term":[{"taxonomy":"category","embeddable":true,"href":"https:\/\/revistaempresarios.net\/web\/wp-json\/wp\/v2\/categories?post=21581"},{"taxonomy":"post_tag","embeddable":true,"href":"https:\/\/revistaempresarios.net\/web\/wp-json\/wp\/v2\/tags?post=21581"}],"curies":[{"name":"wp","href":"https:\/\/api.w.org\/{rel}","templated":true}]}}