{"id":21569,"date":"2026-04-30T12:04:22","date_gmt":"2026-04-30T15:04:22","guid":{"rendered":"https:\/\/revistaempresarios.net\/web\/?p=21569"},"modified":"2026-04-30T12:04:22","modified_gmt":"2026-04-30T15:04:22","slug":"mentoria-bem-me-quero-chega-a-7a-edicao-em-sao-paulo-com-proposta-de-reconexao-emocional-e-autocuidado","status":"publish","type":"post","link":"https:\/\/revistaempresarios.net\/web\/2026\/04\/30\/mentoria-bem-me-quero-chega-a-7a-edicao-em-sao-paulo-com-proposta-de-reconexao-emocional-e-autocuidado\/","title":{"rendered":"Mentoria Bem Me Quero chega \u00e0 7\u00aa edi\u00e7\u00e3o em S\u00e3o Paulo com proposta de reconex\u00e3o emocional e autocuidado"},"content":{"rendered":"<p><em>Idealizado pela psicoterapeuta Daniele Caetano, encontro presencial convida mulheres a revisitarem a pr\u00f3pria hist\u00f3ria e fortalecerem a sa\u00fade emocional em um dia de imers\u00e3o<\/em><\/p>\n<p>A cidade de S\u00e3o Paulo recebe, no dia 23 de maio, a 7\u00aa edi\u00e7\u00e3o da Mentoria Bem Me Quero, idealizada pela psicoterapeuta Daniele Caetano, fundadora da Caminhos da Terapia. Com o tema \u201cEm Casa\u201d, a imers\u00e3o acontece na Casa Loane, no Alto de Pinheiros, espa\u00e7o conhecido por sediar experi\u00eancias intimistas e encontros de destaque na capital paulista. A proposta re\u00fane acolhimento, escuta ativa e desenvolvimento emocional em uma jornada voltada a mulheres que desejam fortalecer a rela\u00e7\u00e3o consigo mesmas e ressignificar padr\u00f5es que atravessam diferentes \u00e1reas da vida.<\/p>\n<p>Partindo da ideia de que, muitas vezes, o que falta n\u00e3o \u00e9 mais for\u00e7a, mas a capacidade de voltar para si, a experi\u00eancia convida as participantes a desacelerarem e olharem para a pr\u00f3pria hist\u00f3ria com mais consci\u00eancia e profundidade. Ao longo de um dia inteiro de atividades, a programa\u00e7\u00e3o conduz reflex\u00f5es sobre autoestima, identidade, relacionamentos e pertencimento, criando um ambiente seguro para troca, conex\u00e3o e autoconhecimento.<\/p>\n<p>Com forma\u00e7\u00e3o em Gest\u00e3o de Pessoas e especializa\u00e7\u00f5es em Psicologia Organizacional e Neuropsicologia, Daniele Caetano atua h\u00e1 oito anos na \u00e1rea cl\u00ednica, com atendimentos individuais e familiares realizados em mais de 12 pa\u00edses no formato on-line. Sua metodologia integra t\u00e9cnicas como Programa\u00e7\u00e3o Neurolingu\u00edstica, Hipnoterapia Cl\u00ednica e Constela\u00e7\u00e3o Familiar Sist\u00eamica, associadas a uma abordagem humanizada e sens\u00edvel \u00e0s viv\u00eancias femininas.<\/p>\n<p>\u201cEssa edi\u00e7\u00e3o n\u00e3o \u00e9 sobre se tornar algu\u00e9m diferente, \u00e9 sobre parar de se abandonar. Muitas mulheres chegam exaustas de se doar e de sustentar ciclos que se repetem. O encontro \u00e9 um convite para olhar para dentro com coragem e encontrar um espa\u00e7o seguro dentro de si\u201d, afirma Daniele.<\/p>\n<p>A programa\u00e7\u00e3o inclui momentos de acolhimento, pr\u00e1ticas de bem-estar, palestras inspiradoras e din\u00e2micas de integra\u00e7\u00e3o, fortalecendo a constru\u00e7\u00e3o de v\u00ednculos e o sentimento de pertencimento entre as participantes. O encerramento contar\u00e1 com m\u00fasica ao vivo e uma experi\u00eancia gastron\u00f4mica preparada especialmente para o evento.<\/p>\n<p>A experi\u00eancia tamb\u00e9m re\u00fane marcas parceiras como Reisa, Li Cake Designer, Instituto Royal Belle, La Belle Candle, Bianca Ferreira Personal Chef, Lua de Papel Ateli\u00ea, Mana e Casa Map\u00ea, que contribuem para tornar o encontro ainda mais acolhedor e personalizado.<\/p>\n<p>Ao unir conhecimento t\u00e9cnico, viv\u00eancia pr\u00e1tica e uma proposta de escuta genu\u00edna, a Mentoria Bem Me Quero consolida sua trajet\u00f3ria como um espa\u00e7o de fortalecimento emocional feminino, promovendo reflex\u00f5es que impactam diferentes \u00e1reas da vida, como autoestima, rela\u00e7\u00f5es, carreira e prop\u00f3sito.<\/p>\n","protected":false},"excerpt":{"rendered":"<p>Idealizado pela psicoterapeuta Daniele Caetano, encontro presencial convida mulheres a revisitarem a pr\u00f3pria hist\u00f3ria e fortalecerem a sa\u00fade emocional em um dia de imers\u00e3o A cidade de S\u00e3o Paulo recebe, no dia 23 de maio, a 7\u00aa edi\u00e7\u00e3o da Mentoria Bem Me Quero, idealizada pela psicoterapeuta Daniele Caetano, fundadora da Caminhos da Terapia. Com o [&hellip;]<\/p>\n","protected":false},"author":2,"featured_media":21570,"comment_status":"open","ping_status":"open","sticky":false,"template":"","format":"standard","meta":{"_jetpack_memberships_contains_paid_content":false,"footnotes":""},"categories":[51,56,58,60],"tags":[12170],"featured_image_src":{"landsacpe":["https:\/\/revistaempresarios.net\/web\/wp-content\/uploads\/2026\/04\/Mentoria-Bem-Me-Quero-742x445.jpg",742,445,true],"list":["https:\/\/revistaempresarios.net\/web\/wp-content\/uploads\/2026\/04\/Mentoria-Bem-Me-Quero-463x348.jpg",463,348,true],"medium":["https:\/\/revistaempresarios.net\/web\/wp-content\/uploads\/2026\/04\/Mentoria-Bem-Me-Quero-200x300.jpg",200,300,true],"full":["https:\/\/revistaempresarios.net\/web\/wp-content\/uploads\/2026\/04\/Mentoria-Bem-Me-Quero.jpg",742,1113,false]},"jetpack_sharing_enabled":true,"jetpack_featured_media_url":"https:\/\/revistaempresarios.net\/web\/wp-content\/uploads\/2026\/04\/Mentoria-Bem-Me-Quero.jpg","jetpack-related-posts":[],"_links":{"self":[{"href":"https:\/\/revistaempresarios.net\/web\/wp-json\/wp\/v2\/posts\/21569"}],"collection":[{"href":"https:\/\/revistaempresarios.net\/web\/wp-json\/wp\/v2\/posts"}],"about":[{"href":"https:\/\/revistaempresarios.net\/web\/wp-json\/wp\/v2\/types\/post"}],"author":[{"embeddable":true,"href":"https:\/\/revistaempresarios.net\/web\/wp-json\/wp\/v2\/users\/2"}],"replies":[{"embeddable":true,"href":"https:\/\/revistaempresarios.net\/web\/wp-json\/wp\/v2\/comments?post=21569"}],"version-history":[{"count":1,"href":"https:\/\/revistaempresarios.net\/web\/wp-json\/wp\/v2\/posts\/21569\/revisions"}],"predecessor-version":[{"id":21571,"href":"https:\/\/revistaempresarios.net\/web\/wp-json\/wp\/v2\/posts\/21569\/revisions\/21571"}],"wp:featuredmedia":[{"embeddable":true,"href":"https:\/\/revistaempresarios.net\/web\/wp-json\/wp\/v2\/media\/21570"}],"wp:attachment":[{"href":"https:\/\/revistaempresarios.net\/web\/wp-json\/wp\/v2\/media?parent=21569"}],"wp:term":[{"taxonomy":"category","embeddable":true,"href":"https:\/\/revistaempresarios.net\/web\/wp-json\/wp\/v2\/categories?post=21569"},{"taxonomy":"post_tag","embeddable":true,"href":"https:\/\/revistaempresarios.net\/web\/wp-json\/wp\/v2\/tags?post=21569"}],"curies":[{"name":"wp","href":"https:\/\/api.w.org\/{rel}","templated":true}]}}