{"id":21566,"date":"2026-04-30T11:46:36","date_gmt":"2026-04-30T14:46:36","guid":{"rendered":"https:\/\/revistaempresarios.net\/web\/?p=21566"},"modified":"2026-04-30T11:46:36","modified_gmt":"2026-04-30T14:46:36","slug":"futureprint-2026-reforca-inovacao-e-destaca-avancos-no-mercado-da-comunicacao-visual-e-da-impressao-digital","status":"publish","type":"post","link":"https:\/\/revistaempresarios.net\/web\/2026\/04\/30\/futureprint-2026-reforca-inovacao-e-destaca-avancos-no-mercado-da-comunicacao-visual-e-da-impressao-digital\/","title":{"rendered":"FuturePrint 2026 refor\u00e7a inova\u00e7\u00e3o e destaca avan\u00e7os no mercado da comunica\u00e7\u00e3o visual e da impress\u00e3o digital"},"content":{"rendered":"<p><em>Principal feira da Am\u00e9rica Latina amplia presen\u00e7a de LED, cresce em impress\u00e3o 3D e acontece no Distrito Anhembi<\/em><\/p>\n<p>A FuturePrint 2026 chega para mais uma edi\u00e7\u00e3o, consolidada como o principal ponto de encontro da ind\u00fastria de comunica\u00e7\u00e3o visual, serigrafia, sublima\u00e7\u00e3o e impress\u00e3o digital na Am\u00e9rica Latina. O evento acontece de 14 a 17 de julho,\u00a0 de ter\u00e7a a sexta-feira, das 13h \u00e0s 20h, no Distrito Anhembi, em S\u00e3o Paulo. Uma mudan\u00e7a importante em rela\u00e7\u00e3o aos anos anteriores, j\u00e1 que a feira costumava acontecer de quarta \u00e0 s\u00e1bado. A entrada \u00e9 gratuita e o acesso \u00e9 dedicado para profissionais e empreendedores do setor.<\/p>\n<p>Para esta edi\u00e7\u00e3o, a previs\u00e3o \u00e9 reunir mais de 600 marcas expositoras e mais de 45 mil visitantes, vindos de todas as regi\u00f5es do Brasil e diversas partes do mundo. O evento mant\u00e9m-se como um ambiente estrat\u00e9gico para a gera\u00e7\u00e3o de neg\u00f3cios, lan\u00e7amento de tecnologias, dissemina\u00e7\u00e3o de conhecimento e fortalecimento das conex\u00f5es entre profissionais e empresas do setor.<\/p>\n<p>As atra\u00e7\u00f5es tradicionais, como o Serigrafia Em A\u00e7\u00e3o, Sublima\u00e7\u00e3o Em A\u00e7\u00e3o, Circuito De Impress\u00e3o Digital T\u00eaxtil, Talks FutureT\u00eaxtil, Fachada Makers, F\u00f3rum FuturePrint e Sala de Cr\u00e9dito permanecem, preservando a base que fez da feira a grande refer\u00eancia do mercado atual, mas novas frentes alinhadas \u00e0s transforma\u00e7\u00f5es da ind\u00fastria chamam a aten\u00e7\u00e3o para 2026. O principal destaque ser\u00e1 o fortalecimento da \u00e1rea de LED e comunica\u00e7\u00e3o digital, que ganha ainda mais relev\u00e2ncia na programa\u00e7\u00e3o, com \u00e1rea dedicada e conte\u00fado ao longo dos quatro dias, trazendo nomes influentes do mercado que apresentar\u00e3o solu\u00e7\u00f5es e perspectivas que prometem mexer com a comunica\u00e7\u00e3o visual nos pr\u00f3ximos anos.<\/p>\n<p>\u201cEstamos acompanhando uma mudan\u00e7a clara cada vez mais conectada ao digital e \u00e0 experi\u00eancia. A amplia\u00e7\u00e3o da \u00e1rea de LED reflete esse movimento e posiciona a FuturePrint como um espa\u00e7o essencial para quem busca inova\u00e7\u00e3o e atualiza\u00e7\u00e3o constante\u201d, afirma Yeda Monteiro, gerente de neg\u00f3cios da FuturePrint.<\/p>\n<p>Outra frente em expans\u00e3o \u00e9 a impress\u00e3o 3D, que amplia sua presen\u00e7a com o aumento no n\u00famero de expositores e maior visibilidade, refor\u00e7ando seu papel como uma das principais tend\u00eancias do setor.<\/p>\n<p>Como novidade, o FAB LAB LIVRE SP, projeto da Prefeitura de S\u00e3o Paulo, tamb\u00e9m estar\u00e1 presente no evento e a iniciativa refor\u00e7a o compromisso da FuturePrint com a inova\u00e7\u00e3o, a educa\u00e7\u00e3o e a democratiza\u00e7\u00e3o do acesso \u00e0 tecnologia.<\/p>\n<p>\u201cA FuturePrint tem um forte compromisso com o desenvolvimento respons\u00e1vel do mercado na sua ess\u00eancia, quando surgimos h\u00e1 mais de 35 anos. E tudo que fazemos e acrescentamos \u00e0 feira ao longo tempo \u00e9 sempre pensando nesse compromisso.\u201d destaca Yeda.<\/p>\n<p>&nbsp;<\/p>\n<p><strong>Sobre a FuturePrint<\/strong><\/p>\n<p>A FuturePrint,organizada pela Informa Markets, \u00e9 o maior e mais completo evento de tecnologia de impress\u00e3o para os mercados de comunica\u00e7\u00e3o visual, impress\u00e3o digital, sublima\u00e7\u00e3o e serigrafia da Am\u00e9rica Latina. A feira re\u00fane as principais marcas do setor e promove a conex\u00e3o entre fabricantes, distribuidores, prestadores de servi\u00e7os e profissionais criativos, oferecendo uma plataforma de lan\u00e7amentos, gera\u00e7\u00e3o de neg\u00f3cios e forma\u00e7\u00e3o de conhecimento.<\/p>\n<p>A Informa Markets conecta pessoas e mercados por meio de solu\u00e7\u00f5es digitais, conte\u00fado especializado, feiras de neg\u00f3cios, eventos h\u00edbridos e intelig\u00eancia de mercado, construindo uma jornada de relacionamento e neg\u00f3cios entre empresas e mercados 365 dias por ano. Presente em mais de 30 pa\u00edses, atua na Am\u00e9rica Latina h\u00e1 27 anos, com escrit\u00f3rios no Brasil e no M\u00e9xico, entregando anualmente mais de 30 eventos h\u00edbridos, 70 eventos digitais, portais de not\u00edcia e plataformas digitais de conex\u00e3o e neg\u00f3cios.<\/p>\n<p><strong>Servi\u00e7o<br \/>\nFuturePrint 2026<br \/>\nLocal:<\/strong> Distrito Anhembi \u2013 Av. Olavo Fontoura, 1.209 \u2013 Santana \u2013 S\u00e3o Paulo\/SP. CEP: 02001-900.<br \/>\n<strong>Data:<\/strong> 14 a 17 de julho de 2026. Ter\u00e7a a sexta-feira, das 13h \u00e0s 20h.<br \/>\n<strong>Entrada gratuita<\/strong><br \/>\n<strong>Inscri\u00e7\u00f5es no site: <\/strong><a href=\"http:\/\/www.feirafutureprint.com.br\/\">www.feirafutureprint.com.br<\/a><\/p>\n","protected":false},"excerpt":{"rendered":"<p>Principal feira da Am\u00e9rica Latina amplia presen\u00e7a de LED, cresce em impress\u00e3o 3D e acontece no Distrito Anhembi A FuturePrint 2026 chega para mais uma edi\u00e7\u00e3o, consolidada como o principal ponto de encontro da ind\u00fastria de comunica\u00e7\u00e3o visual, serigrafia, sublima\u00e7\u00e3o e impress\u00e3o digital na Am\u00e9rica Latina. O evento acontece de 14 a 17 de julho,\u00a0 [&hellip;]<\/p>\n","protected":false},"author":2,"featured_media":21567,"comment_status":"open","ping_status":"open","sticky":false,"template":"","format":"standard","meta":{"_jetpack_memberships_contains_paid_content":false,"footnotes":""},"categories":[51,56,58,60],"tags":[12169],"featured_image_src":{"landsacpe":["https:\/\/revistaempresarios.net\/web\/wp-content\/uploads\/2026\/04\/7a8a07c5-901a-483c-9aa8-8fda9e4b0f05.jpg",397,262,false],"list":["https:\/\/revistaempresarios.net\/web\/wp-content\/uploads\/2026\/04\/7a8a07c5-901a-483c-9aa8-8fda9e4b0f05.jpg",397,262,false],"medium":["https:\/\/revistaempresarios.net\/web\/wp-content\/uploads\/2026\/04\/7a8a07c5-901a-483c-9aa8-8fda9e4b0f05-300x198.jpg",300,198,true],"full":["https:\/\/revistaempresarios.net\/web\/wp-content\/uploads\/2026\/04\/7a8a07c5-901a-483c-9aa8-8fda9e4b0f05.jpg",397,262,false]},"jetpack_sharing_enabled":true,"jetpack_featured_media_url":"https:\/\/revistaempresarios.net\/web\/wp-content\/uploads\/2026\/04\/7a8a07c5-901a-483c-9aa8-8fda9e4b0f05.jpg","jetpack-related-posts":[],"_links":{"self":[{"href":"https:\/\/revistaempresarios.net\/web\/wp-json\/wp\/v2\/posts\/21566"}],"collection":[{"href":"https:\/\/revistaempresarios.net\/web\/wp-json\/wp\/v2\/posts"}],"about":[{"href":"https:\/\/revistaempresarios.net\/web\/wp-json\/wp\/v2\/types\/post"}],"author":[{"embeddable":true,"href":"https:\/\/revistaempresarios.net\/web\/wp-json\/wp\/v2\/users\/2"}],"replies":[{"embeddable":true,"href":"https:\/\/revistaempresarios.net\/web\/wp-json\/wp\/v2\/comments?post=21566"}],"version-history":[{"count":1,"href":"https:\/\/revistaempresarios.net\/web\/wp-json\/wp\/v2\/posts\/21566\/revisions"}],"predecessor-version":[{"id":21568,"href":"https:\/\/revistaempresarios.net\/web\/wp-json\/wp\/v2\/posts\/21566\/revisions\/21568"}],"wp:featuredmedia":[{"embeddable":true,"href":"https:\/\/revistaempresarios.net\/web\/wp-json\/wp\/v2\/media\/21567"}],"wp:attachment":[{"href":"https:\/\/revistaempresarios.net\/web\/wp-json\/wp\/v2\/media?parent=21566"}],"wp:term":[{"taxonomy":"category","embeddable":true,"href":"https:\/\/revistaempresarios.net\/web\/wp-json\/wp\/v2\/categories?post=21566"},{"taxonomy":"post_tag","embeddable":true,"href":"https:\/\/revistaempresarios.net\/web\/wp-json\/wp\/v2\/tags?post=21566"}],"curies":[{"name":"wp","href":"https:\/\/api.w.org\/{rel}","templated":true}]}}