{"id":21557,"date":"2026-04-29T20:38:16","date_gmt":"2026-04-29T23:38:16","guid":{"rendered":"https:\/\/revistaempresarios.net\/web\/?p=21557"},"modified":"2026-04-29T20:38:16","modified_gmt":"2026-04-29T23:38:16","slug":"em-florianopolis-europa-connect-business-reune-palestrantes-do-brasil-e-portugal-para-debater-entrada-de-empresas-no-mercado-europeu","status":"publish","type":"post","link":"https:\/\/revistaempresarios.net\/web\/2026\/04\/29\/em-florianopolis-europa-connect-business-reune-palestrantes-do-brasil-e-portugal-para-debater-entrada-de-empresas-no-mercado-europeu\/","title":{"rendered":"Em Florian\u00f3polis, Europa Connect Business re\u00fane palestrantes do Brasil e Portugal para debater entrada de empresas no mercado europeu"},"content":{"rendered":"<div class=\"v1cols_1 v11674049773888 v1ip-section\">\n<div>\n<table border=\"0\" cellspacing=\"0\" cellpadding=\"0\" align=\"center\">\n<tbody>\n<tr>\n<td>\n<div class=\"v1mj-column-per-100 v1mj-outlook-group-fix v1ip-column\">\n<table border=\"0\" width=\"100%\" cellspacing=\"0\" cellpadding=\"0\">\n<tbody>\n<tr>\n<td>\n<table border=\"0\" width=\"100%\" cellspacing=\"0\" cellpadding=\"0\">\n<tbody>\n<tr>\n<td class=\"v1ip-text-block\" align=\"left\">\n<div>\n<p><em>Evento gratuito e aberto ao p\u00fablico acontece na pr\u00f3xima ter\u00e7a-feira, 05 de maio, na FACISC, com especialistas nacionais e internacionais, incluindo S\u00f3nia Dias Magalh\u00e3es, diretora executiva da Startup World Cup\u00a0<\/em><\/p>\n<\/div>\n<\/td>\n<\/tr>\n<\/tbody>\n<\/table>\n<\/td>\n<\/tr>\n<\/tbody>\n<\/table>\n<\/div>\n<\/td>\n<\/tr>\n<\/tbody>\n<\/table>\n<\/div>\n<\/div>\n<div class=\"v1cols_1 v11674049754184 v1ip-section\">\n<table border=\"0\" cellspacing=\"0\" cellpadding=\"0\" align=\"center\">\n<tbody>\n<tr>\n<td>\n<div class=\"v1mj-column-per-100 v1mj-outlook-group-fix v1ip-column\">\n<table border=\"0\" width=\"100%\" cellspacing=\"0\" cellpadding=\"0\">\n<tbody>\n<tr>\n<td>\n<table border=\"0\" width=\"100%\" cellspacing=\"0\" cellpadding=\"0\">\n<tbody>\n<tr>\n<td class=\"v1ip-image-block\" align=\"center\"><\/td>\n<\/tr>\n<\/tbody>\n<\/table>\n<\/td>\n<\/tr>\n<\/tbody>\n<\/table>\n<\/div>\n<\/td>\n<\/tr>\n<\/tbody>\n<\/table>\n<\/div>\n<div class=\"v1cols_1 v11674049775602 v1ip-section\">\n<div>\n<table border=\"0\" cellspacing=\"0\" cellpadding=\"0\" align=\"center\">\n<tbody>\n<tr>\n<td>\n<div class=\"v1mj-column-per-100 v1mj-outlook-group-fix v1ip-column\">\n<table border=\"0\" width=\"100%\" cellspacing=\"0\" cellpadding=\"0\">\n<tbody>\n<tr>\n<td>\n<table border=\"0\" width=\"100%\" cellspacing=\"0\" cellpadding=\"0\">\n<tbody>\n<tr>\n<td class=\"v1ip-text-block\" align=\"left\">\n<div>\n<p>Florian\u00f3polis (SC) ser\u00e1 sede, na pr\u00f3xima ter\u00e7a-feira, dia 05 de maio, do Europa Connect Business, encontro presencial que conecta empres\u00e1rios e lideran\u00e7as a uma discuss\u00e3o pr\u00e1tica sobre internacionaliza\u00e7\u00e3o, acesso ao mercado europeu, investimentos, estrat\u00e9gia tribut\u00e1ria e posicionamento de marca global. Com participa\u00e7\u00e3o gratuita e aberta ao p\u00fablico, o evento ocorre na Federa\u00e7\u00e3o das Associa\u00e7\u00f5es Empresariais de Santa Catarina (FACISC), das 09h \u00e0s 16h50, e re\u00fane palestrantes nacionais e internacionais, com destaque para a presen\u00e7a de S\u00f3nia Dias Magalh\u00e3es, diretora executiva da Startup World Cup Portugal, Madri, S\u00e3o Paulo e Florian\u00f3polis, bem como managing partner da Octanova SCR.<\/p>\n<p>Al\u00e9m da programa\u00e7\u00e3o de conte\u00fado, o encontro inclui coffee breaks e almo\u00e7o gratuitos, favorecendo networking e conex\u00f5es entre os participantes e entidades presentes. As inscri\u00e7\u00f5es devem ser realizadas\u00a0<a href=\"https:\/\/click.knewin360.com\/Click\/click\/eyJhbGciOiJIUzI1NiIsInR5cCI6IkpXVCJ9.eyJjYW1wYWlnbklkIjoiYzZlMWFiNjgtYjI2NC00NjA3LTM1NzMtMDhkZWE0Yjc3ZTVlIiwicGVyc29uSWQiOiI3Y2Q5NTc2Ni02MDE5LTRjMDktYjIxMy01NzM4OTM2NDhiNWUiLCJlbWFpbCI6ImNvbnRhdG9AcmV2aXN0YWVtcHJlc2FyaW9zLm5ldCIsInVybCI6Imh0dHBzOi8vd3d3LnN5bXBsYS5jb20uYnIvZXZlbnRvL2V1cm9wYS1jb25uZWN0LWJ1c2luZXNzLzMzODIxMTEiLCJpc1NlZ21lbnRhdGlvbiI6IlRydWUiLCJuYmYiOjE3Nzc0ODgyMzgsImV4cCI6MTc4MDA4MDIzOCwiaWF0IjoxNzc3NDg4MjM4fQ.vTlvIndGtZr3BzMiaS93XjtTfTx4qjXCUBD6HlSYQ8M\" target=\"_blank\" rel=\"noopener noreferrer\">pela plataforma Sympla<\/a>.<\/p>\n<p>Santa Catarina re\u00fane talento, tecnologia, capacidade produtiva e tradi\u00e7\u00e3o exportadora. No entanto, a aus\u00eancia de um funil estruturado de internacionaliza\u00e7\u00e3o ainda limita o alcance e a sustentabilidade das opera\u00e7\u00f5es internacionais. Com o objetivo de ampliar clareza e estrat\u00e9gia para esse movimento, o Europa Connect Business prop\u00f5e um dia de debates sobre os principais pontos que influenciam decis\u00f5es de entrada na Europa.<\/p>\n<p>Idealizador do encontro, o advogado Bruno Albuquerque atua no Brasil e em Portugal e \u00e9 especialista em neg\u00f3cios internacionais. Para ele, a proposta do Europa Connect Business \u00e9 apoiar decis\u00f5es mais seguras e reduzir riscos antes da execu\u00e7\u00e3o.<\/p>\n<p>&#8220;Vamos reunir empres\u00e1rios que est\u00e3o olhando para a Europa como pr\u00f3ximo passo, em um encontro bem pr\u00e1tico, com troca real e direcionamento. A ideia \u00e9 sair do campo te\u00f3rico e trazer clareza sobre o que realmente envolve esse movimento, desde Portugal como porta de entrada at\u00e9 estrutura\u00e7\u00e3o, vis\u00e3o de investidores e os erros mais comuns. Um evento pensado para gerar conex\u00e3o e decis\u00f5es mais seguras&#8221;, afirma Bruno Albuquerque.<\/p>\n<h1><strong>Cronograma<\/strong><\/h1>\n<p>O cronograma completo do evento \u00e9 composto da seguinte maneira:<\/p>\n<p><strong>09h \u2013 09h30min | Credenciamento e Abertura<\/strong><\/p>\n<p>Recep\u00e7\u00e3o dos participantes, boas-vindas institucionais, apresenta\u00e7\u00e3o do prop\u00f3sito do evento e fala de autoridades.<\/p>\n<p><strong>09h30min \u2013 10h30min | Painel 1 \u2013 Impactos do Acordo Mercosul\u2013Uni\u00e3o Europeia<\/strong><\/p>\n<p>Com Bruno Albuquerque. O painel aborda o que empresas precisam considerar para se preparar, al\u00e9m de oportunidades e desafios para acessar o mercado europeu.<\/p>\n<p><strong>10h30min \u2013 11h | Coffee Break<\/strong><\/p>\n<p><strong>11h \u2013 12h | Painel 2 \u2013 Estrutura Empresarial para Internacionaliza\u00e7\u00e3o<\/strong><\/p>\n<p>Com Rafael Bianchini Glavam, consultor empresarial e analista estrat\u00e9gico. O painel discute organiza\u00e7\u00e3o interna e requisitos de gest\u00e3o para expans\u00e3o internacional.<\/p>\n<p><strong>12h \u2013 13h30min | Intervalo para Almo\u00e7o + Espa\u00e7o Institucional \/ Networking Guiado<\/strong><\/p>\n<p>Momento de intera\u00e7\u00e3o entre participantes e conex\u00e3o com entidades presentes.<\/p>\n<p><strong>13h30min \u2013 14h30min | Painel 4 \u2013 Acesso a Fundos Europeus e Investimentos<\/strong><\/p>\n<p>Com S\u00f3nia Dias Magalh\u00e3es (Portugal), diretora executiva da Startup World Cup Portugal, Madri, S\u00e3o Paulo e Florian\u00f3polis, e managing partner da Octanova SCR. O painel trata de fundos p\u00fablicos e privados da Uni\u00e3o Europeia e oportunidades de investimento.<\/p>\n<p><strong>14h30min \u2013 15h | Coffee Break<\/strong><\/p>\n<p><strong>15h \u2013 15h30min | SEBRAE\/SC \u2013 Programa Acelera Mercados Global<\/strong><\/p>\n<p>Iniciativa do SEBRAE\/SC voltada \u00e0s MPEs que desejam exportar ou ampliar participa\u00e7\u00e3o no mercado internacional.<\/p>\n<p><strong>15h30min \u2013 16h20min | Painel 5 \u2013 Estrat\u00e9gias Cont\u00e1beis e Tribut\u00e1rias<\/strong><\/p>\n<p>Com Rafael Antunes, contador e CEO da Sublime Contabilidade e Assessoria. O painel aborda estrutura fiscal para opera\u00e7\u00f5es Brasil\u2013UE e modelos de viabilidade internacional.<\/p>\n<p><strong>16h20min \u2013 16h40min | Painel 6 \u2013 Marketing para Internacionaliza\u00e7\u00e3o<\/strong><\/p>\n<p>Com Daniela Santos da Silveira, s\u00f3cia e diretora executiva da Mondigital Portugal, e Michael Martins, estrategista de marcas &amp; growth da Mondigital Marketing Brasil. O debate foca em posicionamento de marca global e estrat\u00e9gias de entrada no mercado europeu.<\/p>\n<p><strong>16h40min \u2013 16h50min | Encerramento<\/strong><\/p>\n<p>S\u00edntese dos aprendizados, agradecimentos e pr\u00f3ximos passos \/ networking final.<\/p>\n<\/div>\n<\/td>\n<\/tr>\n<\/tbody>\n<\/table>\n<\/td>\n<\/tr>\n<\/tbody>\n<\/table>\n<\/div>\n<\/td>\n<\/tr>\n<\/tbody>\n<\/table>\n<\/div>\n<\/div>\n","protected":false},"excerpt":{"rendered":"<p>Evento gratuito e aberto ao p\u00fablico acontece na pr\u00f3xima ter\u00e7a-feira, 05 de maio, na FACISC, com especialistas nacionais e internacionais, incluindo S\u00f3nia Dias Magalh\u00e3es, diretora executiva da Startup World Cup\u00a0 Florian\u00f3polis (SC) ser\u00e1 sede, na pr\u00f3xima ter\u00e7a-feira, dia 05 de maio, do Europa Connect Business, encontro presencial que conecta empres\u00e1rios e lideran\u00e7as a uma discuss\u00e3o [&hellip;]<\/p>\n","protected":false},"author":2,"featured_media":21558,"comment_status":"open","ping_status":"open","sticky":false,"template":"","format":"standard","meta":{"_jetpack_memberships_contains_paid_content":false,"footnotes":""},"categories":[51,53,54,56,57,58],"tags":[12164,12165],"featured_image_src":{"landsacpe":["https:\/\/revistaempresarios.net\/web\/wp-content\/uploads\/2026\/04\/d9dff9d4-913a-42d9-9044-473d6e2ed62e-1140x445.jpg",1140,445,true],"list":["https:\/\/revistaempresarios.net\/web\/wp-content\/uploads\/2026\/04\/d9dff9d4-913a-42d9-9044-473d6e2ed62e-463x348.jpg",463,348,true],"medium":["https:\/\/revistaempresarios.net\/web\/wp-content\/uploads\/2026\/04\/d9dff9d4-913a-42d9-9044-473d6e2ed62e-300x200.jpg",300,200,true],"full":["https:\/\/revistaempresarios.net\/web\/wp-content\/uploads\/2026\/04\/d9dff9d4-913a-42d9-9044-473d6e2ed62e-scaled.jpg",2560,1707,false]},"jetpack_sharing_enabled":true,"jetpack_featured_media_url":"https:\/\/revistaempresarios.net\/web\/wp-content\/uploads\/2026\/04\/d9dff9d4-913a-42d9-9044-473d6e2ed62e-scaled.jpg","jetpack-related-posts":[],"_links":{"self":[{"href":"https:\/\/revistaempresarios.net\/web\/wp-json\/wp\/v2\/posts\/21557"}],"collection":[{"href":"https:\/\/revistaempresarios.net\/web\/wp-json\/wp\/v2\/posts"}],"about":[{"href":"https:\/\/revistaempresarios.net\/web\/wp-json\/wp\/v2\/types\/post"}],"author":[{"embeddable":true,"href":"https:\/\/revistaempresarios.net\/web\/wp-json\/wp\/v2\/users\/2"}],"replies":[{"embeddable":true,"href":"https:\/\/revistaempresarios.net\/web\/wp-json\/wp\/v2\/comments?post=21557"}],"version-history":[{"count":1,"href":"https:\/\/revistaempresarios.net\/web\/wp-json\/wp\/v2\/posts\/21557\/revisions"}],"predecessor-version":[{"id":21559,"href":"https:\/\/revistaempresarios.net\/web\/wp-json\/wp\/v2\/posts\/21557\/revisions\/21559"}],"wp:featuredmedia":[{"embeddable":true,"href":"https:\/\/revistaempresarios.net\/web\/wp-json\/wp\/v2\/media\/21558"}],"wp:attachment":[{"href":"https:\/\/revistaempresarios.net\/web\/wp-json\/wp\/v2\/media?parent=21557"}],"wp:term":[{"taxonomy":"category","embeddable":true,"href":"https:\/\/revistaempresarios.net\/web\/wp-json\/wp\/v2\/categories?post=21557"},{"taxonomy":"post_tag","embeddable":true,"href":"https:\/\/revistaempresarios.net\/web\/wp-json\/wp\/v2\/tags?post=21557"}],"curies":[{"name":"wp","href":"https:\/\/api.w.org\/{rel}","templated":true}]}}