{"id":21537,"date":"2026-04-29T19:29:37","date_gmt":"2026-04-29T22:29:37","guid":{"rendered":"https:\/\/revistaempresarios.net\/web\/?p=21537"},"modified":"2026-04-29T19:29:37","modified_gmt":"2026-04-29T22:29:37","slug":"o-novo-vazio-do-trabalho-quando-voce-entrega-mas-nao-sabe-com-o-que-contribuiu","status":"publish","type":"post","link":"https:\/\/revistaempresarios.net\/web\/2026\/04\/29\/o-novo-vazio-do-trabalho-quando-voce-entrega-mas-nao-sabe-com-o-que-contribuiu\/","title":{"rendered":"O novo vazio do trabalho: quando voc\u00ea entrega, mas n\u00e3o sabe com o que contribuiu"},"content":{"rendered":"<p><em>Especialista alerta para perda de significado no trabalho com uso automatizado da IA<\/em><\/p>\n<p class=\"v1ql-align-justify\">No Dia do Trabalhador, uma reflex\u00e3o come\u00e7a a ganhar espa\u00e7o nas empresas: o impacto da intelig\u00eancia artificial no sentido do trabalho. Se por um lado a tecnologia aumenta a produtividade e acelera entregas, por outro, pode gerar um efeito mais silencioso: o distanciamento entre o profissional e o valor real daquilo que produz.<\/p>\n<p class=\"v1ql-align-justify\"><strong>Segundo a especialista em desenvolvimento de lideran\u00e7as e equipes e s\u00f3cia da Quantum Development, Susana Azevedo,<\/strong>\u00a0o risco n\u00e3o est\u00e1 apenas na substitui\u00e7\u00e3o de empregos, mas em algo mais sutil. &#8220;A pessoa continua empregada, mas sem saber exatamente o que fez de fato. O valor econ\u00f4mico pode at\u00e9 crescer. O valor identit\u00e1rio fica solto&#8221;, afirma.<\/p>\n<p class=\"v1ql-align-justify\">Al\u00e9m disso, o uso excessivo e pouco consciente da IA pode comprometer o desenvolvimento profissional. &#8220;Um dos problemas que surge \u00e9 a atrofia mental.<strong>\u00a0As pessoas deixam de pensar e ter pensamento cr\u00edtico e anal\u00edtico, deixando tudo nas m\u00e3os da IA<\/strong>&#8220;, alerta a especialista.<\/p>\n<p class=\"v1ql-align-justify\">O esvaziamento de sentido n\u00e3o acontece de forma abrupta, mas gradual, \u00e0 medida que habilidades constru\u00eddas ao longo do tempo passam a ser substitu\u00eddas por comandos simples. Nesse contexto,<strong>\u00a0muitos profissionais passam a questionar sua pr\u00f3pria contribui\u00e7\u00e3o.<\/strong><\/p>\n<p class=\"v1ql-align-justify\">Diante dessa transforma\u00e7\u00e3o, o valor do trabalho deixa de estar apenas na execu\u00e7\u00e3o e passa a depender da capacidade de pensar, definir dire\u00e7\u00f5es e validar resultados.<\/p>\n<p class=\"v1ql-align-justify\">&#8220;Na medida em que parte da execu\u00e7\u00e3o passa para a tecnologia, a contribui\u00e7\u00e3o do ser humano est\u00e1 antes da entrada da IA, na defini\u00e7\u00e3o dos conceitos, na estrat\u00e9gia, na ideia, no valor que deseja criar&#8221;, explica.<\/p>\n<p class=\"v1ql-align-justify\">No contexto atual, mais do que executar, o desafio \u00e9 manter a conex\u00e3o com o pr\u00f3prio trabalho. Em um ambiente onde a tecnologia j\u00e1 faz muito, a capacidade de pensar, questionar e atribuir sentido pode ser o principal diferencial humano.<\/p>\n<p class=\"v1ql-align-justify\"><strong>Sobre a Quantum Development<\/strong><\/p>\n<p class=\"v1ql-align-justify\">Com foco no desenvolvimento de equipes de lideran\u00e7a de alta performance, a Quantum Development apoia seus clientes na profissionaliza\u00e7\u00e3o e na transforma\u00e7\u00e3o da cultura organizacional em um mundo em constante evolu\u00e7\u00e3o. Criada em 2021 pelas s\u00f3cias-fundadoras Bianca Aichinger e Susana Azevedo, que somam mais de duas d\u00e9cadas de experi\u00eancia no mercado corporativo nacional e internacional, a empresa tem em seu portf\u00f3lio clientes como Grupo Leveros e Uappi.<\/p>\n","protected":false},"excerpt":{"rendered":"<p>Especialista alerta para perda de significado no trabalho com uso automatizado da IA No Dia do Trabalhador, uma reflex\u00e3o come\u00e7a a ganhar espa\u00e7o nas empresas: o impacto da intelig\u00eancia artificial no sentido do trabalho. Se por um lado a tecnologia aumenta a produtividade e acelera entregas, por outro, pode gerar um efeito mais silencioso: o [&hellip;]<\/p>\n","protected":false},"author":2,"featured_media":21538,"comment_status":"open","ping_status":"open","sticky":false,"template":"","format":"standard","meta":{"_jetpack_memberships_contains_paid_content":false,"footnotes":""},"categories":[51],"tags":[12156,12155],"featured_image_src":{"landsacpe":["https:\/\/revistaempresarios.net\/web\/wp-content\/uploads\/2026\/04\/novo-vazio-1140x445.jpg",1140,445,true],"list":["https:\/\/revistaempresarios.net\/web\/wp-content\/uploads\/2026\/04\/novo-vazio-463x348.jpg",463,348,true],"medium":["https:\/\/revistaempresarios.net\/web\/wp-content\/uploads\/2026\/04\/novo-vazio-300x200.jpg",300,200,true],"full":["https:\/\/revistaempresarios.net\/web\/wp-content\/uploads\/2026\/04\/novo-vazio.jpg",1920,1280,false]},"jetpack_sharing_enabled":true,"jetpack_featured_media_url":"https:\/\/revistaempresarios.net\/web\/wp-content\/uploads\/2026\/04\/novo-vazio.jpg","jetpack-related-posts":[],"_links":{"self":[{"href":"https:\/\/revistaempresarios.net\/web\/wp-json\/wp\/v2\/posts\/21537"}],"collection":[{"href":"https:\/\/revistaempresarios.net\/web\/wp-json\/wp\/v2\/posts"}],"about":[{"href":"https:\/\/revistaempresarios.net\/web\/wp-json\/wp\/v2\/types\/post"}],"author":[{"embeddable":true,"href":"https:\/\/revistaempresarios.net\/web\/wp-json\/wp\/v2\/users\/2"}],"replies":[{"embeddable":true,"href":"https:\/\/revistaempresarios.net\/web\/wp-json\/wp\/v2\/comments?post=21537"}],"version-history":[{"count":1,"href":"https:\/\/revistaempresarios.net\/web\/wp-json\/wp\/v2\/posts\/21537\/revisions"}],"predecessor-version":[{"id":21539,"href":"https:\/\/revistaempresarios.net\/web\/wp-json\/wp\/v2\/posts\/21537\/revisions\/21539"}],"wp:featuredmedia":[{"embeddable":true,"href":"https:\/\/revistaempresarios.net\/web\/wp-json\/wp\/v2\/media\/21538"}],"wp:attachment":[{"href":"https:\/\/revistaempresarios.net\/web\/wp-json\/wp\/v2\/media?parent=21537"}],"wp:term":[{"taxonomy":"category","embeddable":true,"href":"https:\/\/revistaempresarios.net\/web\/wp-json\/wp\/v2\/categories?post=21537"},{"taxonomy":"post_tag","embeddable":true,"href":"https:\/\/revistaempresarios.net\/web\/wp-json\/wp\/v2\/tags?post=21537"}],"curies":[{"name":"wp","href":"https:\/\/api.w.org\/{rel}","templated":true}]}}