{"id":21534,"date":"2026-04-29T19:24:44","date_gmt":"2026-04-29T22:24:44","guid":{"rendered":"https:\/\/revistaempresarios.net\/web\/?p=21534"},"modified":"2026-04-29T19:24:44","modified_gmt":"2026-04-29T22:24:44","slug":"superquarta-corte-de-025-p-p-na-selic-preserva-a-renda-fixa-e-eleva-cautela-com-ativos","status":"publish","type":"post","link":"https:\/\/revistaempresarios.net\/web\/2026\/04\/29\/superquarta-corte-de-025-p-p-na-selic-preserva-a-renda-fixa-e-eleva-cautela-com-ativos\/","title":{"rendered":"Superquarta: Corte de 0,25 p.p. na Selic preserva a Renda fixa e eleva cautela com Ativos"},"content":{"rendered":"<p><i>&#8220;A sequ\u00eancia de cortes modestos indica mais uma calibra\u00e7\u00e3o de pol\u00edtica do que um ciclo claro de est\u00edmulo. Os efeitos sobre cr\u00e9dito, consumo e atividade tendem a ser contidos no curto prazo, funcionando mais como sinaliza\u00e7\u00e3o do que como impulso efetivo&#8221;, Peterson Rizzo, Gerente de R.I da Multiplike.<\/i><\/p>\n<div>\n<p>&nbsp;<\/p>\n<p>\u201cA redu\u00e7\u00e3o dos juros pelo Copom e a manuten\u00e7\u00e3o pelo Fed nesta Superquarta sinalizam que o ciclo come\u00e7a a virar, com a infla\u00e7\u00e3o mostrando sinais mais consistentes de desacelera\u00e7\u00e3o. Ainda assim, \u00e9 um movimento inicial, feito com cautela, indicando uma transi\u00e7\u00e3o gradual de um ambiente restritivo para um cen\u00e1rio mais estimulativo. Na pr\u00e1tica, isso tende a destravar o cr\u00e9dito aos poucos, melhorar o consumo e dar f\u00f4lego \u00e0 atividade econ\u00f4mica. Para o mercado de FIDCs, o impacto \u00e9 duplo: por um lado, o carrego tende a diminuir ao longo do tempo; por outro, a melhora nas condi\u00e7\u00f5es econ\u00f4micas reduz o risco de cr\u00e9dito e amplia a demanda por financiamento, criando um ambiente mais favor\u00e1vel para origina\u00e7\u00e3o e expans\u00e3o das opera\u00e7\u00f5es. O ponto de aten\u00e7\u00e3o segue no cen\u00e1rio externo. A escalada do conflito no Oriente M\u00e9dio e a alta do petr\u00f3leo podem pressionar novamente a infla\u00e7\u00e3o, o que pode limitar ou desacelerar o ritmo de cortes. Isso refor\u00e7a que, mesmo com o in\u00edcio da queda de juros, o ciclo deve ser conduzido com prud\u00eancia e sujeito a revis\u00f5es ao longo do caminho\u201d,\u00a0<strong>Edgar Ara\u00fajo, CEO da Azumi Investimentos.<\/strong><\/p>\n<p>\u201cO cen\u00e1rio atual mostra um ciclo econ\u00f4mico ainda fr\u00e1gil no Brasil, com o Copom j\u00e1 tendo iniciado a flexibiliza\u00e7\u00e3o, mas operando sob um ambiente de infla\u00e7\u00e3o resiliente e riscos externos elevados. A sequ\u00eancia de cortes modestos indica mais uma calibra\u00e7\u00e3o de pol\u00edtica do que um ciclo claro de est\u00edmulo. Os efeitos sobre cr\u00e9dito, consumo e atividade tendem a ser contidos no curto prazo, funcionando mais como sinaliza\u00e7\u00e3o do que como impulso efetivo. A infla\u00e7\u00e3o ainda pressionada limita uma transmiss\u00e3o mais forte da pol\u00edtica monet\u00e1ria. A escalada do conflito no Oriente M\u00e9dio, ao manter o petr\u00f3leo em n\u00edveis elevados, adiciona assimetria relevante ao cen\u00e1rio. Isso pode dificultar a manuten\u00e7\u00e3o das redu\u00e7\u00f5es da Selic e refor\u00e7ar uma postura ainda mais cautelosa nos pr\u00f3ximos meses\u201d,\u00a0<strong>Peterson Rizzo, Gerente de R.I da Multiplike.<\/strong><\/p>\n<p>\u201cA decis\u00e3o de corte de juros pelo Copom e manuten\u00e7\u00e3o pelo Fed indica que o ciclo come\u00e7a a entrar em uma fase mais construtiva, com sinais mais consistentes de desacelera\u00e7\u00e3o inflacion\u00e1ria. Ainda assim, \u00e9 um movimento inicial e calibrado, mostrando que os bancos centrais seguem atentos a riscos que podem interromper esse processo. Para a economia, o efeito tende a ser gradual, com melhora nas condi\u00e7\u00f5es de cr\u00e9dito, est\u00edmulo ao consumo e retomada mais consistente da atividade ao longo do tempo. No cr\u00e9dito estruturado, isso abre espa\u00e7o para aumento da demanda por capital e maior dinamismo nas opera\u00e7\u00f5es, embora o retorno nominal comece a se ajustar \u00e0 medida que as taxas recuam. Por outro lado, o cen\u00e1rio externo segue como vari\u00e1vel cr\u00edtica. A alta do petr\u00f3leo, impulsionada por tens\u00f5es no Oriente M\u00e9dio, pode reintroduzir press\u00e3o inflacion\u00e1ria e levar a uma condu\u00e7\u00e3o mais lenta dos cortes. Isso refor\u00e7a a import\u00e2ncia de estruturas de cr\u00e9dito bem montadas, com foco em previsibilidade e prote\u00e7\u00e3o, em um ambiente que ainda combina oportunidade com incerteza\u201d,\u00a0<strong>Gustavo Assis, CEO da Asset Bank.<\/strong><strong><br \/>\n<\/strong><strong><br \/>\n<\/strong>\u00a0 \u00a0 \u00a0 \u00a0\u201cO corte de 0,25 ponto percentual na Selic, de 14,75% para 14,50%, confirma que o Banco Central segue em seu ciclo de calibra\u00e7\u00e3o, ainda que em ritmo conservador exigido por um ambiente inflacion\u00e1rio que n\u00e3o d\u00e1 folga, com o IPCA-15 de abril em 0,89% e a proje\u00e7\u00e3o do IPCA de 2026 j\u00e1 em 4,86%, acima do teto da meta de 4,5%. O comunicado deve manter um tom mais duro do que o da reuni\u00e3o anterior, sinalizando cautela sobre os pr\u00f3ximos passos sem comprometer nada para junho, o que \u00e9 tecnicamente correto diante de um petr\u00f3leo Brent acima de US$ 112 por barril e de um Estreito de Ormuz praticamente fechado, rota por onde passa cerca de 20% do com\u00e9rcio global de energia. Para o cr\u00e9dito e o consumo, a transmiss\u00e3o de um corte dessa magnitude \u00e9 lenta, porque os juros reais no Brasil ainda seguem muito elevados, mas o sinal importa e sustenta a confian\u00e7a de empresas e fam\u00edlias sobre a trajet\u00f3ria da taxa. Para o investidor, o momento ainda favorece renda fixa atrelada ao IPCA e p\u00f3s-fixados, com a bolsa reagindo positivamente em setores mais sens\u00edveis a juros, como varejo e constru\u00e7\u00e3o, mas sem uma reprecifica\u00e7\u00e3o mais agressiva do Ibovespa enquanto o canal de cr\u00e9dito permanecer restritivo\u201d,\u00a0<strong>Andr\u00e9 Matos, CEO da MA7 Neg\u00f3cios<\/strong>.<\/p>\n<p>\u201cA decis\u00e3o do Copom de reduzir a Selic em 0,25 p.p., confirma a mudan\u00e7a de ritmo do ciclo de flexibiliza\u00e7\u00e3o, agora mais cauteloso diante de um ambiente mais adverso, com infla\u00e7\u00e3o ainda pressionada, especialmente por commodities e servi\u00e7os, e um cen\u00e1rio externo mais restritivo. As not\u00edcias de hoje refor\u00e7am que o mercado j\u00e1 havia ajustado expectativas para cortes menores, refletindo a combina\u00e7\u00e3o de infla\u00e7\u00e3o resiliente, incerteza fiscal e juros elevados nos EUA, o que limita o espa\u00e7o para afrouxamento mais agressivo. Na pr\u00e1tica, o corte tem menos relev\u00e2ncia pelo movimento em si e mais pela sinaliza\u00e7\u00e3o: j\u00e1 que o Banco Central mant\u00e9m o ciclo, mas condicionado aos dados, indicando uma trajet\u00f3ria mais lenta e incerta para a queda dos juros, o que preserva a atratividade da renda fixa e exige maior seletividade em ativos de risco em um contexto de custo de capital ainda elevado\u201d,\u00a0<strong>Sidney Lima, Analista da Ouro Preto Investimentos.<\/strong><\/p>\n<p>\u201cA manuten\u00e7\u00e3o de juros pelo Fed, junto ao corte pelo Copom nesta Superquarta indica uma mudan\u00e7a de dire\u00e7\u00e3o no ciclo, com a infla\u00e7\u00e3o dando sinais mais consistentes de arrefecimento. Ainda \u00e9 um movimento inicial, mas que sugere transi\u00e7\u00e3o de um ambiente restritivo para um cen\u00e1rio mais favor\u00e1vel \u00e0 retomada. Para o investidor, isso altera a l\u00f3gica de aloca\u00e7\u00e3o. A renda fixa tende a perder parte da atratividade ao longo do tempo, enquanto a renda vari\u00e1vel ganha espa\u00e7o, especialmente em estrat\u00e9gias de longo prazo. Nesse contexto, ETFs se tornam uma ferramenta eficiente para capturar essa mudan\u00e7a, oferecendo diversifica\u00e7\u00e3o e exposi\u00e7\u00e3o ao crescimento com menor risco espec\u00edfico. Na economia, o impacto \u00e9 de melhora gradual no cr\u00e9dito, est\u00edmulo ao consumo e recupera\u00e7\u00e3o da atividade. No entanto, o cen\u00e1rio externo ainda exige aten\u00e7\u00e3o. A alta do petr\u00f3leo, influenciada pelo conflito no Oriente M\u00e9dio, pode pressionar a infla\u00e7\u00e3o e desacelerar o ritmo de cortes, refor\u00e7ando a import\u00e2ncia de uma estrat\u00e9gia equilibrada e de longo prazo\u201d,\u00a0<strong>F\u00e1bio Murad, S\u00f3cio e Fundador da Ip\u00ea Avalia\u00e7\u00f5es.<\/strong><\/p>\n<p>\u201cA decis\u00e3o de corte de juros pelo Copom e manuten\u00e7\u00e3o pelo Fed sinaliza que o ciclo come\u00e7a a virar, com a infla\u00e7\u00e3o dando espa\u00e7o para uma pol\u00edtica monet\u00e1ria menos restritiva. Ainda \u00e9 um movimento inicial, mas j\u00e1 indica um ambiente mais favor\u00e1vel \u00e0 retomada de crescimento. Para empresas e startups, isso tende a reduzir o custo de capital e reativar o apetite por investimento, com impacto positivo sobre cr\u00e9dito, consumo e atividade ao longo do tempo. O dinheiro volta a circular com mais for\u00e7a, e projetos que estavam represados ganham viabilidade. Mas esse cen\u00e1rio ainda n\u00e3o est\u00e1 garantido. A alta do petr\u00f3leo, impulsionada pelo conflito no Oriente M\u00e9dio, pode reverter parte desse al\u00edvio inflacion\u00e1rio e desacelerar o ritmo de cortes. Isso refor\u00e7a que o ciclo de queda de juros deve ser gradual e exige das empresas uma combina\u00e7\u00e3o de estrat\u00e9gia, efici\u00eancia e timing para capturar as oportunidades\u201d,\u00a0<strong>Jo\u00e3o Kepler, CEO da Equity Group.<\/strong><\/p>\n<\/div>\n","protected":false},"excerpt":{"rendered":"<p>&#8220;A sequ\u00eancia de cortes modestos indica mais uma calibra\u00e7\u00e3o de pol\u00edtica do que um ciclo claro de est\u00edmulo. Os efeitos sobre cr\u00e9dito, consumo e atividade tendem a ser contidos no curto prazo, funcionando mais como sinaliza\u00e7\u00e3o do que como impulso efetivo&#8221;, Peterson Rizzo, Gerente de R.I da Multiplike. &nbsp; \u201cA redu\u00e7\u00e3o dos juros pelo Copom [&hellip;]<\/p>\n","protected":false},"author":2,"featured_media":21535,"comment_status":"open","ping_status":"open","sticky":false,"template":"","format":"standard","meta":{"_jetpack_memberships_contains_paid_content":false,"footnotes":""},"categories":[51,54],"tags":[12154,12153],"featured_image_src":{"landsacpe":["https:\/\/revistaempresarios.net\/web\/wp-content\/uploads\/2026\/04\/Superquarta.jpg",328,154,false],"list":["https:\/\/revistaempresarios.net\/web\/wp-content\/uploads\/2026\/04\/Superquarta.jpg",328,154,false],"medium":["https:\/\/revistaempresarios.net\/web\/wp-content\/uploads\/2026\/04\/Superquarta-300x141.jpg",300,141,true],"full":["https:\/\/revistaempresarios.net\/web\/wp-content\/uploads\/2026\/04\/Superquarta.jpg",328,154,false]},"jetpack_sharing_enabled":true,"jetpack_featured_media_url":"https:\/\/revistaempresarios.net\/web\/wp-content\/uploads\/2026\/04\/Superquarta.jpg","jetpack-related-posts":[],"_links":{"self":[{"href":"https:\/\/revistaempresarios.net\/web\/wp-json\/wp\/v2\/posts\/21534"}],"collection":[{"href":"https:\/\/revistaempresarios.net\/web\/wp-json\/wp\/v2\/posts"}],"about":[{"href":"https:\/\/revistaempresarios.net\/web\/wp-json\/wp\/v2\/types\/post"}],"author":[{"embeddable":true,"href":"https:\/\/revistaempresarios.net\/web\/wp-json\/wp\/v2\/users\/2"}],"replies":[{"embeddable":true,"href":"https:\/\/revistaempresarios.net\/web\/wp-json\/wp\/v2\/comments?post=21534"}],"version-history":[{"count":1,"href":"https:\/\/revistaempresarios.net\/web\/wp-json\/wp\/v2\/posts\/21534\/revisions"}],"predecessor-version":[{"id":21536,"href":"https:\/\/revistaempresarios.net\/web\/wp-json\/wp\/v2\/posts\/21534\/revisions\/21536"}],"wp:featuredmedia":[{"embeddable":true,"href":"https:\/\/revistaempresarios.net\/web\/wp-json\/wp\/v2\/media\/21535"}],"wp:attachment":[{"href":"https:\/\/revistaempresarios.net\/web\/wp-json\/wp\/v2\/media?parent=21534"}],"wp:term":[{"taxonomy":"category","embeddable":true,"href":"https:\/\/revistaempresarios.net\/web\/wp-json\/wp\/v2\/categories?post=21534"},{"taxonomy":"post_tag","embeddable":true,"href":"https:\/\/revistaempresarios.net\/web\/wp-json\/wp\/v2\/tags?post=21534"}],"curies":[{"name":"wp","href":"https:\/\/api.w.org\/{rel}","templated":true}]}}