{"id":21530,"date":"2026-04-29T08:54:37","date_gmt":"2026-04-29T11:54:37","guid":{"rendered":"https:\/\/revistaempresarios.net\/web\/?p=21530"},"modified":"2026-04-29T08:54:37","modified_gmt":"2026-04-29T11:54:37","slug":"o-legado-de-uma-mae-a-historia-de-susana-balbo-segue-nas-maos-dos-filhos","status":"publish","type":"post","link":"https:\/\/revistaempresarios.net\/web\/2026\/04\/29\/o-legado-de-uma-mae-a-historia-de-susana-balbo-segue-nas-maos-dos-filhos\/","title":{"rendered":"O legado de uma m\u00e3e: a hist\u00f3ria de Susana Balbo segue nas m\u00e3os dos filhos"},"content":{"rendered":"<div>\n<p><i>\u00c0 frente da vin\u00edcola ao lado de Ana e Jos\u00e9, a en\u00f3loga argentina transforma a maternidade em continuidade, com a linha Crios como s\u00edmbolo dessa hist\u00f3ria compartilhada<\/i><\/p>\n<div>\n<p dir=\"ltr\">Com a aposentadoria anunciada em 2024, Susana Balbo consolida um dos aspectos mais marcantes de sua trajet\u00f3ria: o legado constru\u00eddo em fam\u00edlia. Hoje, a vin\u00edcola segue sob a atua\u00e7\u00e3o direta dos filhos, com Ana Lovaglio Balbo \u00e0 frente do marketing e da estrat\u00e9gia da marca, e Jos\u00e9 Lovaglio Balbo liderando a \u00e1rea t\u00e9cnica e de inova\u00e7\u00e3o, reconhecido internacionalmente entre os grandes nomes da nova gera\u00e7\u00e3o da enologia.<\/p>\n<p dir=\"ltr\">\u00c0 frente da constru\u00e7\u00e3o de imagem e posicionamento global, Ana Lovaglio Balbo n\u00e3o apenas herdou o sobrenome, mas a responsabilidade de traduzir a hist\u00f3ria da m\u00e3e para uma nova gera\u00e7\u00e3o. Sua atua\u00e7\u00e3o passa por modernizar a comunica\u00e7\u00e3o, expandir a presen\u00e7a internacional e liderar projetos de hospitalidade, como o desenvolvimento do Susana Balbo Unique Stays, em Mendoza, que conecta vinho, gastronomia e experi\u00eancia. Com esse olhar, Ana amplia o universo da marca para al\u00e9m das garrafas, criando novas formas de relacionamento com o p\u00fablico, sem perder a ess\u00eancia que tornou Susana uma refer\u00eancia mundial.<\/p>\n<p dir=\"ltr\">J\u00e1 seu filho Jos\u00e9 Lovaglio Balbo conduz a \u00e1rea t\u00e9cnica e de inova\u00e7\u00e3o da vin\u00edcola. Formado em viticultura e enologia pela UC Davis, na Calif\u00f3rnia, ele integra uma nova gera\u00e7\u00e3o de en\u00f3logos argentinos reconhecidos internacionalmente, tendo sido inclu\u00eddo em rankings globais como o Master Winemaker Top 100, que destaca os profissionais mais influentes da atualidade. Seu trabalho combina pesquisa, precis\u00e3o t\u00e9cnica e explora\u00e7\u00e3o de novos terroirs, ampliando os horizontes da vin\u00edcola sem romper com a identidade constru\u00edda pela m\u00e3e.<\/p>\n<p dir=\"ltr\">\u00c9 nesse contexto que a linha Crios ganha ainda mais significado. Criada por Susana como homenagem aos filhos, a cole\u00e7\u00e3o carrega no pr\u00f3prio conceito o poder das m\u00e3os como instrumento de cria\u00e7\u00e3o, cuidado e transforma\u00e7\u00e3o. Consolidada como uma das mais emblem\u00e1ticas da vin\u00edcola, a linha traduz uma heran\u00e7a viva, que atravessa gera\u00e7\u00f5es e se transforma com o tempo. Nas garrafas, tr\u00eas m\u00e3os sobrepostas simbolizam essa conex\u00e3o direta entre m\u00e3e e filhos, refor\u00e7ando a ideia de continuidade e constru\u00e7\u00e3o conjunta. Um gesto simples, mas potente, que aproxima o universo do vinho da experi\u00eancia da maternidade.<\/p>\n<p dir=\"ltr\">Mais do que uma sucess\u00e3o familiar, a hist\u00f3ria mostra um modelo de parceria entre gera\u00e7\u00f5es, em que o legado n\u00e3o \u00e9 apenas preservado, mas reinterpretado. Um di\u00e1logo constante entre experi\u00eancia e renova\u00e7\u00e3o, onde a maternidade deixa de ser apenas origem e passa a ser tamb\u00e9m continuidade.<\/p>\n<p dir=\"ltr\"><strong>Sobre a Cantu Grupo Wine<\/strong><\/p>\n<p dir=\"ltr\">A Cantu Grupo Wine, a casa das grandes marcas, possui 21 anos de opera\u00e7\u00e3o B2B no mercado de vinhos, com presen\u00e7a nacional em mais de 15 mil pontos de venda e mais de 400 r\u00f3tulos de vinhos renomados em seu portf\u00f3lio. O prop\u00f3sito da Cantu Grupo Wine \u00e9 trazer para o pa\u00eds grandes marcas de express\u00e3o mundial. Na gama de produtos, s\u00e3o mais de 40 produtores de 14 pa\u00edses diferentes, al\u00e9m de ser distribuidora exclusiva da vin\u00edcola Entre dois Mundos, a primeira produtora de vinhos do Grupo Wine. A Cantu Grupo Wine apresenta valores e uma filosofia que permitem \u00e0 empresa trazer r\u00f3tulos de vinhos de extrema qualidade, contando com s\u00f3lida estrutura log\u00edstica e capacidade operacional para atender todo o territ\u00f3rio nacional. A viabilidade da empresa estabeleceu-se atrav\u00e9s de fortes parcerias, firmadas com grandes vin\u00edcolas do mundo. Mais informa\u00e7\u00f5es em\u00a0<a href=\"https:\/\/www.cantugrupowine.com.br\/\" target=\"_blank\" rel=\"noopener noreferrer\">https:\/\/www.cantugrupowine.<wbr \/>com.br\/<\/a>.<\/p>\n<\/div>\n<\/div>\n","protected":false},"excerpt":{"rendered":"<p>\u00c0 frente da vin\u00edcola ao lado de Ana e Jos\u00e9, a en\u00f3loga argentina transforma a maternidade em continuidade, com a linha Crios como s\u00edmbolo dessa hist\u00f3ria compartilhada Com a aposentadoria anunciada em 2024, Susana Balbo consolida um dos aspectos mais marcantes de sua trajet\u00f3ria: o legado constru\u00eddo em fam\u00edlia. Hoje, a vin\u00edcola segue sob a [&hellip;]<\/p>\n","protected":false},"author":2,"featured_media":21532,"comment_status":"open","ping_status":"open","sticky":false,"template":"","format":"standard","meta":{"_jetpack_memberships_contains_paid_content":false,"footnotes":""},"categories":[51],"tags":[12152],"featured_image_src":{"landsacpe":["https:\/\/revistaempresarios.net\/web\/wp-content\/uploads\/2026\/04\/agro_susanabalbo_13-jul-2023-Divulgacao-1140x445.jpg",1140,445,true],"list":["https:\/\/revistaempresarios.net\/web\/wp-content\/uploads\/2026\/04\/agro_susanabalbo_13-jul-2023-Divulgacao-463x348.jpg",463,348,true],"medium":["https:\/\/revistaempresarios.net\/web\/wp-content\/uploads\/2026\/04\/agro_susanabalbo_13-jul-2023-Divulgacao-300x200.jpg",300,200,true],"full":["https:\/\/revistaempresarios.net\/web\/wp-content\/uploads\/2026\/04\/agro_susanabalbo_13-jul-2023-Divulgacao.jpg",1500,1000,false]},"jetpack_sharing_enabled":true,"jetpack_featured_media_url":"https:\/\/revistaempresarios.net\/web\/wp-content\/uploads\/2026\/04\/agro_susanabalbo_13-jul-2023-Divulgacao.jpg","jetpack-related-posts":[],"_links":{"self":[{"href":"https:\/\/revistaempresarios.net\/web\/wp-json\/wp\/v2\/posts\/21530"}],"collection":[{"href":"https:\/\/revistaempresarios.net\/web\/wp-json\/wp\/v2\/posts"}],"about":[{"href":"https:\/\/revistaempresarios.net\/web\/wp-json\/wp\/v2\/types\/post"}],"author":[{"embeddable":true,"href":"https:\/\/revistaempresarios.net\/web\/wp-json\/wp\/v2\/users\/2"}],"replies":[{"embeddable":true,"href":"https:\/\/revistaempresarios.net\/web\/wp-json\/wp\/v2\/comments?post=21530"}],"version-history":[{"count":1,"href":"https:\/\/revistaempresarios.net\/web\/wp-json\/wp\/v2\/posts\/21530\/revisions"}],"predecessor-version":[{"id":21533,"href":"https:\/\/revistaempresarios.net\/web\/wp-json\/wp\/v2\/posts\/21530\/revisions\/21533"}],"wp:featuredmedia":[{"embeddable":true,"href":"https:\/\/revistaempresarios.net\/web\/wp-json\/wp\/v2\/media\/21532"}],"wp:attachment":[{"href":"https:\/\/revistaempresarios.net\/web\/wp-json\/wp\/v2\/media?parent=21530"}],"wp:term":[{"taxonomy":"category","embeddable":true,"href":"https:\/\/revistaempresarios.net\/web\/wp-json\/wp\/v2\/categories?post=21530"},{"taxonomy":"post_tag","embeddable":true,"href":"https:\/\/revistaempresarios.net\/web\/wp-json\/wp\/v2\/tags?post=21530"}],"curies":[{"name":"wp","href":"https:\/\/api.w.org\/{rel}","templated":true}]}}