{"id":21524,"date":"2026-04-28T18:47:36","date_gmt":"2026-04-28T21:47:36","guid":{"rendered":"https:\/\/revistaempresarios.net\/web\/?p=21524"},"modified":"2026-04-28T18:47:36","modified_gmt":"2026-04-28T21:47:36","slug":"sie-wear-projeta-faturamento-de-r-75-milhoes-em-2026-e-avanca-com-expansao-para-todo-brasil","status":"publish","type":"post","link":"https:\/\/revistaempresarios.net\/web\/2026\/04\/28\/sie-wear-projeta-faturamento-de-r-75-milhoes-em-2026-e-avanca-com-expansao-para-todo-brasil\/","title":{"rendered":"Si\u00e9 Wear projeta faturamento de R$ 7,5 milh\u00f5es em 2026 e avan\u00e7a com expans\u00e3o para todo Brasil"},"content":{"rendered":"<p>Marca fundada por Esther Marques inaugura unidade em Campinas, aposta em varejo f\u00edsico e comunidade para sustentar crescimento em meio \u00e0 alta do mercado de bem-estar<\/p>\n<p>A empres\u00e1ria Esther Marques avan\u00e7a na estrat\u00e9gia de expans\u00e3o da marca de activewear Si\u00e9 Wear com a inaugura\u00e7\u00e3o de uma nova unidade da SIX em Campinas, marcando a entrada no interior paulista e a consolida\u00e7\u00e3o de um plano de crescimento ancorado na combina\u00e7\u00e3o entre varejo f\u00edsico, comunidade e lifestyle. A opera\u00e7\u00e3o ser\u00e1 a quarta loja da marca e a primeira fora da capital, movimento que sinaliza a inten\u00e7\u00e3o de ampliar capilaridade em mercados regionais com alto potencial de consumo.<br \/>\nA abertura ocorre em um momento de acelera\u00e7\u00e3o do setor de bem-estar, que tem influenciado diferentes segmentos da economia. Segundo o Global Wellness Economy Monitor 2025, o mercado global de wellness movimentou cerca de US$6,8 trilh\u00f5es, superando o turismo em relev\u00e2ncia econ\u00f4mica. No Brasil, o segmento j\u00e1 figura entre os principais da Am\u00e9rica Latina e tem impulsionado categorias como alimenta\u00e7\u00e3o saud\u00e1vel, atividade f\u00edsica e vestu\u00e1rio t\u00e9cnico com apelo lifestyle.<br \/>\nCom pouco mais de um ano de opera\u00e7\u00e3o, a Si\u00e9 Wear registrou faturamento de R$1,5 milh\u00e3o e projeta alcan\u00e7ar R$7,5 milh\u00f5es em 2026, em linha com a expans\u00e3o do consumo ligado ao bem-estar e \u00e0 busca por produtos vers\u00e1teis. A proposta da marca se apoia no desenvolvimento de pe\u00e7as que transitam entre o treino e o cotidiano, capturando uma demanda crescente por funcionalidade associada \u00e0 est\u00e9tica.<br \/>\nA inaugura\u00e7\u00e3o em Campinas tamb\u00e9m refor\u00e7a o modelo de neg\u00f3cios baseado na constru\u00e7\u00e3o de comunidade, uma das apostas centrais da fundadora.<\/p>\n","protected":false},"excerpt":{"rendered":"<p>Marca fundada por Esther Marques inaugura unidade em Campinas, aposta em varejo f\u00edsico e comunidade para sustentar crescimento em meio \u00e0 alta do mercado de bem-estar A empres\u00e1ria Esther Marques avan\u00e7a na estrat\u00e9gia de expans\u00e3o da marca de activewear Si\u00e9 Wear com a inaugura\u00e7\u00e3o de uma nova unidade da SIX em Campinas, marcando a entrada [&hellip;]<\/p>\n","protected":false},"author":2,"featured_media":21525,"comment_status":"open","ping_status":"open","sticky":false,"template":"","format":"standard","meta":{"_jetpack_memberships_contains_paid_content":false,"footnotes":""},"categories":[51,54,56,57,60],"tags":[12150,12149],"featured_image_src":{"landsacpe":["https:\/\/revistaempresarios.net\/web\/wp-content\/uploads\/2026\/04\/Sie-Wear-Foto-Joao-Moura-1140x445.jpg",1140,445,true],"list":["https:\/\/revistaempresarios.net\/web\/wp-content\/uploads\/2026\/04\/Sie-Wear-Foto-Joao-Moura-463x348.jpg",463,348,true],"medium":["https:\/\/revistaempresarios.net\/web\/wp-content\/uploads\/2026\/04\/Sie-Wear-Foto-Joao-Moura-300x169.jpg",300,169,true],"full":["https:\/\/revistaempresarios.net\/web\/wp-content\/uploads\/2026\/04\/Sie-Wear-Foto-Joao-Moura.jpg",2240,1260,false]},"jetpack_sharing_enabled":true,"jetpack_featured_media_url":"https:\/\/revistaempresarios.net\/web\/wp-content\/uploads\/2026\/04\/Sie-Wear-Foto-Joao-Moura.jpg","jetpack-related-posts":[],"_links":{"self":[{"href":"https:\/\/revistaempresarios.net\/web\/wp-json\/wp\/v2\/posts\/21524"}],"collection":[{"href":"https:\/\/revistaempresarios.net\/web\/wp-json\/wp\/v2\/posts"}],"about":[{"href":"https:\/\/revistaempresarios.net\/web\/wp-json\/wp\/v2\/types\/post"}],"author":[{"embeddable":true,"href":"https:\/\/revistaempresarios.net\/web\/wp-json\/wp\/v2\/users\/2"}],"replies":[{"embeddable":true,"href":"https:\/\/revistaempresarios.net\/web\/wp-json\/wp\/v2\/comments?post=21524"}],"version-history":[{"count":1,"href":"https:\/\/revistaempresarios.net\/web\/wp-json\/wp\/v2\/posts\/21524\/revisions"}],"predecessor-version":[{"id":21526,"href":"https:\/\/revistaempresarios.net\/web\/wp-json\/wp\/v2\/posts\/21524\/revisions\/21526"}],"wp:featuredmedia":[{"embeddable":true,"href":"https:\/\/revistaempresarios.net\/web\/wp-json\/wp\/v2\/media\/21525"}],"wp:attachment":[{"href":"https:\/\/revistaempresarios.net\/web\/wp-json\/wp\/v2\/media?parent=21524"}],"wp:term":[{"taxonomy":"category","embeddable":true,"href":"https:\/\/revistaempresarios.net\/web\/wp-json\/wp\/v2\/categories?post=21524"},{"taxonomy":"post_tag","embeddable":true,"href":"https:\/\/revistaempresarios.net\/web\/wp-json\/wp\/v2\/tags?post=21524"}],"curies":[{"name":"wp","href":"https:\/\/api.w.org\/{rel}","templated":true}]}}