{"id":21515,"date":"2026-04-28T18:21:56","date_gmt":"2026-04-28T21:21:56","guid":{"rendered":"https:\/\/revistaempresarios.net\/web\/?p=21515"},"modified":"2026-04-28T18:21:56","modified_gmt":"2026-04-28T21:21:56","slug":"grupo-amhemed-promove-pratica-esportiva-entre-colaboradores-com-foco-em-saude-bem-estar-e-qualidade-de-vida","status":"publish","type":"post","link":"https:\/\/revistaempresarios.net\/web\/2026\/04\/28\/grupo-amhemed-promove-pratica-esportiva-entre-colaboradores-com-foco-em-saude-bem-estar-e-qualidade-de-vida\/","title":{"rendered":"Grupo Amhemed promove pr\u00e1tica esportiva entre colaboradores com foco em sa\u00fade, bem-estar e qualidade de vida"},"content":{"rendered":"<p>Iniciativa interna cria o Amhe Move, um grupo voltado \u00e0 pr\u00e1tica de corrida e caminhada<\/p>\n<p>Com o compromisso de promover sa\u00fade de forma integral, come\u00e7ando por quem cuida da sa\u00fade dos outros, o Grupo Amhemed lan\u00e7a o Amhe Move, iniciativa que incentiva a pr\u00e1tica esportiva entre seus colaboradores por meio de um grupo de corrida e caminhada.<\/p>\n<p>Idealizado por Andressa Madia, diretora do Grupo Amhemed, o Amhe Move nasce alinhado ao prop\u00f3sito da institui\u00e7\u00e3o de estimular h\u00e1bitos saud\u00e1veis de forma pr\u00e1tica e acess\u00edvel. \u201cO projeto surgiu do nosso prop\u00f3sito de incentivar sa\u00fade e bem-estar come\u00e7ando dentro de casa, com os nossos colaboradores. Como atuamos diariamente promovendo cuidado e qualidade de vida, entendemos que tamb\u00e9m devemos estimular isso entre nossas equipes\u201d.<\/p>\n<p>A proposta \u00e9 tornar o cuidado com a sa\u00fade parte da rotina dos colaboradores. Ao criar um ambiente de incentivo, acolhimento e suporte, o projeto contribui para que mais pessoas deem o primeiro passo e consigam incorporar a atividade f\u00edsica no dia a dia, com ganhos diretos na sa\u00fade f\u00edsica, mental e na disposi\u00e7\u00e3o.<\/p>\n<p>O primeiro encontro do Amhe Move aconteceu em 26 de abril, no Parque das \u00c1guas, reunindo os colaboradores em um momento leve, motivador e integrativo. A programa\u00e7\u00e3o inclui orienta\u00e7\u00f5es iniciais, caminhada e corrida em grupo, al\u00e9m da entrega dos kits exclusivos do projeto. \u201cQueremos que seja um encontro acolhedor, com muita energia positiva, marcando o in\u00edcio de um movimento duradouro dentro da empresa\u201d, refor\u00e7a Andressa.<\/p>\n<p>Os encontros contar\u00e3o com orienta\u00e7\u00e3o profissional, garantindo seguran\u00e7a e respeitando os limites de cada participante. O Amhe Move foi estruturado para atender diferentes perfis, desde iniciantes at\u00e9 praticantes mais experientes, incentivando a participa\u00e7\u00e3o de todos de forma consciente e respons\u00e1vel.<\/p>\n<p>Al\u00e9m dos benef\u00edcios f\u00edsicos, o Amhe Move tamb\u00e9m fortalece a cultura organizacional, a iniciativa promove a integra\u00e7\u00e3o entre colaboradores de diferentes \u00e1reas, estimula o esp\u00edrito de equipe e cria conex\u00f5es que v\u00e3o al\u00e9m do ambiente corporativo. \u201cEsse movimento contribui diretamente para uma cultura mais leve, saud\u00e1vel, engajada e colaborativa\u201d, completa.<\/p>\n<p>Em um primeiro momento, o projeto \u00e9 voltado exclusivamente aos colaboradores, refor\u00e7ando o cuidado interno do Grupo Amhemed. No entanto, a iniciativa j\u00e1 nasce com vis\u00e3o de crescimento, a proposta \u00e9, futuramente, ampliar o Amhe Move para os benefici\u00e1rios Amhemed Sa\u00fade e tamb\u00e9m marcar presen\u00e7a em corridas e eventos esportivos em Sorocaba e regi\u00e3o, fortalecendo ainda mais o compromisso com a promo\u00e7\u00e3o da sa\u00fade e a conex\u00e3o com a comunidade.<\/p>\n<p>\u201c\u00c9 a realiza\u00e7\u00e3o de um sonho ver o Amhe Move saindo do papel e se tornando realidade, ele \u00e9 mais do que um projeto, ele representa um movimento de cuidado, sa\u00fade e conex\u00e3o entre pessoas. Ver isso acontecer dentro do Grupo Amhemed nos enche de orgulho e refor\u00e7a que estamos no caminho certo\u201d, finaliza Andressa.<\/p>\n","protected":false},"excerpt":{"rendered":"<p>Iniciativa interna cria o Amhe Move, um grupo voltado \u00e0 pr\u00e1tica de corrida e caminhada Com o compromisso de promover sa\u00fade de forma integral, come\u00e7ando por quem cuida da sa\u00fade dos outros, o Grupo Amhemed lan\u00e7a o Amhe Move, iniciativa que incentiva a pr\u00e1tica esportiva entre seus colaboradores por meio de um grupo de corrida [&hellip;]<\/p>\n","protected":false},"author":2,"featured_media":21516,"comment_status":"open","ping_status":"open","sticky":false,"template":"","format":"standard","meta":{"_jetpack_memberships_contains_paid_content":false,"footnotes":""},"categories":[51],"tags":[12146,12145],"featured_image_src":{"landsacpe":["https:\/\/revistaempresarios.net\/web\/wp-content\/uploads\/2026\/04\/040bba05-ee62-4dbc-89b9-4ad67e018942-1140x445.jpg",1140,445,true],"list":["https:\/\/revistaempresarios.net\/web\/wp-content\/uploads\/2026\/04\/040bba05-ee62-4dbc-89b9-4ad67e018942-463x348.jpg",463,348,true],"medium":["https:\/\/revistaempresarios.net\/web\/wp-content\/uploads\/2026\/04\/040bba05-ee62-4dbc-89b9-4ad67e018942-300x200.jpg",300,200,true],"full":["https:\/\/revistaempresarios.net\/web\/wp-content\/uploads\/2026\/04\/040bba05-ee62-4dbc-89b9-4ad67e018942.jpg",1600,1066,false]},"jetpack_sharing_enabled":true,"jetpack_featured_media_url":"https:\/\/revistaempresarios.net\/web\/wp-content\/uploads\/2026\/04\/040bba05-ee62-4dbc-89b9-4ad67e018942.jpg","jetpack-related-posts":[],"_links":{"self":[{"href":"https:\/\/revistaempresarios.net\/web\/wp-json\/wp\/v2\/posts\/21515"}],"collection":[{"href":"https:\/\/revistaempresarios.net\/web\/wp-json\/wp\/v2\/posts"}],"about":[{"href":"https:\/\/revistaempresarios.net\/web\/wp-json\/wp\/v2\/types\/post"}],"author":[{"embeddable":true,"href":"https:\/\/revistaempresarios.net\/web\/wp-json\/wp\/v2\/users\/2"}],"replies":[{"embeddable":true,"href":"https:\/\/revistaempresarios.net\/web\/wp-json\/wp\/v2\/comments?post=21515"}],"version-history":[{"count":1,"href":"https:\/\/revistaempresarios.net\/web\/wp-json\/wp\/v2\/posts\/21515\/revisions"}],"predecessor-version":[{"id":21517,"href":"https:\/\/revistaempresarios.net\/web\/wp-json\/wp\/v2\/posts\/21515\/revisions\/21517"}],"wp:featuredmedia":[{"embeddable":true,"href":"https:\/\/revistaempresarios.net\/web\/wp-json\/wp\/v2\/media\/21516"}],"wp:attachment":[{"href":"https:\/\/revistaempresarios.net\/web\/wp-json\/wp\/v2\/media?parent=21515"}],"wp:term":[{"taxonomy":"category","embeddable":true,"href":"https:\/\/revistaempresarios.net\/web\/wp-json\/wp\/v2\/categories?post=21515"},{"taxonomy":"post_tag","embeddable":true,"href":"https:\/\/revistaempresarios.net\/web\/wp-json\/wp\/v2\/tags?post=21515"}],"curies":[{"name":"wp","href":"https:\/\/api.w.org\/{rel}","templated":true}]}}