{"id":21512,"date":"2026-04-28T18:18:00","date_gmt":"2026-04-28T21:18:00","guid":{"rendered":"https:\/\/revistaempresarios.net\/web\/?p=21512"},"modified":"2026-04-28T18:18:00","modified_gmt":"2026-04-28T21:18:00","slug":"geracao-z-assume-protagonismo-no-mercado-automotivo-ate-2028","status":"publish","type":"post","link":"https:\/\/revistaempresarios.net\/web\/2026\/04\/28\/geracao-z-assume-protagonismo-no-mercado-automotivo-ate-2028\/","title":{"rendered":"Gera\u00e7\u00e3o Z assume protagonismo no mercado automotivo at\u00e9 2028"},"content":{"rendered":"<p>Pesquisa revela que 51% dos jovens planejam adquirir um ve\u00edculo nos pr\u00f3ximos tr\u00eas anos, superando gera\u00e7\u00f5es anteriores; tecnologia e planejamento financeiro s\u00e3o os pilares dessa nova demanda.<\/p>\n<p>Ao contr\u00e1rio do que sugerem as tend\u00eancias de desapego material das \u00faltimas d\u00e9cadas, o carro pr\u00f3prio continua no radar da juventude brasileira. Segundo um estudo recente da Localiza&amp;Co, 51% da Gera\u00e7\u00e3o Z (nascidos entre 1998 e 2009) planejam adquirir ou trocar de ve\u00edculo nos pr\u00f3ximos tr\u00eas anos. O \u00edndice supera significativamente o interesse das gera\u00e7\u00f5es anteriores, como a Gera\u00e7\u00e3o Y (39%) e os Baby Boomers (20%), consolidando os mais jovens como os principais protagonistas do mercado automotivo at\u00e9 2028.<\/p>\n<p>Embora a posse de ve\u00edculos seja atualmente menor entre os jovens, o desejo de compra \u00e9 impulsionado por crit\u00e9rios pr\u00e1ticos. Para a maioria dos brasileiros (75%), o pre\u00e7o continua sendo o fator de maior influ\u00eancia na hora da escolha, seguido de perto pelo consumo de combust\u00edvel (51%).<\/p>\n<p>O perfil de escolha, no entanto, varia drasticamente conforme a idade:<\/p>\n<ul>\n<li>Gera\u00e7\u00e3o Z: Foca em tecnologia de ponta e design atrativo.<\/li>\n<li>Baby Boomers: Priorizam a sustentabilidade e o baixo custo de manuten\u00e7\u00e3o.<\/li>\n<li>Geral: 30% ainda valorizam o fato de o carro ser &#8220;zero quil\u00f4metro&#8221;, enquanto 27,6% colocam a seguran\u00e7a como prioridade m\u00e1xima.<\/li>\n<\/ul>\n<p>Apesar do entusiasmo pela compra, a vis\u00e3o de futuro dos brasileiros \u00e9 h\u00edbrida. Uma pesquisa recente mostra que, embora o interesse por ve\u00edculos novos permane\u00e7a relevante, inclusive em buscas por <a href=\"https:\/\/www.grupoab.com.br\/vw\/novos\/volkswagen-taos\">novo Volkswagen Taos<\/a>, a mobilidade urbana caminha para um cen\u00e1rio mais diversificado.<\/p>\n<p>Para 62% dos entrevistados, o transporte p\u00fablico ser\u00e1 o principal meio de locomo\u00e7\u00e3o nos pr\u00f3ximos anos, seguido pelos carros de aplicativo (60%) e pelas bicicletas e carros el\u00e9tricos (ambos com 43%). O carro pr\u00f3prio aparece apenas em quinto lugar nessa proje\u00e7\u00e3o de futuro (39%), evidenciando uma transi\u00e7\u00e3o de mentalidade.<\/p>\n<p>A pesquisa tamb\u00e9m aponta uma mudan\u00e7a estrutural no cotidiano: 51% da popula\u00e7\u00e3o prev\u00ea uma redu\u00e7\u00e3o nos deslocamentos di\u00e1rios devido ao avan\u00e7o do trabalho remoto. Al\u00e9m disso, a eletrifica\u00e7\u00e3o da frota \u00e9 vista como uma realidade pr\u00f3xima para 46% dos respondentes.<\/p>\n<p>Na hora de decidir como sair de casa hoje, o brasileiro n\u00e3o busca apenas conforto, mas efici\u00eancia. A economia de tempo \u00e9 o fator decisivo para 62% das pessoas.<\/p>\n<p>Essa busca por precis\u00e3o \u00e9 n\u00edtida na Gera\u00e7\u00e3o Z, onde 36,3% priorizam saber o hor\u00e1rio exato de partida e chegada. J\u00e1 entre os Baby Boomers, a pressa \u00e9 maior: 48,1% escolhem o transporte baseado estritamente na capacidade de chegar mais r\u00e1pido ao destino.<\/p>\n<p>O Grupo AB, refer\u00eancia no setor automotivo, listou orienta\u00e7\u00f5es essenciais para quem est\u00e1 prestes a realizar a primeira compra. Antes de assinar o contrato, \u00e9 preciso entender que a escolha vai muito al\u00e9m da est\u00e9tica: envolve estrat\u00e9gia financeira e an\u00e1lise t\u00e9cnica.<\/p>\n<p><strong>Carro novo, seminovo ou usado: qual a melhor op\u00e7\u00e3o?<br \/>\n<\/strong>\u00a0No in\u00edcio da busca, o consumidor encontra muitas op\u00e7\u00f5es. Carros zero-quil\u00f4metro atraem pela novidade e garantia de f\u00e1brica, mas exigem investimento maior e sofrem forte desvaloriza\u00e7\u00e3o nos primeiros anos. J\u00e1 os seminovos costumam oferecer melhor custo-benef\u00edcio, pois j\u00e1 passaram pela maior parte da deprecia\u00e7\u00e3o.<\/p>\n<p><strong>O mercado de usados: como evitar &#8220;ciladas&#8221;<br \/>\n<\/strong>\u00a0Para muitos jovens, os usados e seminovos s\u00e3o a porta de entrada por terem pre\u00e7o mais acess\u00edvel. A recomenda\u00e7\u00e3o \u00e9 priorizar ve\u00edculos com baixa quilometragem e hist\u00f3rico transparente. Contar com avalia\u00e7\u00e3o especializada ajuda a evitar problemas e garante mais seguran\u00e7a na compra.<\/p>\n<p><strong>Custos fixos e vari\u00e1veis: o que colocar na ponta do l\u00e1pis?<br \/>\n<\/strong>\u00a0Al\u00e9m do valor do carro, \u00e9 preciso considerar despesas como IPVA, licenciamento, transfer\u00eancia e documenta\u00e7\u00e3o. O seguro tamb\u00e9m pesa mais para motoristas jovens, podendo ser significativamente mais caro. Planejar esses custos evita surpresas no or\u00e7amento.<\/p>\n<p><strong>O que verificar na hora da compra?<br \/>\n<\/strong>\u00a0A inspe\u00e7\u00e3o do ve\u00edculo deve incluir lataria, pneus, freios e funcionamento de itens eletr\u00f4nicos. Tamb\u00e9m \u00e9 essencial analisar o hist\u00f3rico documental, como laudo cautelar, multas e d\u00e9bitos. Isso garante que o carro n\u00e3o tenha problemas ocultos ou restri\u00e7\u00f5es legais.<\/p>\n<p><strong>Planejamento financeiro e formas de pagamento<br \/>\n<\/strong>\u00a0A escolha entre financiamento e cons\u00f3rcio depende da urg\u00eancia do comprador. O financiamento permite adquirir o carro imediatamente, enquanto o cons\u00f3rcio \u00e9 mais indicado para quem pode esperar. Oferecer uma entrada maior ajuda a reduzir juros e parcelas.<\/p>\n<p>Apesar das novas formas de mobilidade, o carro pr\u00f3prio permanece como um s\u00edmbolo de autonomia para os jovens. O planejamento rigoroso \u00e9 o fator que diferencia uma compra por impulso de uma conquista sustent\u00e1vel. Ao analisar custos e formas de pagamento, o motorista garante que sua primeira jornada seja marcada pela efici\u00eancia e pela seguran\u00e7a.<\/p>\n","protected":false},"excerpt":{"rendered":"<p>Pesquisa revela que 51% dos jovens planejam adquirir um ve\u00edculo nos pr\u00f3ximos tr\u00eas anos, superando gera\u00e7\u00f5es anteriores; tecnologia e planejamento financeiro s\u00e3o os pilares dessa nova demanda. Ao contr\u00e1rio do que sugerem as tend\u00eancias de desapego material das \u00faltimas d\u00e9cadas, o carro pr\u00f3prio continua no radar da juventude brasileira. Segundo um estudo recente da Localiza&amp;Co, [&hellip;]<\/p>\n","protected":false},"author":2,"featured_media":21513,"comment_status":"open","ping_status":"open","sticky":false,"template":"","format":"standard","meta":{"_jetpack_memberships_contains_paid_content":false,"footnotes":""},"categories":[51],"tags":[12144],"featured_image_src":{"landsacpe":["https:\/\/revistaempresarios.net\/web\/wp-content\/uploads\/2026\/04\/Geracao-Z-assume-protagonismo-1140x445.jpg",1140,445,true],"list":["https:\/\/revistaempresarios.net\/web\/wp-content\/uploads\/2026\/04\/Geracao-Z-assume-protagonismo-463x348.jpg",463,348,true],"medium":["https:\/\/revistaempresarios.net\/web\/wp-content\/uploads\/2026\/04\/Geracao-Z-assume-protagonismo-300x200.jpg",300,200,true],"full":["https:\/\/revistaempresarios.net\/web\/wp-content\/uploads\/2026\/04\/Geracao-Z-assume-protagonismo.jpg",1500,1001,false]},"jetpack_sharing_enabled":true,"jetpack_featured_media_url":"https:\/\/revistaempresarios.net\/web\/wp-content\/uploads\/2026\/04\/Geracao-Z-assume-protagonismo.jpg","jetpack-related-posts":[],"_links":{"self":[{"href":"https:\/\/revistaempresarios.net\/web\/wp-json\/wp\/v2\/posts\/21512"}],"collection":[{"href":"https:\/\/revistaempresarios.net\/web\/wp-json\/wp\/v2\/posts"}],"about":[{"href":"https:\/\/revistaempresarios.net\/web\/wp-json\/wp\/v2\/types\/post"}],"author":[{"embeddable":true,"href":"https:\/\/revistaempresarios.net\/web\/wp-json\/wp\/v2\/users\/2"}],"replies":[{"embeddable":true,"href":"https:\/\/revistaempresarios.net\/web\/wp-json\/wp\/v2\/comments?post=21512"}],"version-history":[{"count":1,"href":"https:\/\/revistaempresarios.net\/web\/wp-json\/wp\/v2\/posts\/21512\/revisions"}],"predecessor-version":[{"id":21514,"href":"https:\/\/revistaempresarios.net\/web\/wp-json\/wp\/v2\/posts\/21512\/revisions\/21514"}],"wp:featuredmedia":[{"embeddable":true,"href":"https:\/\/revistaempresarios.net\/web\/wp-json\/wp\/v2\/media\/21513"}],"wp:attachment":[{"href":"https:\/\/revistaempresarios.net\/web\/wp-json\/wp\/v2\/media?parent=21512"}],"wp:term":[{"taxonomy":"category","embeddable":true,"href":"https:\/\/revistaempresarios.net\/web\/wp-json\/wp\/v2\/categories?post=21512"},{"taxonomy":"post_tag","embeddable":true,"href":"https:\/\/revistaempresarios.net\/web\/wp-json\/wp\/v2\/tags?post=21512"}],"curies":[{"name":"wp","href":"https:\/\/api.w.org\/{rel}","templated":true}]}}