{"id":21424,"date":"2026-04-16T20:28:57","date_gmt":"2026-04-16T23:28:57","guid":{"rendered":"https:\/\/revistaempresarios.net\/web\/?p=21424"},"modified":"2026-04-16T20:28:57","modified_gmt":"2026-04-16T23:28:57","slug":"na-hora-de-comprar-um-carro-o-que-pesa-entre-suv-hibrido-ou-tradicional","status":"publish","type":"post","link":"https:\/\/revistaempresarios.net\/web\/2026\/04\/16\/na-hora-de-comprar-um-carro-o-que-pesa-entre-suv-hibrido-ou-tradicional\/","title":{"rendered":"Na hora de comprar um carro, o que pesa entre SUV, h\u00edbrido ou tradicional?"},"content":{"rendered":"<div class=\"itemBody\">\n<div class=\"itemIntroText\">\n<p>Consumo, manuten\u00e7\u00e3o, tecnologia e valor de revenda entram na conta e tornam a escolha do carro mais estrat\u00e9gica do que nunca<\/p>\n<\/div>\n<div class=\"itemFullText\">\n<p>A decis\u00e3o de compra de um carro no Brasil nunca foi t\u00e3o complexa. Se antes o consumidor avaliava basicamente pre\u00e7o e consumo, hoje fatores como tecnologia, tipo de motoriza\u00e7\u00e3o, custo de manuten\u00e7\u00e3o e valor de revenda passaram a ter peso decisivo. Em um mercado mais diversificado, entender o impacto no bolso ao longo do tempo se tornou essencial.<\/p>\n<p>Esse movimento acompanha a transforma\u00e7\u00e3o da frota nacional. Segundo o Departamento Nacional de Tr\u00e2nsito (SENATRAN), o pa\u00eds tem cerca de 60 milh\u00f5es de carros de passeio, enquanto os ve\u00edculos eletrificados avan\u00e7am rapidamente. Dados da Associa\u00e7\u00e3o Brasileira do Ve\u00edculo El\u00e9trico (ABVE) mostram crescimento superior a 90% no in\u00edcio de 2026, refletindo uma mudan\u00e7a no perfil de consumo.<\/p>\n<p>Dentro das concession\u00e1rias, essa evolu\u00e7\u00e3o se traduz em uma d\u00favida recorrente: investir em novas tecnologias ou optar por modelos tradicionais? Para Richard Tsung, presidente do Grupo T-Line, um dos mais tradicionais grupos de concession\u00e1rias do Brasil, a resposta depende mais do comportamento do motorista. \u201cEm situa\u00e7\u00f5es urbanas, especialmente no tr\u00e2nsito intenso, tecnologias mais eficientes conseguem reduzir significativamente o consumo\u201d, explica.<\/p>\n<p>Em geral, cada tipo de ve\u00edculo tende a ser mais vantajoso conforme o uso. SUVs se destacam pelo espa\u00e7o interno, posi\u00e7\u00e3o de dire\u00e7\u00e3o elevada e versatilidade, mas t\u00eam consumo maior e custo de aquisi\u00e7\u00e3o mais alto. H\u00edbridos s\u00e3o mais eficientes no tr\u00e2nsito urbano, com menor consumo e emiss\u00e3o, embora exijam investimento inicial maior. J\u00e1 os modelos a combust\u00e3o ainda fazem sentido para quem busca menor pre\u00e7o de entrada, roda pouco ou utiliza o carro majoritariamente em rodovias. \u201cO mais importante \u00e9 entender o pr\u00f3prio padr\u00e3o de uso\u201d, refor\u00e7a Tsung.<\/p>\n<p>Nesse contexto, ve\u00edculos eletrificados, especialmente os h\u00edbridos, podem reduzir de 25% a 40% o consumo em compara\u00e7\u00e3o com modelos equivalentes exclusivamente a combust\u00e3o. Para um motorista que percorre cerca de 15 mil quil\u00f4metros por ano, com consumo m\u00e9dio de 8 km\/l em um ve\u00edculo tradicional e 17,9 km\/l em um h\u00edbrido equivalente, essa diferen\u00e7a representa uma economia relevante no abastecimento, sobretudo em trajetos urbanos. Ainda assim, a an\u00e1lise n\u00e3o deve se limitar ao consumo: o custo total de propriedade (TCO), que engloba manuten\u00e7\u00e3o, seguro, deprecia\u00e7\u00e3o e revenda, tem ganhado protagonismo. \u201cAlguns modelos apresentam menor desgaste, enquanto outros t\u00eam maior liquidez no mercado de usados\u201d, afirma Tsung.<\/p>\n<p>O ponto de aten\u00e7\u00e3o est\u00e1 no investimento inicial. A diferen\u00e7a de pre\u00e7o entre um h\u00edbrido e sua vers\u00e3o convencional pode variar significativamente conforme a categoria. Ao considerar uma diferen\u00e7a hipot\u00e9tica de R$ 30 mil a R$ 40 mil na compra, o tempo necess\u00e1rio para compensar esse valor, o chamado payback, costuma girar entre tr\u00eas e cinco anos para quem roda acima de 15 mil quil\u00f4metros anuais. Para motoristas com baixa quilometragem ou ciclo curto de troca de ve\u00edculo, a vantagem financeira pode se diluir.<\/p>\n<p>O erro \u00e9 avaliar apenas o pre\u00e7o de aquisi\u00e7\u00e3o. Quando s\u00e3o considerados consumo, manuten\u00e7\u00e3o, valor de revenda e tempo de perman\u00eancia com o ve\u00edculo, o cen\u00e1rio muda significativamente. \u201cPara muitos clientes, trata-se de uma decis\u00e3o racional de m\u00e9dio prazo, n\u00e3o apenas de uma escolha tecnol\u00f3gica\u201d, finaliza o presidente do Grupo T-Line.<\/p>\n<p><strong>Sobre o Grupo T-Line<\/strong><\/p>\n<p>Fundado em 1993, em S\u00e3o Paulo, o Grupo T-Line \u00e9 um dos mais tradicionais grupos de concession\u00e1rias do Brasil. Iniciou suas opera\u00e7\u00f5es como uma das primeiras lojas oficiais Toyota no pa\u00eds e consolidou-se pela excel\u00eancia em atendimento, qualidade t\u00e9cnica e gest\u00e3o. Atualmente, representa marcas como Toyota, Jeep, RAM e BYD, com unidades na capital paulista, interior do estado e no Vale do Para\u00edba. Al\u00e9m da venda de ve\u00edculos novos e seminovos, oferece servi\u00e7os completos de p\u00f3s-venda, manuten\u00e7\u00e3o, pe\u00e7as e solu\u00e7\u00f5es integradas ao cliente.<\/p>\n<\/div>\n<\/div>\n<div class=\"e-mailit_toolbox circular  size48\">\n<div class=\"e-mailit_btn_Facebook\"><\/div>\n<div class=\"e-mailit_btn_EMAILiT\"><\/div>\n<\/div>\n","protected":false},"excerpt":{"rendered":"<p>Consumo, manuten\u00e7\u00e3o, tecnologia e valor de revenda entram na conta e tornam a escolha do carro mais estrat\u00e9gica do que nunca A decis\u00e3o de compra de um carro no Brasil nunca foi t\u00e3o complexa. Se antes o consumidor avaliava basicamente pre\u00e7o e consumo, hoje fatores como tecnologia, tipo de motoriza\u00e7\u00e3o, custo de manuten\u00e7\u00e3o e valor [&hellip;]<\/p>\n","protected":false},"author":2,"featured_media":21425,"comment_status":"open","ping_status":"open","sticky":false,"template":"","format":"standard","meta":{"_jetpack_memberships_contains_paid_content":false,"_joinchat":[],"footnotes":""},"categories":[51,52,57,60,62],"tags":[12092,12090,12091],"featured_image_src":{"landsacpe":["https:\/\/revistaempresarios.net\/web\/wp-content\/uploads\/2026\/04\/84c7e87f7a441901fe3170a86edb05fd_XL-1140x445.jpg",1140,445,true],"list":["https:\/\/revistaempresarios.net\/web\/wp-content\/uploads\/2026\/04\/84c7e87f7a441901fe3170a86edb05fd_XL-463x348.jpg",463,348,true],"medium":["https:\/\/revistaempresarios.net\/web\/wp-content\/uploads\/2026\/04\/84c7e87f7a441901fe3170a86edb05fd_XL-300x168.jpg",300,168,true],"full":["https:\/\/revistaempresarios.net\/web\/wp-content\/uploads\/2026\/04\/84c7e87f7a441901fe3170a86edb05fd_XL.jpg",1220,683,false]},"jetpack_sharing_enabled":true,"jetpack_featured_media_url":"https:\/\/revistaempresarios.net\/web\/wp-content\/uploads\/2026\/04\/84c7e87f7a441901fe3170a86edb05fd_XL.jpg","jetpack-related-posts":[],"_links":{"self":[{"href":"https:\/\/revistaempresarios.net\/web\/wp-json\/wp\/v2\/posts\/21424"}],"collection":[{"href":"https:\/\/revistaempresarios.net\/web\/wp-json\/wp\/v2\/posts"}],"about":[{"href":"https:\/\/revistaempresarios.net\/web\/wp-json\/wp\/v2\/types\/post"}],"author":[{"embeddable":true,"href":"https:\/\/revistaempresarios.net\/web\/wp-json\/wp\/v2\/users\/2"}],"replies":[{"embeddable":true,"href":"https:\/\/revistaempresarios.net\/web\/wp-json\/wp\/v2\/comments?post=21424"}],"version-history":[{"count":1,"href":"https:\/\/revistaempresarios.net\/web\/wp-json\/wp\/v2\/posts\/21424\/revisions"}],"predecessor-version":[{"id":21426,"href":"https:\/\/revistaempresarios.net\/web\/wp-json\/wp\/v2\/posts\/21424\/revisions\/21426"}],"wp:featuredmedia":[{"embeddable":true,"href":"https:\/\/revistaempresarios.net\/web\/wp-json\/wp\/v2\/media\/21425"}],"wp:attachment":[{"href":"https:\/\/revistaempresarios.net\/web\/wp-json\/wp\/v2\/media?parent=21424"}],"wp:term":[{"taxonomy":"category","embeddable":true,"href":"https:\/\/revistaempresarios.net\/web\/wp-json\/wp\/v2\/categories?post=21424"},{"taxonomy":"post_tag","embeddable":true,"href":"https:\/\/revistaempresarios.net\/web\/wp-json\/wp\/v2\/tags?post=21424"}],"curies":[{"name":"wp","href":"https:\/\/api.w.org\/{rel}","templated":true}]}}