{"id":21090,"date":"2026-03-11T18:41:52","date_gmt":"2026-03-11T21:41:52","guid":{"rendered":"https:\/\/revistaempresarios.net\/web\/?p=21090"},"modified":"2026-03-11T18:41:52","modified_gmt":"2026-03-11T21:41:52","slug":"pelo-nono-ano-consecutivo-luiza-helena-trajano-e-a-lider-com-melhor-reputacao-do-brasil","status":"publish","type":"post","link":"https:\/\/revistaempresarios.net\/web\/2026\/03\/11\/pelo-nono-ano-consecutivo-luiza-helena-trajano-e-a-lider-com-melhor-reputacao-do-brasil\/","title":{"rendered":"Pelo nono ano consecutivo, Luiza Helena Trajano \u00e9 a l\u00edder com melhor reputa\u00e7\u00e3o do Brasil"},"content":{"rendered":"<div class=\"v1cols_1 v11773247867045 v1ip-section\">\n<div>\n<table border=\"0\" cellspacing=\"0\" cellpadding=\"0\" align=\"center\">\n<tbody>\n<tr>\n<td>\n<div class=\"v1mj-column-per-100 v1mj-outlook-group-fix v1ip-column\">\n<table border=\"0\" width=\"100%\" cellspacing=\"0\" cellpadding=\"0\">\n<tbody>\n<tr>\n<td>\n<table border=\"0\" width=\"100%\" cellspacing=\"0\" cellpadding=\"0\">\n<tbody>\n<tr>\n<td class=\"v1ip-text-block\" align=\"left\">\n<div>\n<p class=\"v1ql-align-center\"><em>Empres\u00e1ria obteve o t\u00edtulo em pesquisa elaborada pela consultoria espanhola Merco<\/em><\/p>\n<\/div>\n<\/td>\n<\/tr>\n<\/tbody>\n<\/table>\n<\/td>\n<\/tr>\n<\/tbody>\n<\/table>\n<\/div>\n<\/td>\n<\/tr>\n<\/tbody>\n<\/table>\n<\/div>\n<\/div>\n<p>&nbsp;<\/p>\n<div class=\"v1cols_1 v11634323326013 v1ip-section\">\n<div>\n<table border=\"0\" cellspacing=\"0\" cellpadding=\"0\" align=\"center\">\n<tbody>\n<tr>\n<td>\n<div class=\"v1mj-column-per-100 v1mj-outlook-group-fix v1ip-column\">\n<table border=\"0\" width=\"100%\" cellspacing=\"0\" cellpadding=\"0\">\n<tbody>\n<tr>\n<td>\n<table border=\"0\" width=\"100%\" cellspacing=\"0\" cellpadding=\"0\">\n<tbody>\n<tr>\n<td class=\"v1ip-text-block\" align=\"left\">\n<div>\n<p class=\"v1ql-align-justify\">Luiza Helena Trajano, presidente do Conselho de Administra\u00e7\u00e3o do Magazine Luiza e presidente do Grupo Mulheres do Brasil, foi apontada pela consultoria espanhola Merco, pelo nono ano seguido, como a l\u00edder de neg\u00f3cio com melhor reputa\u00e7\u00e3o no pa\u00eds.<\/p>\n<p class=\"v1ql-align-justify\">O resultado consta da 12\u00aa edi\u00e7\u00e3o do Ranking de Reputa\u00e7\u00e3o Corporativa e de L\u00edderes 2025 lan\u00e7ado no Brasil. A Merco realiza os monitores corporativos de refer\u00eancia em 16 pa\u00edses da Am\u00e9rica Latina e Europa, onde vem avaliando a reputa\u00e7\u00e3o de empresas desde 2000.<\/p>\n<p class=\"v1ql-align-justify\">Al\u00e9m de Luiza Helena, completam a lista dos dez primeiros colocados os seguintes l\u00edderes empresariais: F\u00e1bio Barbosa, da Natura (2\u00ba); Cristina Junqueira, da Nubank (3\u00ba); F\u00e1bio Coelho, do Google (4\u00ba); Guilherme Leal, da Natura (5\u00ba); Milton Maluhy Filho, do Ita\u00fa Unibanco (6\u00ba); Fernando Yunes, do Mercado Livre (7\u00ba); Guilherme Benchimol, da XP Investimentos (8\u00ba); Tania Cosentino, empres\u00e1ria (9\u00ba); e Jo\u00e3o Paulo Ferreira, da Natura (10\u00ba).<\/p>\n<p class=\"v1ql-align-justify\">Sobrinha dos fundadores do Magazine Luiza, Luiza Trajano Donato e Pelegrino Donato, Luiza Helena, come\u00e7ou a trabalhar na empresa aos 12 anos, passando por todos os departamentos, da cobran\u00e7a \u00e0 ger\u00eancia, das vendas \u00e0 dire\u00e7\u00e3o comercial. Em 1991\u00a0assumiu a superintend\u00eancia da empresa e foi respons\u00e1vel pelo salto de inova\u00e7\u00e3o e crescimento que colocou o Magazine Luiza, nas d\u00e9cadas seguintes, entre as maiores varejistas do Brasil.<\/p>\n<p class=\"v1ql-align-justify\">Em 2013, Luiza Helena criou, juntamente com outras lideran\u00e7as femininas, o Grupo Mulheres do Brasil, que hoje re\u00fane cerca quase 140 mil participantes no pa\u00eds e tamb\u00e9m no exterior. Ela tamb\u00e9m \u00e9 uma das fundadoras do Instituto para Desenvolvimento do Varejo (IDV) e conselheira em diversas empresas, al\u00e9m de atuar no Conselho de diversas entidades e desenvolver a\u00e7\u00f5es voltadas para o ESG.<\/p>\n<p class=\"v1ql-align-justify\">&#8220;Sinto muito orgulho por estar h\u00e1 nove anos na lideran\u00e7a deste seleto grupo de enorme prest\u00edgio, ao lado de grandes nomes empresariais do Brasil. Espero, ao longo dos pr\u00f3ximos anos, continuar inspirando outras pessoas a empreenderem e a se tornaram grandes l\u00edderes. Sou de uma fam\u00edlia empreendedora e sempre tive de vencer desafios, como n\u00e3o perder minha ess\u00eancia, ter fluxo de caixa e fazer uma empresa do interior chegar, com sucesso, \u00e0 capital. Este pr\u00eamio refor\u00e7a meu compromisso com o que \u00e9 certo, e continuarei ajudando o Brasil para que sua reputa\u00e7\u00e3o no exterior seja ainda mais forte&#8221;, afirma Luiza Helena Trajano.<\/p>\n<p class=\"v1ql-align-justify\">O ranking dos\u00a0l\u00edderes com melhor reputa\u00e7\u00e3o do pa\u00eds\u00a0\u00e9 elaborado a partir de uma pesquisa com diretores de empresas que faturam mais de R$ 200 milh\u00f5es no pa\u00eds. De todos os indicados, os 100 mais bem classificados s\u00e3o submetidos \u00e0 an\u00e1lise de especialistas que avaliam habilidades de comunica\u00e7\u00e3o, vis\u00e3o estrat\u00e9gica e capacidade de gest\u00e3o, vis\u00e3o comercial, inova\u00e7\u00e3o, incentivo a comportamentos \u00e9ticos e de responsabilidade social corporativa, talento e proje\u00e7\u00e3o internacional. Al\u00e9m dos diretores, tamb\u00e9m s\u00e3o entrevistados analistas financeiros, jornalistas da \u00e1rea econ\u00f4mica, diretores de comunica\u00e7\u00e3o, l\u00edderes de opini\u00e3o e professores universit\u00e1rios das \u00e1reas de administra\u00e7\u00e3o e neg\u00f3cios.<\/p>\n<\/div>\n<\/td>\n<\/tr>\n<\/tbody>\n<\/table>\n<\/td>\n<\/tr>\n<\/tbody>\n<\/table>\n<\/div>\n<\/td>\n<\/tr>\n<\/tbody>\n<\/table>\n<\/div>\n<\/div>\n","protected":false},"excerpt":{"rendered":"<p>Empres\u00e1ria obteve o t\u00edtulo em pesquisa elaborada pela consultoria espanhola Merco &nbsp; Luiza Helena Trajano, presidente do Conselho de Administra\u00e7\u00e3o do Magazine Luiza e presidente do Grupo Mulheres do Brasil, foi apontada pela consultoria espanhola Merco, pelo nono ano seguido, como a l\u00edder de neg\u00f3cio com melhor reputa\u00e7\u00e3o no pa\u00eds. O resultado consta da 12\u00aa [&hellip;]<\/p>\n","protected":false},"author":2,"featured_media":21093,"comment_status":"open","ping_status":"open","sticky":false,"template":"","format":"standard","meta":{"_jetpack_memberships_contains_paid_content":false,"footnotes":""},"categories":[51,56,57,58],"tags":[11946,11945],"featured_image_src":{"landsacpe":["https:\/\/revistaempresarios.net\/web\/wp-content\/uploads\/2026\/03\/Luiza-Helena-Trajano-Empresarios-1140x445.jpg",1140,445,true],"list":["https:\/\/revistaempresarios.net\/web\/wp-content\/uploads\/2026\/03\/Luiza-Helena-Trajano-Empresarios-463x348.jpg",463,348,true],"medium":["https:\/\/revistaempresarios.net\/web\/wp-content\/uploads\/2026\/03\/Luiza-Helena-Trajano-Empresarios-300x200.jpg",300,200,true],"full":["https:\/\/revistaempresarios.net\/web\/wp-content\/uploads\/2026\/03\/Luiza-Helena-Trajano-Empresarios.jpg",1200,800,false]},"jetpack_sharing_enabled":true,"jetpack_featured_media_url":"https:\/\/revistaempresarios.net\/web\/wp-content\/uploads\/2026\/03\/Luiza-Helena-Trajano-Empresarios.jpg","jetpack-related-posts":[],"_links":{"self":[{"href":"https:\/\/revistaempresarios.net\/web\/wp-json\/wp\/v2\/posts\/21090"}],"collection":[{"href":"https:\/\/revistaempresarios.net\/web\/wp-json\/wp\/v2\/posts"}],"about":[{"href":"https:\/\/revistaempresarios.net\/web\/wp-json\/wp\/v2\/types\/post"}],"author":[{"embeddable":true,"href":"https:\/\/revistaempresarios.net\/web\/wp-json\/wp\/v2\/users\/2"}],"replies":[{"embeddable":true,"href":"https:\/\/revistaempresarios.net\/web\/wp-json\/wp\/v2\/comments?post=21090"}],"version-history":[{"count":1,"href":"https:\/\/revistaempresarios.net\/web\/wp-json\/wp\/v2\/posts\/21090\/revisions"}],"predecessor-version":[{"id":21094,"href":"https:\/\/revistaempresarios.net\/web\/wp-json\/wp\/v2\/posts\/21090\/revisions\/21094"}],"wp:featuredmedia":[{"embeddable":true,"href":"https:\/\/revistaempresarios.net\/web\/wp-json\/wp\/v2\/media\/21093"}],"wp:attachment":[{"href":"https:\/\/revistaempresarios.net\/web\/wp-json\/wp\/v2\/media?parent=21090"}],"wp:term":[{"taxonomy":"category","embeddable":true,"href":"https:\/\/revistaempresarios.net\/web\/wp-json\/wp\/v2\/categories?post=21090"},{"taxonomy":"post_tag","embeddable":true,"href":"https:\/\/revistaempresarios.net\/web\/wp-json\/wp\/v2\/tags?post=21090"}],"curies":[{"name":"wp","href":"https:\/\/api.w.org\/{rel}","templated":true}]}}