{"id":20958,"date":"2026-02-23T20:10:18","date_gmt":"2026-02-23T23:10:18","guid":{"rendered":"https:\/\/revistaempresarios.net\/web\/?p=20958"},"modified":"2026-02-23T20:10:18","modified_gmt":"2026-02-23T23:10:18","slug":"marcos-serrano-miralles-celebra-25-anos-do-escritorio-com-uma-trajetoria-guiada-pela-escuta-e-pela-sensibilidade","status":"publish","type":"post","link":"https:\/\/revistaempresarios.net\/web\/2026\/02\/23\/marcos-serrano-miralles-celebra-25-anos-do-escritorio-com-uma-trajetoria-guiada-pela-escuta-e-pela-sensibilidade\/","title":{"rendered":"Marcos Serrano Miralles celebra 25 anos do escrit\u00f3rio com uma trajet\u00f3ria guiada pela escuta e pela sensibilidade"},"content":{"rendered":"<p><em>Arquiteto e urbanista consolida carreira marcada pela escuta ativa, pela evolu\u00e7\u00e3o constante e por projetos que traduzem o DNA de cada cliente em espa\u00e7os com identidade<\/em><\/p>\n<p>A arquitetura de Marcos Serrano Miralles nasce do di\u00e1logo, da observa\u00e7\u00e3o e da sensibilidade. Ao completar 25 anos de carreira, o arquiteto e urbanista celebra uma trajet\u00f3ria constru\u00edda de forma consistente, em que cada projeto reflete n\u00e3o apenas t\u00e9cnica e est\u00e9tica, mas principalmente hist\u00f3rias, sonhos e rela\u00e7\u00f5es humanas. \u201c<em>A arquitetura \u00e9 um processo de escuta qualificada, no qual o profissional tem a responsabilidade de traduzir expectativas em solu\u00e7\u00f5es t\u00e9cnicas, vi\u00e1veis e coerentes<\/em>\u201d, afirma Marcos.<\/p>\n<p>O interesse pela profiss\u00e3o surgiu ainda na inf\u00e2ncia, em longas conversas com o av\u00f4 paterno, pintor e restaurador de igrejas. Foi nesse contato com a arte, o cuidado artesanal e o respeito pelo tempo que Marcos desenvolveu um olhar atento para os detalhes e para o significado dos espa\u00e7os. Essa heran\u00e7a afetiva se transformou em base conceitual para toda a sua atua\u00e7\u00e3o profissional.<\/p>\n<p>Antes de fundar o pr\u00f3prio escrit\u00f3rio, Marcos acumulou experi\u00eancias em multinacionais e em escrit\u00f3rios de arquitetura e design, viv\u00eancias que ampliaram sua vis\u00e3o de mercado e fortaleceram o desejo de criar um trabalho autoral, pr\u00f3ximo e personalizado. O escrit\u00f3rio nasceu com uma proposta clara, colocar o cliente no centro do processo criativo e transformar suas necessidades em projetos vi\u00e1veis, funcionais e com identidade.<\/p>\n<p>Ao longo desses 25 anos, sua arquitetura evoluiu de forma gradual, acompanhando as mudan\u00e7as do mercado imobili\u00e1rio, os avan\u00e7os tecnol\u00f3gicos e a pr\u00f3pria maturidade profissional. Cada projeto marcou um per\u00edodo importante dessa caminhada. Entre os destaques, a participa\u00e7\u00e3o na 38\u00aa edi\u00e7\u00e3o da CASACOR S\u00e3o Paulo representa um marco simb\u00f3lico, consolidando sua presen\u00e7a em um dos principais eventos do setor no pa\u00eds.<\/p>\n<p>Para Marcos, o mercado de arquitetura mudou, sobretudo, pela atua\u00e7\u00e3o mais presente dos clientes. Hoje, eles participam ativamente das decis\u00f5es, influenciam conceitos e contribuem para solu\u00e7\u00f5es mais alinhadas \u00e0 realidade contempor\u00e2nea. Essa troca constante refor\u00e7a o DNA do escrit\u00f3rio, que tem como miss\u00e3o traduzir sonhos em espa\u00e7os poss\u00edveis. \u201c<em>Entendemos o projeto como uma constru\u00e7\u00e3o conjunta, em que o arquiteto atua como mediador entre desejo, t\u00e9cnica e responsabilidade<\/em>\u201d, pontua.<\/p>\n<p>Entre os desafios enfrentados ao longo da carreira est\u00e3o a r\u00e1pida evolu\u00e7\u00e3o tecnol\u00f3gica, encarada como aliada e a concorr\u00eancia nem sempre \u00e9tica. Ainda assim, Marcos manteve o foco na qualidade, na coer\u00eancia e na constru\u00e7\u00e3o de rela\u00e7\u00f5es duradouras. Um divisor de \u00e1guas importante foi a participa\u00e7\u00e3o em um programa de arquitetura e decora\u00e7\u00e3o exibido pela TV Bandeirantes, ampliando a visibilidade do escrit\u00f3rio.<\/p>\n<p>Hoje, o trabalho \u00e9 sustentado por pilares claros: identifica\u00e7\u00e3o do DNA do cliente, orienta\u00e7\u00e3o cuidadosa antes da execu\u00e7\u00e3o e o m\u00e9todo pr\u00f3prio chamado Circuito Serrano, que garante alto n\u00edvel de entrega tanto nos projetos quanto nos relacionamentos profissionais.<\/p>\n<p>Apesar do uso intenso da tecnologia, Marcos ainda acredita no desenho \u00e0 m\u00e3o como ponto de partida criativo. A tecnologia entra como suporte estrat\u00e9gico, lapidando ideias e otimizando processos. A sustentabilidade tamb\u00e9m faz parte das diretrizes, com a busca constante por materiais, solu\u00e7\u00f5es ecol\u00f3gicas e alternativas conscientes.<\/p>\n<p>Ap\u00f3s 25 anos, o aprendizado \u00e9 simples e essencial, rela\u00e7\u00f5es verdadeiras constroem bons projetos. Para o futuro, Marcos projeta novos desafios, expans\u00e3o para outras regi\u00f5es do Brasil e maior investimento em inova\u00e7\u00e3o e intelig\u00eancia artificial, mantendo a mesma ess\u00eancia que o trouxe at\u00e9 aqui, uma arquitetura feita para pessoas.<\/p>\n","protected":false},"excerpt":{"rendered":"<p>Arquiteto e urbanista consolida carreira marcada pela escuta ativa, pela evolu\u00e7\u00e3o constante e por projetos que traduzem o DNA de cada cliente em espa\u00e7os com identidade A arquitetura de Marcos Serrano Miralles nasce do di\u00e1logo, da observa\u00e7\u00e3o e da sensibilidade. Ao completar 25 anos de carreira, o arquiteto e urbanista celebra uma trajet\u00f3ria constru\u00edda de [&hellip;]<\/p>\n","protected":false},"author":2,"featured_media":20959,"comment_status":"open","ping_status":"open","sticky":false,"template":"","format":"standard","meta":{"_jetpack_memberships_contains_paid_content":false,"footnotes":""},"categories":[51],"tags":[11897],"featured_image_src":{"landsacpe":["https:\/\/revistaempresarios.net\/web\/wp-content\/uploads\/2026\/02\/Marcos-Serrano-Miralles-Credito-da-foto-Fotografo-Rodrigo-Sacramento-1140x445.jpeg",1140,445,true],"list":["https:\/\/revistaempresarios.net\/web\/wp-content\/uploads\/2026\/02\/Marcos-Serrano-Miralles-Credito-da-foto-Fotografo-Rodrigo-Sacramento-463x348.jpeg",463,348,true],"medium":["https:\/\/revistaempresarios.net\/web\/wp-content\/uploads\/2026\/02\/Marcos-Serrano-Miralles-Credito-da-foto-Fotografo-Rodrigo-Sacramento-200x300.jpeg",200,300,true],"full":["https:\/\/revistaempresarios.net\/web\/wp-content\/uploads\/2026\/02\/Marcos-Serrano-Miralles-Credito-da-foto-Fotografo-Rodrigo-Sacramento-scaled.jpeg",1706,2560,false]},"jetpack_sharing_enabled":true,"jetpack_featured_media_url":"https:\/\/revistaempresarios.net\/web\/wp-content\/uploads\/2026\/02\/Marcos-Serrano-Miralles-Credito-da-foto-Fotografo-Rodrigo-Sacramento-scaled.jpeg","jetpack-related-posts":[],"_links":{"self":[{"href":"https:\/\/revistaempresarios.net\/web\/wp-json\/wp\/v2\/posts\/20958"}],"collection":[{"href":"https:\/\/revistaempresarios.net\/web\/wp-json\/wp\/v2\/posts"}],"about":[{"href":"https:\/\/revistaempresarios.net\/web\/wp-json\/wp\/v2\/types\/post"}],"author":[{"embeddable":true,"href":"https:\/\/revistaempresarios.net\/web\/wp-json\/wp\/v2\/users\/2"}],"replies":[{"embeddable":true,"href":"https:\/\/revistaempresarios.net\/web\/wp-json\/wp\/v2\/comments?post=20958"}],"version-history":[{"count":1,"href":"https:\/\/revistaempresarios.net\/web\/wp-json\/wp\/v2\/posts\/20958\/revisions"}],"predecessor-version":[{"id":20960,"href":"https:\/\/revistaempresarios.net\/web\/wp-json\/wp\/v2\/posts\/20958\/revisions\/20960"}],"wp:featuredmedia":[{"embeddable":true,"href":"https:\/\/revistaempresarios.net\/web\/wp-json\/wp\/v2\/media\/20959"}],"wp:attachment":[{"href":"https:\/\/revistaempresarios.net\/web\/wp-json\/wp\/v2\/media?parent=20958"}],"wp:term":[{"taxonomy":"category","embeddable":true,"href":"https:\/\/revistaempresarios.net\/web\/wp-json\/wp\/v2\/categories?post=20958"},{"taxonomy":"post_tag","embeddable":true,"href":"https:\/\/revistaempresarios.net\/web\/wp-json\/wp\/v2\/tags?post=20958"}],"curies":[{"name":"wp","href":"https:\/\/api.w.org\/{rel}","templated":true}]}}