{"id":20808,"date":"2026-02-10T14:30:36","date_gmt":"2026-02-10T17:30:36","guid":{"rendered":"https:\/\/revistaempresarios.net\/web\/?p=20808"},"modified":"2026-02-10T14:30:36","modified_gmt":"2026-02-10T17:30:36","slug":"84-das-empresas-priorizam-a-capacidade-de-aprendizado-em-vez-do-dominio-tecnico-na-efetivacao-de-estagiarios-aponta-pesquisa-do-ciee","status":"publish","type":"post","link":"https:\/\/revistaempresarios.net\/web\/2026\/02\/10\/84-das-empresas-priorizam-a-capacidade-de-aprendizado-em-vez-do-dominio-tecnico-na-efetivacao-de-estagiarios-aponta-pesquisa-do-ciee\/","title":{"rendered":"84% das empresas priorizam a capacidade de aprendizado em vez do dom\u00ednio t\u00e9cnico na efetiva\u00e7\u00e3o de estagi\u00e1rios, aponta pesquisa do CIEE"},"content":{"rendered":"<div class=\"v1cols_1 v11770739892552 v1ip-section\">\n<div>\n<table border=\"0\" cellspacing=\"0\" cellpadding=\"0\" align=\"center\">\n<tbody>\n<tr>\n<td>\n<div class=\"v1mj-column-per-100 v1mj-outlook-group-fix v1ip-column\">\n<table border=\"0\" width=\"100%\" cellspacing=\"0\" cellpadding=\"0\">\n<tbody>\n<tr>\n<td>\n<table border=\"0\" width=\"100%\" cellspacing=\"0\" cellpadding=\"0\">\n<tbody>\n<tr>\n<td class=\"v1ip-text-block\" align=\"left\">\n<div>\n<p class=\"v1ql-align-center\"><em>Pesquisa nacional com profissionais de RH revela que soft skills, postura profissional e acompanhamento do gestor s\u00e3o determinantes para o sucesso dos programas de est\u00e1gio<\/em><\/p>\n<\/div>\n<\/td>\n<\/tr>\n<\/tbody>\n<\/table>\n<\/td>\n<\/tr>\n<\/tbody>\n<\/table>\n<\/div>\n<\/td>\n<\/tr>\n<\/tbody>\n<\/table>\n<\/div>\n<\/div>\n<div class=\"v1cols_1 v11589473358640 v1ip-section\">\n<div>\n<table border=\"0\" cellspacing=\"0\" cellpadding=\"0\" align=\"center\">\n<tbody>\n<tr>\n<td>\n<div class=\"v1mj-column-per-100 v1mj-outlook-group-fix v1ip-column\">\n<table border=\"0\" width=\"100%\" cellspacing=\"0\" cellpadding=\"0\">\n<tbody>\n<tr>\n<td>\n<table border=\"0\" width=\"100%\" cellspacing=\"0\" cellpadding=\"0\">\n<tbody>\n<tr>\n<td class=\"v1ip-text-block\" align=\"left\">\n<div>\n<p class=\"v1ql-align-justify\"><strong>S\u00e3o Paulo<\/strong>,\u00a0<strong>10 de fevereiro de 2025<\/strong>\u00a0\u2014 Uma pesquisa nacional encomendada pelo Centro de Integra\u00e7\u00e3o Empresa-Escola (CIEE) e realizada pelo Instituto Locomotiva aponta que\u00a0<strong>84% das empresas afirmam que a abertura ao aprendizado \u00e9 mais valorizada do que a excel\u00eancia em ferramentas t\u00e9cnicas<\/strong>\u00a0no momento da efetiva\u00e7\u00e3o de estagi\u00e1rios.<\/p>\n<p class=\"v1ql-align-justify\">\n<p class=\"v1ql-align-justify\">O estudo, realizado com 260 profissionais de RH e respons\u00e1veis por programas de est\u00e1gio, mostra que os crit\u00e9rios tradicionalmente associados \u00e0 forma\u00e7\u00e3o t\u00e9cnica v\u00eam perdendo protagonismo frente \u00e0s compet\u00eancias comportamentais e \u00e0 capacidade de aprendizado cont\u00ednuo.<\/p>\n<p class=\"v1ql-align-justify\">O levantamento indica que\u00a0<strong>68% das organiza\u00e7\u00f5es ainda estruturam o est\u00e1gio por meio de contrata\u00e7\u00f5es sob demanda<\/strong>, enquanto apenas 32% possuem programas estruturados ao longo de todo o ano. Entre essas empresas, predominam modelos generalistas, com ciclos de at\u00e9 dois anos \u2014 formato adotado por 9 em cada 10 organiza\u00e7\u00f5es com programas estruturados. Cabe destacar que, com exce\u00e7\u00e3o dos estagi\u00e1rios com defici\u00eancia (PCD), a Lei n\u00ba 11.788\/2008 (Lei do Est\u00e1gio) estipula prazo m\u00e1ximo de dois anos para o contrato de est\u00e1gio na mesma empresa.<\/p>\n<p class=\"v1ql-align-justify\">No processo seletivo, o principal crit\u00e9rio apontado pelas empresas \u00e9 a\u00a0<strong>vontade de aprender<\/strong>. Soft skills como disciplina, pontualidade, postura profissional, proatividade e alinhamento cultural aparecem de forma consistente \u00e0 frente das hard skills, que s\u00e3o vistas como requisitos b\u00e1sicos, mas n\u00e3o decisivos.<\/p>\n<p class=\"v1ql-align-justify\">Apesar do reconhecimento do est\u00e1gio como um pipeline estrat\u00e9gico de talentos, o estudo evidencia desafios relevantes. A\u00a0<strong>rotatividade de estagi\u00e1rios<\/strong>\u00a0\u00e9 o principal problema enfrentado, citado por 26% das empresas com programas estruturados. Al\u00e9m disso, 17% dos respondentes concordam que muitos estagi\u00e1rios desistem porque as condi\u00e7\u00f5es oferecidas n\u00e3o s\u00e3o suficientemente atrativas, especialmente em rela\u00e7\u00e3o ao valor da bolsa-aux\u00edlio e \u00e0 concilia\u00e7\u00e3o com os estudos.<\/p>\n<p class=\"v1ql-align-justify\">O papel da lideran\u00e7a direta surge como fator cr\u00edtico para o sucesso do est\u00e1gio.\u00a0<strong>78% das empresas afirmam que o desenvolvimento do estagi\u00e1rio depende mais do gestor do que do modelo de trabalho<\/strong>, e 85% defendem a necessidade de treinamento espec\u00edfico para gestores, a fim de garantir acompanhamento adequado e melhor performance dos jovens.<\/p>\n<p class=\"v1ql-align-justify\">Embora 85% dos programas de est\u00e1gio ainda operem em modelo totalmente presencial, h\u00e1 uma percep\u00e7\u00e3o clara de desalinhamento com as expectativas dos estudantes:\u00a0<strong>55% das empresas reconhecem que os estagi\u00e1rios preferem formatos mais flex\u00edveis<\/strong>, enquanto 83% acreditam que o presencial aumenta as chances de efetiva\u00e7\u00e3o, evidenciando uma tens\u00e3o entre aprendizado, reten\u00e7\u00e3o e atratividade.<\/p>\n<p class=\"v1ql-align-justify\">Nesse contexto, as empresas integradoras ganham relev\u00e2ncia estrat\u00e9gica.\u00a0<strong>93% das organiza\u00e7\u00f5es afirmam que essas parcerias asseguram o cumprimento das exig\u00eancias legais<\/strong>, enquanto 88% reconhecem o impacto positivo na qualidade da contrata\u00e7\u00e3o e 81% observam melhora na performance dos estagi\u00e1rios ao longo do programa.<\/p>\n<p class=\"v1ql-align-justify\">Para Rodrigo Dib, superintendente institucional do CIEE, os dados indicam que programas de est\u00e1gio mais eficazes s\u00e3o aqueles que equilibram estrutura, acompanhamento gerencial e foco no desenvolvimento comportamental. &#8220;Mais do que exigir dom\u00ednio t\u00e9cnico na entrada, as empresas que investem em aprendizagem cont\u00ednua e lideran\u00e7a preparada tendem a obter maior reten\u00e7\u00e3o, melhor performance e taxas mais elevadas de efetiva\u00e7\u00e3o&#8221;, destaca o executivo.<\/p>\n<p class=\"v1ql-align-justify\"><strong>Interessados nos dados completos da pesquisa, por favor, entrem em contato pelo WhatsApp: (11) 99711-3300 ou pelo e-mail:\u00a0<\/strong><a href=\"mailto:cleide.goncalves@tamer.com.br\" rel=\"noreferrer\"><strong>cleide.goncalves@tamer.com.br<\/strong><\/a><\/p>\n<p class=\"v1ql-align-justify\"><strong>CIEE 61 anos: Impar\u00e1vel<\/strong><\/p>\n<p class=\"v1ql-align-justify\">Desde sua funda\u00e7\u00e3o, o Centro de Integra\u00e7\u00e3o Empresa-Escola &#8211; CIEE, maior ONG de inclus\u00e3o social e trabalho jovem da Am\u00e9rica Latina, se dedica \u00e0 capacita\u00e7\u00e3o profissional de jovens e adolescentes. A institui\u00e7\u00e3o, respons\u00e1vel pela inser\u00e7\u00e3o de 7 milh\u00f5es de brasileiros no mundo do trabalho, mant\u00e9m uma s\u00e9rie de a\u00e7\u00f5es socioassistenciais voltada \u00e0 promo\u00e7\u00e3o do conhecimento e fortalecimento de v\u00ednculos de popula\u00e7\u00f5es priorit\u00e1rias.<\/p>\n<p class=\"v1ql-align-justify\">Confira\u00a0<a href=\"https:\/\/click.cse360.com.br\/Click\/AddCampaignEmailClick\/27b8c6fe-820b-4cc8-aff9-08de6580fd09\/https%253a%252f%252fciee-comunicacao.s3.dualstack.sa-east-1.amazonaws.com%252fimprensa%252520%252fLogo-CIEE-blue-orange-RGB_v1.png\/7cd95766-6019-4c09-b213-573893648b5e\/contato@revistaempresarios.net\/True\" target=\"_blank\" rel=\"noopener noreferrer\">aqui<\/a>\u00a0o nosso novo.<\/p>\n<p>Acompanhe o CIEE pelas m\u00eddias sociais:<\/p>\n<p><a href=\"https:\/\/click.cse360.com.br\/Click\/AddCampaignEmailClick\/27b8c6fe-820b-4cc8-aff9-08de6580fd09\/https%253a%252f%252fwww.facebook.com%252foficial.ciee%252f\/7cd95766-6019-4c09-b213-573893648b5e\/contato@revistaempresarios.net\/True\" target=\"_blank\" rel=\"noopener noreferrer\">Facebook<\/a>\u00a0|<a href=\"https:\/\/click.cse360.com.br\/Click\/AddCampaignEmailClick\/27b8c6fe-820b-4cc8-aff9-08de6580fd09\/https%253a%252f%252fwww.instagram.com%252foficial.ciee%252f\/7cd95766-6019-4c09-b213-573893648b5e\/contato@revistaempresarios.net\/True\" target=\"_blank\" rel=\"noopener noreferrer\">\u00a0Instagram<\/a>\u00a0|<a href=\"https:\/\/click.cse360.com.br\/Click\/AddCampaignEmailClick\/27b8c6fe-820b-4cc8-aff9-08de6580fd09\/https%253a%252f%252ftwitter.com%252fCIEE_oficial1\/7cd95766-6019-4c09-b213-573893648b5e\/contato@revistaempresarios.net\/True\" target=\"_blank\" rel=\"noopener noreferrer\">\u00a0Twitter<\/a>\u00a0|\u00a0<a href=\"https:\/\/click.cse360.com.br\/Click\/AddCampaignEmailClick\/27b8c6fe-820b-4cc8-aff9-08de6580fd09\/https%253a%252f%252fwww.youtube.com%252fchannel%252fUCwK-Dc7_6PYqzBzb_AIxacQ\/7cd95766-6019-4c09-b213-573893648b5e\/contato@revistaempresarios.net\/True\" target=\"_blank\" rel=\"noopener noreferrer\">\u00a0YouTube<\/a>\u00a0|\u00a0<a href=\"https:\/\/click.cse360.com.br\/Click\/AddCampaignEmailClick\/27b8c6fe-820b-4cc8-aff9-08de6580fd09\/https%253a%252f%252fpt.linkedin.com%252fcompany%252foficialciee\/7cd95766-6019-4c09-b213-573893648b5e\/contato@revistaempresarios.net\/True\" target=\"_blank\" rel=\"noopener noreferrer\">Linkedin<\/a>\u00a0|\u00a0<a href=\"https:\/\/click.cse360.com.br\/Click\/AddCampaignEmailClick\/27b8c6fe-820b-4cc8-aff9-08de6580fd09\/https%253a%252f%252fwww.tiktok.com%252f%2540oficial.ciee\/7cd95766-6019-4c09-b213-573893648b5e\/contato@revistaempresarios.net\/True\" target=\"_blank\" rel=\"noopener noreferrer\">Tik Tok<\/a><\/p>\n<p class=\"v1ql-align-justify\"><a href=\"https:\/\/click.cse360.com.br\/Click\/AddCampaignEmailClick\/27b8c6fe-820b-4cc8-aff9-08de6580fd09\/https%253a%252f%252fportal.ciee.org.br%252f\/7cd95766-6019-4c09-b213-573893648b5e\/contato@revistaempresarios.net\/True\" target=\"_blank\" rel=\"noopener noreferrer\">ciee.online<\/a><\/p>\n<\/div>\n<\/td>\n<\/tr>\n<\/tbody>\n<\/table>\n<\/td>\n<\/tr>\n<\/tbody>\n<\/table>\n<\/div>\n<\/td>\n<\/tr>\n<\/tbody>\n<\/table>\n<\/div>\n<\/div>\n","protected":false},"excerpt":{"rendered":"<p>Pesquisa nacional com profissionais de RH revela que soft skills, postura profissional e acompanhamento do gestor s\u00e3o determinantes para o sucesso dos programas de est\u00e1gio S\u00e3o Paulo,\u00a010 de fevereiro de 2025\u00a0\u2014 Uma pesquisa nacional encomendada pelo Centro de Integra\u00e7\u00e3o Empresa-Escola (CIEE) e realizada pelo Instituto Locomotiva aponta que\u00a084% das empresas afirmam que a abertura ao [&hellip;]<\/p>\n","protected":false},"author":2,"featured_media":20809,"comment_status":"open","ping_status":"open","sticky":false,"template":"","format":"standard","meta":{"_jetpack_memberships_contains_paid_content":false,"footnotes":""},"categories":[51,56,57,60],"tags":[11835,11836],"featured_image_src":{"landsacpe":["https:\/\/revistaempresarios.net\/web\/wp-content\/uploads\/2026\/02\/APRENDIZAGEM-CIEE-Foto-Reproducao-Freepik-750x445.jpg",750,445,true],"list":["https:\/\/revistaempresarios.net\/web\/wp-content\/uploads\/2026\/02\/APRENDIZAGEM-CIEE-Foto-Reproducao-Freepik-463x348.jpg",463,348,true],"medium":["https:\/\/revistaempresarios.net\/web\/wp-content\/uploads\/2026\/02\/APRENDIZAGEM-CIEE-Foto-Reproducao-Freepik-300x200.jpg",300,200,true],"full":["https:\/\/revistaempresarios.net\/web\/wp-content\/uploads\/2026\/02\/APRENDIZAGEM-CIEE-Foto-Reproducao-Freepik.jpg",750,500,false]},"jetpack_sharing_enabled":true,"jetpack_featured_media_url":"https:\/\/revistaempresarios.net\/web\/wp-content\/uploads\/2026\/02\/APRENDIZAGEM-CIEE-Foto-Reproducao-Freepik.jpg","jetpack-related-posts":[],"_links":{"self":[{"href":"https:\/\/revistaempresarios.net\/web\/wp-json\/wp\/v2\/posts\/20808"}],"collection":[{"href":"https:\/\/revistaempresarios.net\/web\/wp-json\/wp\/v2\/posts"}],"about":[{"href":"https:\/\/revistaempresarios.net\/web\/wp-json\/wp\/v2\/types\/post"}],"author":[{"embeddable":true,"href":"https:\/\/revistaempresarios.net\/web\/wp-json\/wp\/v2\/users\/2"}],"replies":[{"embeddable":true,"href":"https:\/\/revistaempresarios.net\/web\/wp-json\/wp\/v2\/comments?post=20808"}],"version-history":[{"count":1,"href":"https:\/\/revistaempresarios.net\/web\/wp-json\/wp\/v2\/posts\/20808\/revisions"}],"predecessor-version":[{"id":20810,"href":"https:\/\/revistaempresarios.net\/web\/wp-json\/wp\/v2\/posts\/20808\/revisions\/20810"}],"wp:featuredmedia":[{"embeddable":true,"href":"https:\/\/revistaempresarios.net\/web\/wp-json\/wp\/v2\/media\/20809"}],"wp:attachment":[{"href":"https:\/\/revistaempresarios.net\/web\/wp-json\/wp\/v2\/media?parent=20808"}],"wp:term":[{"taxonomy":"category","embeddable":true,"href":"https:\/\/revistaempresarios.net\/web\/wp-json\/wp\/v2\/categories?post=20808"},{"taxonomy":"post_tag","embeddable":true,"href":"https:\/\/revistaempresarios.net\/web\/wp-json\/wp\/v2\/tags?post=20808"}],"curies":[{"name":"wp","href":"https:\/\/api.w.org\/{rel}","templated":true}]}}