{"id":20697,"date":"2026-01-05T20:40:02","date_gmt":"2026-01-05T23:40:02","guid":{"rendered":"https:\/\/revistaempresarios.net\/web\/?p=20697"},"modified":"2026-01-05T20:40:02","modified_gmt":"2026-01-05T23:40:02","slug":"fusoes-e-aquisicoes-como-agir-em-ano-eleitoral-sem-frear-negocios-por-david-denton-especialista-em-ma-e-socio-da-okto-finance","status":"publish","type":"post","link":"https:\/\/revistaempresarios.net\/web\/2026\/01\/05\/fusoes-e-aquisicoes-como-agir-em-ano-eleitoral-sem-frear-negocios-por-david-denton-especialista-em-ma-e-socio-da-okto-finance\/","title":{"rendered":"Fus\u00f5es e aquisi\u00e7\u00f5es: como agir em ano eleitoral sem frear neg\u00f3cios = Por : David Denton, especialista em M&#038;A e s\u00f3cio da OKTO FINANCE"},"content":{"rendered":"<p>\u00c0 medida que o Brasil se aproxima de mais um ciclo presidencial, em 2026, o mercado de fus\u00f5es e aquisi\u00e7\u00f5es (M&amp;A) tende a agir com cautela. Em anos eleitorais, os neg\u00f3cios n\u00e3o param por falta de liquidez ou oportunidades, mas por necessidade de recalibrar risco e retorno. A incerteza pol\u00edtica reduz a previsibilidade, fazendo com que investidores adiem decis\u00f5es at\u00e9 que o cen\u00e1rio econ\u00f4mico e regulat\u00f3rio fique mais claro. Essa prud\u00eancia, por\u00e9m, n\u00e3o significa retra\u00e7\u00e3o. Ao contr\u00e1rio, per\u00edodos eleitorais podem abrir oportunidades de consolida\u00e7\u00e3o e entrada em ativos com pre\u00e7os mais atraentes.<\/p>\n<p>Historicamente, o segundo semestre de anos de elei\u00e7\u00e3o \u00e9 o mais sens\u00edvel. A disputa pol\u00edtica intensifica a volatilidade dos mercados e concentra a aten\u00e7\u00e3o dos investidores nas propostas econ\u00f4micas dos principais candidatos. Pol\u00edtica fiscal, sustentabilidade da d\u00edvida, ambiente regulat\u00f3rio e compromisso com reformas estruturais passam a guiar decis\u00f5es estrat\u00e9gicas. Investidores estrangeiros, em especial, aguardam clareza sobre as regras do jogo antes de comprometer capital de longo prazo. Ainda assim, o capital n\u00e3o abandona o pa\u00eds; apenas ajusta ritmo, prazos, pr\u00eamios de risco e crit\u00e9rios de valuation.<\/p>\n<p>A an\u00e1lise dos \u00faltimos ciclos eleitorais confirma essa din\u00e2mica, segundo levantamento da KPMG sobre fus\u00f5es e aquisi\u00e7\u00f5es no Brasil. Em 2010, o pa\u00eds registrou 707 opera\u00e7\u00f5es, um crescimento de 56% sobre 2009, impulsionado pela retomada global ap\u00f3s a crise de 2008. J\u00e1 em 2014, a combina\u00e7\u00e3o de desacelera\u00e7\u00e3o econ\u00f4mica, infla\u00e7\u00e3o alta e desconfian\u00e7a sobre pol\u00edtica fiscal reduziu o volume de transa\u00e7\u00f5es para 658, frente a 912 no ano anterior. Em 2018, o mercado atingiu novo patamar hist\u00f3rico, com 967 opera\u00e7\u00f5es, beneficiado por juros em queda e expectativa de reformas. Em 2022, o padr\u00e3o de cautela voltou, com 685 transa\u00e7\u00f5es, refletindo incerteza pol\u00edtica e aumento de juros, mas ainda acima dos n\u00edveis pr\u00e9-pandemia, mostrando resili\u00eancia.<\/p>\n<p>Esses movimentos mostram que elei\u00e7\u00f5es impactam mais a precifica\u00e7\u00e3o do que a atividade em si. Investidores ajustam sua r\u00e9gua de risco, buscando maior margem de seguran\u00e7a. Ativos de qualidade podem ficar temporariamente descontados, gerando oportunidades para fundos de private equity, empresas consolidadoras e investidores estrat\u00e9gicos de longo prazo. O ponto central n\u00e3o \u00e9 se as elei\u00e7\u00f5es afetam o M&amp;A, mas como o mercado interpreta sinais de pol\u00edtica econ\u00f4mica p\u00f3s-eleitoral. Governos que transmitem estabilidade macroecon\u00f4mica, responsabilidade fiscal e ambiente regulat\u00f3rio previs\u00edvel aceleram a retomada, como em 2010 e 2018, enquanto cen\u00e1rios de incerteza institucional atrasam a recupera\u00e7\u00e3o, como em 2014.<\/p>\n<p>O ciclo de 2026 traz um componente adicional: o mercado global passa por reprecifica\u00e7\u00e3o estrutural de ativos, com juros mais altos e exig\u00eancia de retornos maiores, reduzindo espa\u00e7o para opera\u00e7\u00f5es especulativas e valorizando neg\u00f3cios com fundamentos s\u00f3lidos. O Brasil segue atraente para capital internacional, especialmente em energia, infraestrutura, tecnologia e agroneg\u00f3cio, setores que combinam escala, previsibilidade e potencial de inova\u00e7\u00e3o. Ao mesmo tempo, o cen\u00e1rio refor\u00e7a a import\u00e2ncia de governan\u00e7a robusta, avalia\u00e7\u00e3o de riscos e execu\u00e7\u00e3o bem planejada para se destacar nesse per\u00edodo de maior seletividade.<\/p>\n<p>Portanto, o comportamento do mercado de M&amp;A depender\u00e1 menos do resultado eleitoral e mais da continuidade da agenda econ\u00f4mica. O capital n\u00e3o teme elei\u00e7\u00f5es; teme descontinuidade nas pol\u00edticas e no ambiente regulat\u00f3rio. Quando h\u00e1 previsibilidade e coer\u00eancia, o apetite por investimentos retorna rapidamente, estimulando negocia\u00e7\u00f5es e estrat\u00e9gias de crescimento. Para quem compreende essa din\u00e2mica, per\u00edodos eleitorais n\u00e3o representam retra\u00e7\u00e3o, mas momentos estrat\u00e9gicos de prepara\u00e7\u00e3o e posicionamento. A incerteza, longe de ser um obst\u00e1culo, pode se transformar no terreno mais f\u00e9rtil para identificar oportunidades de longo prazo e capturar valor em ativos de qualidade.<\/p>\n","protected":false},"excerpt":{"rendered":"<p>\u00c0 medida que o Brasil se aproxima de mais um ciclo presidencial, em 2026, o mercado de fus\u00f5es e aquisi\u00e7\u00f5es (M&amp;A) tende a agir com cautela. Em anos eleitorais, os neg\u00f3cios n\u00e3o param por falta de liquidez ou oportunidades, mas por necessidade de recalibrar risco e retorno. A incerteza pol\u00edtica reduz a previsibilidade, fazendo com [&hellip;]<\/p>\n","protected":false},"author":2,"featured_media":20698,"comment_status":"open","ping_status":"open","sticky":false,"template":"","format":"standard","meta":{"_jetpack_memberships_contains_paid_content":false,"footnotes":""},"categories":[1],"tags":[11771,11770],"featured_image_src":{"landsacpe":["https:\/\/revistaempresarios.net\/web\/wp-content\/uploads\/2026\/01\/935035c23cdea0db467db77ce94f1d7e_XL-1140x445.jpg",1140,445,true],"list":["https:\/\/revistaempresarios.net\/web\/wp-content\/uploads\/2026\/01\/935035c23cdea0db467db77ce94f1d7e_XL-463x348.jpg",463,348,true],"medium":["https:\/\/revistaempresarios.net\/web\/wp-content\/uploads\/2026\/01\/935035c23cdea0db467db77ce94f1d7e_XL-300x255.jpg",300,255,true],"full":["https:\/\/revistaempresarios.net\/web\/wp-content\/uploads\/2026\/01\/935035c23cdea0db467db77ce94f1d7e_XL.jpg",1220,1036,false]},"jetpack_sharing_enabled":true,"jetpack_featured_media_url":"https:\/\/revistaempresarios.net\/web\/wp-content\/uploads\/2026\/01\/935035c23cdea0db467db77ce94f1d7e_XL.jpg","jetpack-related-posts":[],"_links":{"self":[{"href":"https:\/\/revistaempresarios.net\/web\/wp-json\/wp\/v2\/posts\/20697"}],"collection":[{"href":"https:\/\/revistaempresarios.net\/web\/wp-json\/wp\/v2\/posts"}],"about":[{"href":"https:\/\/revistaempresarios.net\/web\/wp-json\/wp\/v2\/types\/post"}],"author":[{"embeddable":true,"href":"https:\/\/revistaempresarios.net\/web\/wp-json\/wp\/v2\/users\/2"}],"replies":[{"embeddable":true,"href":"https:\/\/revistaempresarios.net\/web\/wp-json\/wp\/v2\/comments?post=20697"}],"version-history":[{"count":1,"href":"https:\/\/revistaempresarios.net\/web\/wp-json\/wp\/v2\/posts\/20697\/revisions"}],"predecessor-version":[{"id":20699,"href":"https:\/\/revistaempresarios.net\/web\/wp-json\/wp\/v2\/posts\/20697\/revisions\/20699"}],"wp:featuredmedia":[{"embeddable":true,"href":"https:\/\/revistaempresarios.net\/web\/wp-json\/wp\/v2\/media\/20698"}],"wp:attachment":[{"href":"https:\/\/revistaempresarios.net\/web\/wp-json\/wp\/v2\/media?parent=20697"}],"wp:term":[{"taxonomy":"category","embeddable":true,"href":"https:\/\/revistaempresarios.net\/web\/wp-json\/wp\/v2\/categories?post=20697"},{"taxonomy":"post_tag","embeddable":true,"href":"https:\/\/revistaempresarios.net\/web\/wp-json\/wp\/v2\/tags?post=20697"}],"curies":[{"name":"wp","href":"https:\/\/api.w.org\/{rel}","templated":true}]}}