{"id":20626,"date":"2025-12-15T18:53:14","date_gmt":"2025-12-15T21:53:14","guid":{"rendered":"https:\/\/revistaempresarios.net\/web\/?p=20626"},"modified":"2025-12-15T18:53:14","modified_gmt":"2025-12-15T21:53:14","slug":"inventa-evento-conquista-o-ouro-no-premio-caio","status":"publish","type":"post","link":"https:\/\/revistaempresarios.net\/web\/2025\/12\/15\/inventa-evento-conquista-o-ouro-no-premio-caio\/","title":{"rendered":"Inventa Evento conquista o Ouro no Pr\u00eamio Caio"},"content":{"rendered":"<p><strong>com execu\u00e7\u00e3o de festival urbano que transformou o centro de Porto Alegre<\/strong><\/p>\n<p><em>Empres\u00e1rias Ana Leite e Doda Bedin operacionalizaram de forma estrat\u00e9gica e de impacto o Festival Fronteiras na cidade ga\u00facha <\/em><\/p>\n<p>O Fronteiras do Pensamento, sempre atento \u00e0s transforma\u00e7\u00f5es do tempo, ap\u00f3s 18 anos de hist\u00f3ria, saiu dos teatros e foi para a rua, ampliando o seu p\u00fablico e o seu impacto na sociedade. A ideia de levar o evento para a pra\u00e7a p\u00fablica e promover uma atividade vibrante, democr\u00e1tica e multiart\u00edstica partiu dos criadores do evento Fernando Schuler e Pedro Longhi, que buscaram na Inventa Evento a expertise para ajudar a transformar o Fronteiras do Pensamento em um festival com formato in\u00e9dito e pulsante.<\/p>\n<p>Ana Paula Leite e Giorgia Bedin (Doda), s\u00f3cias da Inventa, assumiram o desafio e o resultado foi uma experi\u00eancia cultural que reposicionou o Fronteiras no cen\u00e1rio nacional e conduziu a empresa dirigida por Ana e Doda ao p\u00f3dio do Pr\u00eamio Caio, o mais prestigiado reconhecimento do mercado de eventos no Brasil, na categoria evento VUCA,\u00a0criada para reconhecer eventos inovadores, disruptivos e h\u00edbridos que fogem dos padr\u00f5es tradicionais, mesclando m\u00faltiplas atividades e formatos (Vol\u00e1til, Incerto, Complexo, Amb\u00edguo).\u00a0\u00a0A categoria premia a originalidade e a capacidade de gerar transforma\u00e7\u00e3o no mercado.<\/p>\n<p>De 30 a 31 de maio de 2025, mais a avant-premi\u00e8re, o Festival Fronteiras ocupou 30 mil metros quadrados do Centro Hist\u00f3rico. Foram mais de 40 pensadores, incluindo Mia Couto, Jos\u00e9 Eduardo Agualusa, Fernando Gabeira, Drauzio Varella, Maria Homem, L\u00e1zaro Ramos e Christian Dunker. Di\u00e1logos mediados, encontros com autores, sess\u00f5es de aut\u00f3grafos, exposi\u00e7\u00f5es fotogr\u00e1ficas, instala\u00e7\u00f5es interativas, visitas guiadas e shows musicais completaram a programa\u00e7\u00e3o.<\/p>\n<p>Setenta por cento das atividades foram gratuitas. A arena da pra\u00e7a recebeu a abertura com Malu Gaspar e Pedro Bial. A avant-premi\u00e8re trouxe um encontro hist\u00f3rico entre Gilberto Gil e Mia Couto, mediado por Mariana Ferr\u00e3o. Os espet\u00e1culos de encerramento ocuparam a Pra\u00e7a da Matriz com m\u00fasica, literatura e emo\u00e7\u00e3o.<\/p>\n<p>Houve ainda aten\u00e7\u00e3o especial \u00e0 sustentabilidade, com gest\u00e3o completa de res\u00edduos, doa\u00e7\u00e3o de materiais de arquitetura ef\u00eamera, c\u00e1lculo de pegada de carbono e inclus\u00e3o de pain\u00e9is tem\u00e1ticos. A acessibilidade tamb\u00e9m foi tratada como eixo central, com rampas, espa\u00e7os reservados, int\u00e9rpretes de Libras e sistemas de credenciamento digital adaptados.<\/p>\n<p>Mais de 15 mil pessoas circularam pelos espa\u00e7os. A cidade voltou a se ver como palco de cultura e pensamento. Mas o principal resultado foi o que o projeto devolveu \u00e0 sociedade. Ao democratizar conte\u00fado de alto n\u00edvel intelectual, ocupar o centro hist\u00f3rico de forma viva e respeitosa, reunir diferentes \u00e1reas do conhecimento em um mesmo territ\u00f3rio, o evento fortaleceu a voca\u00e7\u00e3o de Porto Alegre para o di\u00e1logo e para a reconstru\u00e7\u00e3o coletiva.<\/p>\n<p>A Inventa Evento demonstrou que produ\u00e7\u00e3o \u00e9 mais do que opera\u00e7\u00e3o. \u00c9 vis\u00e3o, \u00e9 cuidado, \u00e9 capacidade de criar ambientes onde ideias ganham corpo e p\u00fablico encontra sentido. \u201cEntregar um festival dessa magnitude em uma cidade em recupera\u00e7\u00e3o elevou o projeto \u00e0 categoria de gesto simb\u00f3lico\u201d, comenta Ana Paula Leite, s\u00f3cia da empresa.<\/p>\n<p>Para Doda Bedin, o Fronteiras foi tamb\u00e9m um marco pessoal e profissional. \u201cProduzir este festival foi como orquestrar uma cidade inteira em torno do pensamento. Ver Porto Alegre ocupada por ideias, di\u00e1logos e encontros nos mostrou o real poder da cultura. \u00c9 emocionante saber que fizemos parte de um momento que vai ficar na mem\u00f3ria da cidade\u201d, afirma.<\/p>\n<p><strong>\u00a0<\/strong><\/p>\n<p><strong>Um festival de ideias, arte e cidade<\/strong><\/p>\n<p>A trajet\u00f3ria para esse feito come\u00e7ou em agosto de 2024, quando a DC Set Group buscou a Inventa para ajudar no desenho e na produ\u00e7\u00e3o do Festival Fronteiras. A Inventa aceitou o desafio com a precis\u00e3o estrat\u00e9gica que caracteriza os seus 19 anos de hist\u00f3ria, n\u00e3o como executora, mas como parceira capaz de operar eventos de ponta a ponta.<\/p>\n<p>O briefing trazido pelos realizadores continha uma inten\u00e7\u00e3o clara, j\u00e1 que o p\u00fablico p\u00f3s-pandemia se tornou curador do pr\u00f3prio conte\u00fado, o que esvaziou formatos longos e espa\u00e7ados. Por isso, o caminho escolhido foi criar um festival 100% presencial, com m\u00faltiplos palcos, atividades paralelas, shows, exposi\u00e7\u00f5es e di\u00e1logos simult\u00e2neos.<\/p>\n<p>Nesse contexto, Ana e Doda deram vida \u00e0 ideia dos contratantes, executando uma opera\u00e7\u00e3o complexa e cheia de bossa, j\u00e1 que o espa\u00e7o escolhido por eles foi nada menos que um dos mais simb\u00f3licos da capital ga\u00facha. O quadril\u00e1tero da Pra\u00e7a Marechal Deodoro, conhecido como Pra\u00e7a da Matriz, re\u00fane Theatro S\u00e3o Pedro, Pal\u00e1cio Piratini, Pal\u00e1cio da Justi\u00e7a, Assembleia Legislativa e Catedral Metropolitana. Ou seja: o cora\u00e7\u00e3o pol\u00edtico e cultural da cidade, ativo e vivo, e n\u00e3o uma \u00e1rea isolada de eventos.<\/p>\n<p>Para dar conta do projeto, 342 pessoas se envolveram na produ\u00e7\u00e3o. Foram estruturados nove pilares operacionais: Infraestrutura, Libera\u00e7\u00f5es, T\u00e9cnica, Art\u00edstica, Arquitetura, Produ\u00e7\u00e3o e RH, Alimentos &amp; Bebidas, Log\u00edstica e Sinaliza\u00e7\u00e3o.<\/p>\n<p>Desde fevereiro de 2025, a Inventa iniciou os cronogramas de montagem, que inclu\u00edram dezenas de reuni\u00f5es com \u00f3rg\u00e3os p\u00fablicos, especialmente a Secretaria de Seguran\u00e7a P\u00fablica. Toda a montagem precisou conviver com o fluxo cotidiano de servidores, magistrados, parlamentares e frequentadores da regi\u00e3o. Cada etapa teve um plano de impacto, rotas alternativas e comunica\u00e7\u00e3o estruturada com moradores e trabalhadores.<\/p>\n<p>A equipe se instalou no quinto andar do Pal\u00e1cio da Justi\u00e7a, transformando o pr\u00e9dio hist\u00f3rico em seu centro operacional. Daquele epicentro, coordenou a montagem de oito palcos, \u00e1reas de alimenta\u00e7\u00e3o, estruturas de apoio, espa\u00e7os de ativa\u00e7\u00e3o de marcas, audit\u00f3rios, camarins, circula\u00e7\u00e3o de p\u00fablico e acesso dos palestrantes.<\/p>\n<p>A arena principal, gratuita, foi constru\u00edda em uma rua \u00edngreme, exigindo solu\u00e7\u00f5es criativas de engenharia. O desn\u00edvel foi transformado em vantagem, criando uma plateia escalonada natural, com excelente visibilidade.<\/p>\n","protected":false},"excerpt":{"rendered":"<p>com execu\u00e7\u00e3o de festival urbano que transformou o centro de Porto Alegre Empres\u00e1rias Ana Leite e Doda Bedin operacionalizaram de forma estrat\u00e9gica e de impacto o Festival Fronteiras na cidade ga\u00facha O Fronteiras do Pensamento, sempre atento \u00e0s transforma\u00e7\u00f5es do tempo, ap\u00f3s 18 anos de hist\u00f3ria, saiu dos teatros e foi para a rua, ampliando [&hellip;]<\/p>\n","protected":false},"author":2,"featured_media":20627,"comment_status":"open","ping_status":"open","sticky":false,"template":"","format":"standard","meta":{"_jetpack_memberships_contains_paid_content":false,"footnotes":""},"categories":[1],"tags":[],"featured_image_src":{"landsacpe":["https:\/\/revistaempresarios.net\/web\/wp-content\/uploads\/2025\/12\/img2-600x445.jpeg",600,445,true],"list":["https:\/\/revistaempresarios.net\/web\/wp-content\/uploads\/2025\/12\/img2-463x348.jpeg",463,348,true],"medium":["https:\/\/revistaempresarios.net\/web\/wp-content\/uploads\/2025\/12\/img2-300x225.jpeg",300,225,true],"full":["https:\/\/revistaempresarios.net\/web\/wp-content\/uploads\/2025\/12\/img2.jpeg",600,450,false]},"jetpack_sharing_enabled":true,"jetpack_featured_media_url":"https:\/\/revistaempresarios.net\/web\/wp-content\/uploads\/2025\/12\/img2.jpeg","jetpack-related-posts":[],"_links":{"self":[{"href":"https:\/\/revistaempresarios.net\/web\/wp-json\/wp\/v2\/posts\/20626"}],"collection":[{"href":"https:\/\/revistaempresarios.net\/web\/wp-json\/wp\/v2\/posts"}],"about":[{"href":"https:\/\/revistaempresarios.net\/web\/wp-json\/wp\/v2\/types\/post"}],"author":[{"embeddable":true,"href":"https:\/\/revistaempresarios.net\/web\/wp-json\/wp\/v2\/users\/2"}],"replies":[{"embeddable":true,"href":"https:\/\/revistaempresarios.net\/web\/wp-json\/wp\/v2\/comments?post=20626"}],"version-history":[{"count":1,"href":"https:\/\/revistaempresarios.net\/web\/wp-json\/wp\/v2\/posts\/20626\/revisions"}],"predecessor-version":[{"id":20628,"href":"https:\/\/revistaempresarios.net\/web\/wp-json\/wp\/v2\/posts\/20626\/revisions\/20628"}],"wp:featuredmedia":[{"embeddable":true,"href":"https:\/\/revistaempresarios.net\/web\/wp-json\/wp\/v2\/media\/20627"}],"wp:attachment":[{"href":"https:\/\/revistaempresarios.net\/web\/wp-json\/wp\/v2\/media?parent=20626"}],"wp:term":[{"taxonomy":"category","embeddable":true,"href":"https:\/\/revistaempresarios.net\/web\/wp-json\/wp\/v2\/categories?post=20626"},{"taxonomy":"post_tag","embeddable":true,"href":"https:\/\/revistaempresarios.net\/web\/wp-json\/wp\/v2\/tags?post=20626"}],"curies":[{"name":"wp","href":"https:\/\/api.w.org\/{rel}","templated":true}]}}