{"id":20412,"date":"2025-11-07T13:23:56","date_gmt":"2025-11-07T16:23:56","guid":{"rendered":"https:\/\/revistaempresarios.net\/web\/?p=20412"},"modified":"2025-11-07T13:24:29","modified_gmt":"2025-11-07T16:24:29","slug":"caixa-lanca-plataforma-para-reducao-de-emissoes-de-carbono-em-projetos-habitacionais","status":"publish","type":"post","link":"https:\/\/revistaempresarios.net\/web\/2025\/11\/07\/caixa-lanca-plataforma-para-reducao-de-emissoes-de-carbono-em-projetos-habitacionais\/","title":{"rendered":"Caixa lan\u00e7a plataforma para redu\u00e7\u00e3o de emiss\u00f5es de carbono em projetos habitacionais"},"content":{"rendered":"<p>Foco inicial ser\u00e1 no Minha Casa Minha Vida<\/p>\n<p>Banco tamb\u00e9m anunciou compromissos pela neutraliza\u00e7\u00e3o de emiss\u00f5es de gases de efeitos estufa e da gera\u00e7\u00e3o de res\u00edduos, aumento em 50% da carteira de cr\u00e9dito verde e promo\u00e7\u00e3o da igualdade de oportunidades<\/p>\n<div id=\"page-document\" class=\"ui container view-wrapper newsitem-view\"><\/div>\n<div id=\"page-document\" class=\"ui container view-wrapper newsitem-view\">\n<p>A Caixa Econ\u00f4mica Federal anunciou o lan\u00e7amento de uma plataforma que vai mensurar a gera\u00e7\u00e3o de carbono incorporado em empreendimentos habitacionais financiados pela institui\u00e7\u00e3o, em parceria com a Universidade de S\u00e3o Paulo (USP). O objetivo do Benchmark Iterativo para Projetos de Baixo Carbono (BIPC) \u00e9 promover a melhoria nos projetos estruturais e reduzir o consumo de materiais para a redu\u00e7\u00e3o direta de CO\u2082 e dos custos de produ\u00e7\u00e3o.<\/p>\n<p>O BIPC ter\u00e1 como foco inicial os projetos estruturais de empreendimentos imobili\u00e1rios, em especial os vinculados ao Minha Casa Minha Vida, que t\u00eam a padroniza\u00e7\u00e3o como uma de suas caracter\u00edsticas, o que oferece uma oportunidade singular de reduzir as emiss\u00f5es de CO2, aumentar a qualidade das habita\u00e7\u00f5es e estimular a inova\u00e7\u00e3o tecnol\u00f3gica no setor.<\/p>\n<p>O sistema conta ainda com uma \u00e1rea aberta para que a sociedade possa consultar a linha de base de carbono de diferentes tipologias construtivas.<\/p>\n<p>\u201cA economia de baixo carbono tamb\u00e9m \u00e9 fator de lucratividade para as empresas, \u00e9 fator de melhoria social e a Caixa tem esse compromisso de promover e dar instrumentos para que isso vire realidade\u201d, enfatizou o presidente da Caixa, Carlos Vieira.<\/p>\n<p>A ferramenta permite analisar o impacto dos empreendimentos por tipologia construtiva, por n\u00famero de pavimentos ou por elemento construtivo e comparar diferentes simula\u00e7\u00f5es de projeto, identificando quais elementos, como vigas e pilares, e materiais, por exemplo, concreto ou cimento, s\u00e3o os maiores respons\u00e1veis pelas emiss\u00f5es e como o projeto pode ser melhorado. As compara\u00e7\u00f5es s\u00e3o realizadas em rela\u00e7\u00e3o \u00e0s melhores pr\u00e1ticas de mercado.<\/p>\n<p>O objetivo da Caixa a partir dessa solu\u00e7\u00e3o, \u00e9 subsidiar as pol\u00edticas habitacionais do banco com informa\u00e7\u00f5es relacionadas \u00e0 sustentabilidade de empreendimentos, estimular o mercado a adotar m\u00e9todos sustent\u00e1veis, melhorando o projeto estrutural e reduzindo o consumo de materiais para a redu\u00e7\u00e3o direta de CO2 e dos custos de produ\u00e7\u00e3o.<\/p>\n<p>O an\u00fancio foi feito durante o evento \u201cHabita\u00e7\u00e3o de baixo carbono: experi\u00eancias globais e solu\u00e7\u00f5es locais\u201d, em S\u00e3o Paulo (SP), que \u00e9 uma parceria entre Caixa e CNP Seguradora, na segunda-feira, 03\/11. Al\u00e9m do presidente do banco, participaram a vice-presidente de Habita\u00e7\u00e3o da institui\u00e7\u00e3o, In\u00eas Magalh\u00e3es, e o vice-presidente de Sustentabilidade e Cidadania Digital em exerc\u00edcio, Jean Benevides.<\/p>\n<h3 class=\"block-heading\">Novos compromissos<\/h3>\n<p><img decoding=\"async\" src=\"https:\/\/cop30.br\/pt-br\/noticias-da-cop30\/download-2.jpg\/@@images\/image-800-23769779c9eeb9751c82cee535fb3ae7.jpeg\" alt=\"Carlos Vieira destacou que os an\u00fancios representam um marco na atua\u00e7\u00e3o do banco. Foto: Ca\u00edque Coufal\/Caixa\" \/><\/p>\n<p>Na ocasi\u00e3o, a Caixa anunciou quatro novos compromissos alinhados \u00e0s diretrizes internacionais para o desenvolvimento sustent\u00e1vel. Uma das metas \u00e9 alcan\u00e7ar o equil\u00edbrio das emiss\u00f5es at\u00e9 2050, obtendo o saldo de zero emiss\u00f5es l\u00edquidas, o que o mercado denomina como Net Zero. Isso vale tanto para as emiss\u00f5es diretas quanto para as indiretas, que leva em considera\u00e7\u00e3o as emiss\u00f5es geradas em opera\u00e7\u00f5es financiadas pelo banco.<\/p>\n<p>O banco tamb\u00e9m implementar\u00e1 um modelo institucional baseado nos princ\u00edpios da economia circular, com o objetivo de minimizar a destina\u00e7\u00e3o de res\u00edduos a aterros sanit\u00e1rios e zerar envio de res\u00edduos para incinera\u00e7\u00e3o (zero waste) at\u00e9 2050. A meta \u00e9 reduzir ao m\u00e1ximo a gera\u00e7\u00e3o de res\u00edduos, priorizando a reutiliza\u00e7\u00e3o, a reciclagem e a compostagem.<\/p>\n<p>O terceiro compromisso prev\u00ea que, at\u00e9 2030, a carteira de cr\u00e9dito verde da institui\u00e7\u00e3o deve aumentar em 50%, chegando a um saldo de R$1,25 trilh\u00e3o.<\/p>\n<p>Promover a igualdade de oportunidades \u00e9 o quarto compromisso que a Caixa refor\u00e7ou. At\u00e9 2030, pelo menos 36% dos cargos de chefia de unidade (fun\u00e7\u00f5es gerenciais) ser\u00e3o ocupados por mulheres, fortalecendo a representatividade feminina em posi\u00e7\u00f5es de lideran\u00e7a. Hoje, o estatuto do banco j\u00e1 prev\u00ea que ao menos 1\/3 das posi\u00e7\u00f5es da alta gest\u00e3o da empresa sejam ocupadas por mulheres.<\/p>\n<p>O presidente frisou que o an\u00fancio dos compromissos \u00e9 um marco na atua\u00e7\u00e3o da institui\u00e7\u00e3o financeira. \u201cHoje, demos um passo firme e concreto para um futuro mais justo, sustent\u00e1vel, que promover\u00e1 equidade e justi\u00e7a social. \u00c9 um dia hist\u00f3rico para a Caixa\u201d, afirmou Vieira.<\/p>\n<p>\u201cEsses compromissos e a BIPc n\u00e3o s\u00e3o a\u00e7\u00f5es isoladas. Eles se conectam como parte de uma mesma vis\u00e3o: transformar o cr\u00e9dito em impacto e o desenvolvimento em sustentabilidade\u201d, concluiu Vieira.<\/p>\n<\/div>\n<div class=\"ui container tags\"><\/div>\n","protected":false},"excerpt":{"rendered":"<p>Foco inicial ser\u00e1 no Minha Casa Minha Vida Banco tamb\u00e9m anunciou compromissos pela neutraliza\u00e7\u00e3o de emiss\u00f5es de gases de efeitos estufa e da gera\u00e7\u00e3o de res\u00edduos, aumento em 50% da carteira de cr\u00e9dito verde e promo\u00e7\u00e3o da igualdade de oportunidades A Caixa Econ\u00f4mica Federal anunciou o lan\u00e7amento de uma plataforma que vai mensurar a gera\u00e7\u00e3o [&hellip;]<\/p>\n","protected":false},"author":2,"featured_media":20413,"comment_status":"open","ping_status":"open","sticky":false,"template":"","format":"standard","meta":{"_jetpack_memberships_contains_paid_content":false,"_joinchat":[],"footnotes":""},"categories":[51,56,57,58,60],"tags":[11659],"featured_image_src":{"landsacpe":["https:\/\/revistaempresarios.net\/web\/wp-content\/uploads\/2025\/11\/image-1200-e679732ad6bd7171520d2ae01aaf0295-800x445.jpeg",800,445,true],"list":["https:\/\/revistaempresarios.net\/web\/wp-content\/uploads\/2025\/11\/image-1200-e679732ad6bd7171520d2ae01aaf0295-463x348.jpeg",463,348,true],"medium":["https:\/\/revistaempresarios.net\/web\/wp-content\/uploads\/2025\/11\/image-1200-e679732ad6bd7171520d2ae01aaf0295-300x200.jpeg",300,200,true],"full":["https:\/\/revistaempresarios.net\/web\/wp-content\/uploads\/2025\/11\/image-1200-e679732ad6bd7171520d2ae01aaf0295.jpeg",800,533,false]},"jetpack_sharing_enabled":true,"jetpack_featured_media_url":"https:\/\/revistaempresarios.net\/web\/wp-content\/uploads\/2025\/11\/image-1200-e679732ad6bd7171520d2ae01aaf0295.jpeg","jetpack-related-posts":[],"_links":{"self":[{"href":"https:\/\/revistaempresarios.net\/web\/wp-json\/wp\/v2\/posts\/20412"}],"collection":[{"href":"https:\/\/revistaempresarios.net\/web\/wp-json\/wp\/v2\/posts"}],"about":[{"href":"https:\/\/revistaempresarios.net\/web\/wp-json\/wp\/v2\/types\/post"}],"author":[{"embeddable":true,"href":"https:\/\/revistaempresarios.net\/web\/wp-json\/wp\/v2\/users\/2"}],"replies":[{"embeddable":true,"href":"https:\/\/revistaempresarios.net\/web\/wp-json\/wp\/v2\/comments?post=20412"}],"version-history":[{"count":1,"href":"https:\/\/revistaempresarios.net\/web\/wp-json\/wp\/v2\/posts\/20412\/revisions"}],"predecessor-version":[{"id":20414,"href":"https:\/\/revistaempresarios.net\/web\/wp-json\/wp\/v2\/posts\/20412\/revisions\/20414"}],"wp:featuredmedia":[{"embeddable":true,"href":"https:\/\/revistaempresarios.net\/web\/wp-json\/wp\/v2\/media\/20413"}],"wp:attachment":[{"href":"https:\/\/revistaempresarios.net\/web\/wp-json\/wp\/v2\/media?parent=20412"}],"wp:term":[{"taxonomy":"category","embeddable":true,"href":"https:\/\/revistaempresarios.net\/web\/wp-json\/wp\/v2\/categories?post=20412"},{"taxonomy":"post_tag","embeddable":true,"href":"https:\/\/revistaempresarios.net\/web\/wp-json\/wp\/v2\/tags?post=20412"}],"curies":[{"name":"wp","href":"https:\/\/api.w.org\/{rel}","templated":true}]}}