{"id":20220,"date":"2025-10-22T17:33:28","date_gmt":"2025-10-22T20:33:28","guid":{"rendered":"https:\/\/revistaempresarios.net\/web\/?p=20220"},"modified":"2025-10-22T17:33:28","modified_gmt":"2025-10-22T20:33:28","slug":"volkswagen-caminhoes-e-onibus-lanca-servico-para-gestao-de-frotas","status":"publish","type":"post","link":"https:\/\/revistaempresarios.net\/web\/2025\/10\/22\/volkswagen-caminhoes-e-onibus-lanca-servico-para-gestao-de-frotas\/","title":{"rendered":"Volkswagen Caminh\u00f5es e \u00d4nibus lan\u00e7a servi\u00e7o para gest\u00e3o de frotas"},"content":{"rendered":"<div class=\"v1cols_1 v11589484351563 v1ip-section\">\n<div>\n<table border=\"0\" cellspacing=\"0\" cellpadding=\"0\" align=\"center\">\n<tbody>\n<tr>\n<td>\n<div class=\"v1mj-column-per-100 v1mj-outlook-group-fix v1ip-column\">\n<table border=\"0\" width=\"100%\" cellspacing=\"0\" cellpadding=\"0\">\n<tbody>\n<tr>\n<td>\n<table border=\"0\" width=\"100%\" cellspacing=\"0\" cellpadding=\"0\">\n<tbody>\n<tr>\n<td class=\"v1ip-text-block\" align=\"left\">\n<div>\n<p class=\"v1ql-align-justify\">A Volkswagen Caminh\u00f5es e \u00d4nibus acaba de apresentar ao mercado o RIO Remote Diagnosis, um servi\u00e7o que transforma a maneira como os clientes gerenciam a manuten\u00e7\u00e3o de suas frotas. A solu\u00e7\u00e3o oferece monitoramento remoto em tempo real dos caminh\u00f5es e \u00f4nibus, permitindo identificar alertas cr\u00edticos com agilidade, o que contribui diretamente para o aumento da disponibilidade dos ve\u00edculos e a otimiza\u00e7\u00e3o dos processos de manuten\u00e7\u00e3o.<\/p>\n<p class=\"v1ql-align-justify\">&#8220;Com o RIO Remote Diagnosis, os gestores de frota passam a ter visibilidade imediata sobre o status de cada modelo, o que possibilita decis\u00f5es mais r\u00e1pidas e precisas. Al\u00e9m disso, \u00e9 poss\u00edvel acompanhar em tempo real quais ve\u00edculos est\u00e3o em manuten\u00e7\u00e3o e por quanto tempo permanecem na concession\u00e1ria. Essa funcionalidade permite reduzir o tempo de parada e melhorar a efici\u00eancia operacional&#8221;, afirma Antonio Cammarosano, diretor de Servi\u00e7os da Volkswagen Caminh\u00f5es e \u00d4nibus.<\/p>\n<p class=\"v1ql-align-justify\">Outro diferencial do RIO Remote Diagnosis \u00e9 o monitoramento cont\u00ednuo da taxa de disponibilidade da frota, oferecendo dados estrat\u00e9gicos para uma gest\u00e3o mais inteligente. O novo servi\u00e7o transforma a manuten\u00e7\u00e3o em um processo mais transparente, sustent\u00e1vel e produtivo, elevando a satisfa\u00e7\u00e3o dos clientes e a performance das opera\u00e7\u00f5es.<\/p>\n<p class=\"v1ql-align-justify\">A contrata\u00e7\u00e3o do RIO Remote Diagnosis \u00e9 simples: basta criar uma conta na plataforma de conectividade RIO, cadastrar o caminh\u00e3o e adquirir o servi\u00e7o diretamente pelo Marketplace, de forma totalmente online. Com essa novidade, a Volkswagen Caminh\u00f5es e \u00d4nibus reafirma seu compromisso com a inova\u00e7\u00e3o e com a excel\u00eancia na gest\u00e3o de frotas, oferecendo solu\u00e7\u00f5es que agregam valor real ao neg\u00f3cio dos seus clientes.<\/p>\n<p class=\"v1ql-align-justify\">O RIO Remote Diagnosis \u00e9 mais uma solu\u00e7\u00e3o<strong>\u00a0<\/strong>Volks|Care, a marca de servi\u00e7os da Volkswagen Caminh\u00f5es e \u00d4nibus, que oferece uma experi\u00eancia completa de gest\u00e3o do transporte, incluindo, al\u00e9m da conectividade RIO, os planos de manuten\u00e7\u00e3o Volks|Total, a torre de controle Volks|Uptime, entre outros servi\u00e7os, que garantem maior disponibilidade para a frota e mais rentabilidade para o cliente.<\/p>\n<p class=\"v1ql-align-justify\"><a href=\"https:\/\/click.cse360.com.br\/Click\/AddCampaignEmailClick\/655dce90-67a3-4c0c-b9a7-08ddfba403c3\/https%253a%252f%252fvwtbpress.com%252f\/7cd95766-6019-4c09-b213-573893648b5e\/contato@revistaempresarios.net\/True\" target=\"_blank\" rel=\"noopener noreferrer\">Volkswagen Caminh\u00f5es e \u00d4nibus &#8211; Sala de Imprensa<\/a><\/p>\n<\/div>\n<\/td>\n<\/tr>\n<\/tbody>\n<\/table>\n<\/td>\n<\/tr>\n<\/tbody>\n<\/table>\n<\/div>\n<\/td>\n<\/tr>\n<\/tbody>\n<\/table>\n<\/div>\n<\/div>\n<div class=\"v1cols_1 v11589473381732 v1ip-section\">\n<div>\n<table border=\"0\" cellspacing=\"0\" cellpadding=\"0\" align=\"center\">\n<tbody>\n<tr>\n<td>\n<div class=\"v1mj-column-per-100 v1mj-outlook-group-fix v1ip-column\">\n<table border=\"0\" width=\"100%\" cellspacing=\"0\" cellpadding=\"0\">\n<tbody>\n<tr>\n<td>\n<table border=\"0\" width=\"100%\" cellspacing=\"0\" cellpadding=\"0\">\n<tbody>\n<tr>\n<td class=\"v1ip-divider-block\" align=\"center\"><\/td>\n<\/tr>\n<tr>\n<td class=\"v1ip-text-block\" align=\"left\">\n<div>\n<p><strong>Sobre a Volkswagen Caminh\u00f5es e \u00d4nibus<\/strong><\/p>\n<p>Membro do Grupo TRATON, a VW Caminh\u00f5es e \u00d4nibus \u00e9 a fabricante dos ve\u00edculos comerciais Volkswagen, uma das maiores montadoras de caminh\u00f5es e \u00f4nibus da Am\u00e9rica Latina. Desde 1981, quando iniciou suas opera\u00e7\u00f5es, chegar ao topo do mercado, respeitando e satisfazendo as necessidades dos clientes, sempre foi o foco da montadora. E \u00e9 exatamente isso que oferece a seus clientes: produtos sob medida e um excelente servi\u00e7o de p\u00f3s-vendas. A empresa tamb\u00e9m \u00e9 refer\u00eancia em inova\u00e7\u00f5es tecnol\u00f3gicas, sendo pioneira no desenvolvimento e produ\u00e7\u00e3o de um caminh\u00e3o 100% el\u00e9trico na Am\u00e9rica Latina. A empresa busca sempre solu\u00e7\u00f5es que reduzam o impacto ambiental e ajudem a preservar o meio ambiente. H\u00e1 40 anos, a fabricante mant\u00e9m seu compromisso de desenvolver ve\u00edculos que superem as exig\u00eancias dos clientes \u2013 onde quer que eles rodem, seja pelas estradas brasileiras, latino-americanas, africanas ou asi\u00e1ticas.<\/p>\n<p><strong>Sobre o GRUPO TRATON<\/strong><\/p>\n<p>Com suas marcas Volkswagen Caminh\u00f5es e \u00d4nibus, Scania, MAN e International, a TRATON SE \u00e9 controladora do GRUPO TRATON e um dos principais fabricantes de ve\u00edculos comerciais do mundo. Seu portf\u00f3lio de produtos inclui caminh\u00f5es, \u00f4nibus e ve\u00edculos comerciais leves. &#8220;Transformando o Transporte Juntos. Para um mundo sustent\u00e1vel&#8221;: esta inten\u00e7\u00e3o refor\u00e7a a ambi\u00e7\u00e3o da empresa de ter um impacto duradouro e sustent\u00e1vel no neg\u00f3cio de ve\u00edculos comerciais e no crescimento comercial do Grupo.<\/p>\n<\/div>\n<\/td>\n<\/tr>\n<\/tbody>\n<\/table>\n<\/td>\n<\/tr>\n<\/tbody>\n<\/table>\n<\/div>\n<\/td>\n<\/tr>\n<\/tbody>\n<\/table>\n<\/div>\n<\/div>\n<div class=\"v1cols_1 v11589473634995 v1ip-section\">\n<div><\/div>\n<\/div>\n","protected":false},"excerpt":{"rendered":"<p>A Volkswagen Caminh\u00f5es e \u00d4nibus acaba de apresentar ao mercado o RIO Remote Diagnosis, um servi\u00e7o que transforma a maneira como os clientes gerenciam a manuten\u00e7\u00e3o de suas frotas. A solu\u00e7\u00e3o oferece monitoramento remoto em tempo real dos caminh\u00f5es e \u00f4nibus, permitindo identificar alertas cr\u00edticos com agilidade, o que contribui diretamente para o aumento da [&hellip;]<\/p>\n","protected":false},"author":2,"featured_media":20221,"comment_status":"open","ping_status":"open","sticky":false,"template":"","format":"standard","meta":{"_jetpack_memberships_contains_paid_content":false,"footnotes":""},"categories":[51,52,56,57,60],"tags":[11575],"featured_image_src":{"landsacpe":["https:\/\/revistaempresarios.net\/web\/wp-content\/uploads\/2025\/10\/83bd06a5-8d77-42b9-899f-c53000ce4d1e-1140x445.jpg",1140,445,true],"list":["https:\/\/revistaempresarios.net\/web\/wp-content\/uploads\/2025\/10\/83bd06a5-8d77-42b9-899f-c53000ce4d1e-463x348.jpg",463,348,true],"medium":["https:\/\/revistaempresarios.net\/web\/wp-content\/uploads\/2025\/10\/83bd06a5-8d77-42b9-899f-c53000ce4d1e-300x200.jpg",300,200,true],"full":["https:\/\/revistaempresarios.net\/web\/wp-content\/uploads\/2025\/10\/83bd06a5-8d77-42b9-899f-c53000ce4d1e.jpg",1500,1000,false]},"jetpack_sharing_enabled":true,"jetpack_featured_media_url":"https:\/\/revistaempresarios.net\/web\/wp-content\/uploads\/2025\/10\/83bd06a5-8d77-42b9-899f-c53000ce4d1e.jpg","jetpack-related-posts":[],"_links":{"self":[{"href":"https:\/\/revistaempresarios.net\/web\/wp-json\/wp\/v2\/posts\/20220"}],"collection":[{"href":"https:\/\/revistaempresarios.net\/web\/wp-json\/wp\/v2\/posts"}],"about":[{"href":"https:\/\/revistaempresarios.net\/web\/wp-json\/wp\/v2\/types\/post"}],"author":[{"embeddable":true,"href":"https:\/\/revistaempresarios.net\/web\/wp-json\/wp\/v2\/users\/2"}],"replies":[{"embeddable":true,"href":"https:\/\/revistaempresarios.net\/web\/wp-json\/wp\/v2\/comments?post=20220"}],"version-history":[{"count":1,"href":"https:\/\/revistaempresarios.net\/web\/wp-json\/wp\/v2\/posts\/20220\/revisions"}],"predecessor-version":[{"id":20222,"href":"https:\/\/revistaempresarios.net\/web\/wp-json\/wp\/v2\/posts\/20220\/revisions\/20222"}],"wp:featuredmedia":[{"embeddable":true,"href":"https:\/\/revistaempresarios.net\/web\/wp-json\/wp\/v2\/media\/20221"}],"wp:attachment":[{"href":"https:\/\/revistaempresarios.net\/web\/wp-json\/wp\/v2\/media?parent=20220"}],"wp:term":[{"taxonomy":"category","embeddable":true,"href":"https:\/\/revistaempresarios.net\/web\/wp-json\/wp\/v2\/categories?post=20220"},{"taxonomy":"post_tag","embeddable":true,"href":"https:\/\/revistaempresarios.net\/web\/wp-json\/wp\/v2\/tags?post=20220"}],"curies":[{"name":"wp","href":"https:\/\/api.w.org\/{rel}","templated":true}]}}