{"id":20161,"date":"2025-10-08T19:38:38","date_gmt":"2025-10-08T22:38:38","guid":{"rendered":"https:\/\/revistaempresarios.net\/web\/?p=20161"},"modified":"2025-10-08T19:38:38","modified_gmt":"2025-10-08T22:38:38","slug":"goiania-registra-queda-preocupante-no-indice-de-leitura-e-apresenta-o-pior-desempenho-entre-as-capitais-brasileiras","status":"publish","type":"post","link":"https:\/\/revistaempresarios.net\/web\/2025\/10\/08\/goiania-registra-queda-preocupante-no-indice-de-leitura-e-apresenta-o-pior-desempenho-entre-as-capitais-brasileiras\/","title":{"rendered":"Goi\u00e2nia registra queda preocupante no \u00edndice de leitura e apresenta o pior desempenho entre as capitais brasileiras"},"content":{"rendered":"<p class=\"fst-italic text-center\">Com apenas 40% da popula\u00e7\u00e3o considerada leitora, capital goiana ocupa a \u00faltima posi\u00e7\u00e3o no ranking nacional; especialistas apontam urg\u00eancia de pol\u00edticas p\u00fablicas estruturantes<\/p>\n<div>\n<p>\u00a0Goi\u00e2nia tem hoje o pior \u00edndice de leitura do Brasil entre todas as capitais. De acordo com a 6\u00aa edi\u00e7\u00e3o da pesquisa Retratos da Leitura no Brasil, divulgada em novembro de 2024, apenas 40% dos moradores da capital com mais de cinco anos afirmam ter lido ao menos parte de um livro nos tr\u00eas meses anteriores \u00e0 pesquisa. Embora o estado de Goi\u00e1s registre 52% da popula\u00e7\u00e3o leitora \u2014 um n\u00famero pr\u00f3ximo da m\u00e9dia nacional (47%) \u2014, o destaque negativo recai sobre a capital, que ocupa a lanterna do ranking nacional.<\/p>\n<p>O levantamento foi realizado entre abril e julho de 2024, com base em entrevistas em 208 munic\u00edpios brasileiros, incluindo cidades de m\u00e9dio e grande porte em Goi\u00e1s. A pesquisa considera leitor quem leu, por inteiro ou em parte, um livro \u2014 impresso ou digital \u2014 no per\u00edodo de tr\u00eas meses anteriores \u00e0 entrevista.<\/p>\n<p>A retra\u00e7\u00e3o no h\u00e1bito de leitura \u00e9 um fen\u00f4meno nacional, mas ganha contornos espec\u00edficos no Centro-Oeste. Em Goi\u00e1s, o acesso \u00e0 educa\u00e7\u00e3o b\u00e1sica avan\u00e7ou nas \u00faltimas d\u00e9cadas, mas n\u00e3o foi acompanhado de a\u00e7\u00f5es estruturadas para forma\u00e7\u00e3o de leitores. O que se observa, segundo especialistas, \u00e9 uma desconex\u00e3o entre escolariza\u00e7\u00e3o formal e incentivo \u00e0 leitura enquanto pr\u00e1tica cultural cotidiana.<\/p>\n<p>Para o professor e linguista Carlos Andr\u00e9 Pereira Nunes, o cen\u00e1rio goiano exp\u00f5e a neglig\u00eancia com a leitura como direito social. \u201c\u00c9 sintom\u00e1tico que uma capital como Goi\u00e2nia, com tanto potencial acad\u00eamico e cultural, esteja no fim da lista. O problema n\u00e3o \u00e9 s\u00f3 estrutural \u2014 \u00e9 tamb\u00e9m simb\u00f3lico. O livro deixou de ser visto como ferramenta de mobilidade, de cidadania, de pensamento cr\u00edtico. E isso cobra um pre\u00e7o alto.\u201d<\/p>\n<p>Em Goi\u00e2nia, cidade com centros universit\u00e1rios de refer\u00eancia e uma cena liter\u00e1ria vibrante, o dado de 40% surpreende e preocupa. A capital, que abriga editoras, festivais e iniciativas independentes de promo\u00e7\u00e3o da leitura, sofre com a falta de bibliotecas p\u00fablicas acess\u00edveis e de pol\u00edticas permanentes de incentivo ao livro nas escolas e comunidades.<\/p>\n<p>Carlos Andr\u00e9, que \u00e9 cofundador e diretor do Instituto Carlos Andr\u00e9, a maior institui\u00e7\u00e3o de ensino especializada em portugu\u00eas e reda\u00e7\u00e3o para vestibulares e concursos p\u00fablicos da regi\u00e3o Centro\u2011Oeste, e consultoria em comunica\u00e7\u00e3o de alta performance para empresas, com mais de 30 mil alunos aprovados e mais de 40 empresas atendidas no Estado de Goi\u00e1s, ressalta que a crise leitora afeta diretamente a qualidade da democracia. \u201cSem leitura, o cidad\u00e3o perde a capacidade de interpretar, questionar, imaginar alternativas. Em um Estado como Goi\u00e1s, onde a pol\u00edtica e o discurso p\u00fablico t\u00eam ganhado complexidade, \u00e9 fundamental que a popula\u00e7\u00e3o esteja equipada para compreender, avaliar e escolher com consci\u00eancia.\u201d<\/p>\n<p>A pesquisa tamb\u00e9m mostra que a leitura na escola perdeu for\u00e7a. Apenas 19% dos entrevistados afirmaram ter sido motivados a ler no ambiente escolar. Em contrapartida, 85% dizem ler em casa, de forma aut\u00f4noma. Essa fragilidade no papel das institui\u00e7\u00f5es de ensino \u00e9 considerada cr\u00edtica pelos especialistas, sobretudo em regi\u00f5es onde o livro ainda depende do incentivo escolar para entrar na vida do aluno.<\/p>\n<p>Outro dado relevante \u00e9 o impacto das redes sociais. Em Goi\u00e1s, como no restante do pa\u00eds, plataformas digitais tomaram o lugar da leitura tradicional. V\u00eddeos curtos, conte\u00fados fragmentados e rolagens infinitas competem diretamente com a concentra\u00e7\u00e3o necess\u00e1ria \u00e0 leitura de um livro.<\/p>\n<p>Segundo Carlos Andr\u00e9, \u00e9 preciso enfrentar o problema com seriedade e vis\u00e3o de longo prazo. \u201cN\u00e3o se trata apenas de campanhas pontuais. Goi\u00e1s precisa de um pacto estadual pela leitura, com investimento em bibliotecas, forma\u00e7\u00e3o de professores leitores, parcerias com o setor privado e cria\u00e7\u00e3o de redes liter\u00e1rias que envolvam bairros, escolas, universidades e espa\u00e7os culturais.\u201d<\/p>\n<p>A diferen\u00e7a entre a capital e outras regi\u00f5es do Estado tamb\u00e9m merece aten\u00e7\u00e3o. Enquanto Goi\u00e2nia registra apenas 40% de leitores, cidades do interior como An\u00e1polis, Jata\u00ed e Rio Verde apresentam \u00edndices mais pr\u00f3ximos da m\u00e9dia estadual, embora care\u00e7am de dados desagregados na pesquisa nacional.<\/p>\n<p>A situa\u00e7\u00e3o de Goi\u00e1s refor\u00e7a a urg\u00eancia de pol\u00edticas p\u00fablicas regionais com foco em leitura, literatura e democratiza\u00e7\u00e3o do acesso ao livro. Para especialistas, \u00e9 preciso que o Estado assuma o livro como equipamento b\u00e1sico de cidadania, tanto quanto uma escola, um hospital ou uma estrada.<\/p>\n<p>\u201cN\u00e3o podemos naturalizar a aus\u00eancia do livro na vida das pessoas\u201d, conclui Carlos Andr\u00e9. \u201cUm Estado que l\u00ea pouco pensa pouco. E um povo que pensa pouco, infelizmente, escolhe mal, reage mal e se torna presa f\u00e1cil para discursos prontos. O desafio de Goi\u00e1s \u00e9 urgente: reconquistar a leitura como bem p\u00fablico e como pr\u00e1tica de liberdade.\u201d<\/p>\n<p><strong>INSTITUTO CARLOS ANDR\u00c9 \u2013 CONCURSOS, VESTIBULARES E COMUNICA\u00c7\u00c3O EMPRESARIAL<\/strong><\/p>\n<p>Com mais de 24 anos de experi\u00eancia, Professor Carlos Andr\u00e9 Pereira Nunes \u00e9 cofundador e diretor do Instituto Carlos Andr\u00e9, a maior institui\u00e7\u00e3o de ensino especializada em portugu\u00eas e reda\u00e7\u00e3o para vestibulares e concursos p\u00fablicos da regi\u00e3o Centro\u2011Oeste, e consultoria em comunica\u00e7\u00e3o de alta performance para empresas, com mais de 30 mil alunos aprovados e mais de 40 empresas atendidas no Estado de Goi\u00e1s. Antes de fundar o Instituto Carlos Andr\u00e9, atuou como docente nos principais col\u00e9gios e cursos preparat\u00f3rios de Goi\u00e1s e do Distrito Federal. A partir de 2010, passou a atuar tamb\u00e9m como como mentor em comunica\u00e7\u00e3o de alta performance em grandes empresas do Estado de Goi\u00e1s e no Distrito Federal. \u00c9 professor das\u00a0 Escolas Superiores da Magistratura e da Advocacia e preside a Comiss\u00e3o Nacional de Direito, Linguagem e Literatura da OAB Nacional, onde lidera a moderniza\u00e7\u00e3o da linguagem jur\u00eddica no Brasil. \u00c9 professor de Comunica\u00e7\u00e3o de Alta Performance no IPOG. \u00c9 advogado e linguista refer\u00eancia nacional em comunica\u00e7\u00e3o e reda\u00e7\u00e3o jur\u00eddica, e preside a Comiss\u00e3o Nacional de Direito, Linguagem e Literatura da OAB Nacional, onde lidera projetos voltados \u00e0 moderniza\u00e7\u00e3o da linguagem jur\u00eddica no Brasil.<\/p>\n<\/div>\n","protected":false},"excerpt":{"rendered":"<p>Com apenas 40% da popula\u00e7\u00e3o considerada leitora, capital goiana ocupa a \u00faltima posi\u00e7\u00e3o no ranking nacional; especialistas apontam urg\u00eancia de pol\u00edticas p\u00fablicas estruturantes \u00a0Goi\u00e2nia tem hoje o pior \u00edndice de leitura do Brasil entre todas as capitais. De acordo com a 6\u00aa edi\u00e7\u00e3o da pesquisa Retratos da Leitura no Brasil, divulgada em novembro de 2024, [&hellip;]<\/p>\n","protected":false},"author":2,"featured_media":20162,"comment_status":"open","ping_status":"open","sticky":false,"template":"","format":"standard","meta":{"_jetpack_memberships_contains_paid_content":false,"_joinchat":[],"footnotes":""},"categories":[51],"tags":[11553],"featured_image_src":{"landsacpe":["https:\/\/revistaempresarios.net\/web\/wp-content\/uploads\/2025\/10\/WhatsApp-Image-2025-07-09-at-12.18.23-854x445.jpg",854,445,true],"list":["https:\/\/revistaempresarios.net\/web\/wp-content\/uploads\/2025\/10\/WhatsApp-Image-2025-07-09-at-12.18.23-463x348.jpg",463,348,true],"medium":["https:\/\/revistaempresarios.net\/web\/wp-content\/uploads\/2025\/10\/WhatsApp-Image-2025-07-09-at-12.18.23-200x300.jpg",200,300,true],"full":["https:\/\/revistaempresarios.net\/web\/wp-content\/uploads\/2025\/10\/WhatsApp-Image-2025-07-09-at-12.18.23.jpg",854,1280,false]},"jetpack_sharing_enabled":true,"jetpack_featured_media_url":"https:\/\/revistaempresarios.net\/web\/wp-content\/uploads\/2025\/10\/WhatsApp-Image-2025-07-09-at-12.18.23.jpg","jetpack-related-posts":[],"_links":{"self":[{"href":"https:\/\/revistaempresarios.net\/web\/wp-json\/wp\/v2\/posts\/20161"}],"collection":[{"href":"https:\/\/revistaempresarios.net\/web\/wp-json\/wp\/v2\/posts"}],"about":[{"href":"https:\/\/revistaempresarios.net\/web\/wp-json\/wp\/v2\/types\/post"}],"author":[{"embeddable":true,"href":"https:\/\/revistaempresarios.net\/web\/wp-json\/wp\/v2\/users\/2"}],"replies":[{"embeddable":true,"href":"https:\/\/revistaempresarios.net\/web\/wp-json\/wp\/v2\/comments?post=20161"}],"version-history":[{"count":1,"href":"https:\/\/revistaempresarios.net\/web\/wp-json\/wp\/v2\/posts\/20161\/revisions"}],"predecessor-version":[{"id":20163,"href":"https:\/\/revistaempresarios.net\/web\/wp-json\/wp\/v2\/posts\/20161\/revisions\/20163"}],"wp:featuredmedia":[{"embeddable":true,"href":"https:\/\/revistaempresarios.net\/web\/wp-json\/wp\/v2\/media\/20162"}],"wp:attachment":[{"href":"https:\/\/revistaempresarios.net\/web\/wp-json\/wp\/v2\/media?parent=20161"}],"wp:term":[{"taxonomy":"category","embeddable":true,"href":"https:\/\/revistaempresarios.net\/web\/wp-json\/wp\/v2\/categories?post=20161"},{"taxonomy":"post_tag","embeddable":true,"href":"https:\/\/revistaempresarios.net\/web\/wp-json\/wp\/v2\/tags?post=20161"}],"curies":[{"name":"wp","href":"https:\/\/api.w.org\/{rel}","templated":true}]}}