{"id":20013,"date":"2025-09-24T11:26:38","date_gmt":"2025-09-24T14:26:38","guid":{"rendered":"https:\/\/revistaempresarios.net\/web\/?p=20013"},"modified":"2025-09-24T11:26:38","modified_gmt":"2025-09-24T14:26:38","slug":"crimes-digitais-em-alta-no-brasil-impulsionam-debate-sobre-direito-digital-e-analise-economica","status":"publish","type":"post","link":"https:\/\/revistaempresarios.net\/web\/2025\/09\/24\/crimes-digitais-em-alta-no-brasil-impulsionam-debate-sobre-direito-digital-e-analise-economica\/","title":{"rendered":"Crimes digitais em alta no Brasil impulsionam debate sobre Direito Digital e An\u00e1lise Econ\u00f4mica"},"content":{"rendered":"<p class=\"fst-italic text-center\">Estelionatos e vazamentos de dados posicionam o Brasil entre os pa\u00edses mais atingidos por crimes e digitais e exp\u00f5em a urg\u00eancia de modelos jur\u00eddicos capazes de acompanhar a velocidade do universo online<\/p>\n<div>\n<p>A expans\u00e3o acelerada das tecnologias digitais tem ampliado significativamente o campo do Direito Digital, respons\u00e1vel por regular rela\u00e7\u00f5es como privacidade, contratos eletr\u00f4nicos, prote\u00e7\u00e3o de dados e responsabilidade de provedores. No Brasil, esse cen\u00e1rio ganha contornos preocupantes: o pa\u00eds foi o segundo mais atingido por ciberataques na Am\u00e9rica Latina em 2022, com mais de 103 bilh\u00f5es de tentativas \u2014 alta de 16% em rela\u00e7\u00e3o ao ano anterior, segundo a FortiGuard Labs. J\u00e1 em 2023, as fraudes virtuais, especialmente estelionatos online, cresceram 17% e atingiram mais de 41 milh\u00f5es de pessoas, de acordo com o Anu\u00e1rio Brasileiro de Seguran\u00e7a P\u00fablica. Al\u00e9m disso, relat\u00f3rios recentes apontam que ataques de\u00a0<em>ransomware<\/em>\u00a0e golpes de\u00a0<em>phishing<\/em>\u00a0s\u00e3o hoje os dois crimes digitais que mais crescem no pa\u00eds.<\/p>\n<p>Nesse contexto, o debate nacional se concentra em como equilibrar a prote\u00e7\u00e3o jur\u00eddica com a efici\u00eancia das solu\u00e7\u00f5es oferecidas. A dificuldade \u00e9 conciliar a tutela da privacidade e do patrim\u00f4nio digital com a necessidade de respostas r\u00e1pidas e eficazes para conter preju\u00edzos crescentes.<\/p>\n<p>O especialista em Direito Digital, Thomas Law, defende que \u201cquando tratamos de lit\u00edgios digitais, n\u00e3o basta observar a coer\u00eancia formal das normas. \u00c9 necess\u00e1rio avaliar o impacto econ\u00f4mico das decis\u00f5es e buscar mecanismos que reduzam custos sociais e preservem a funcionalidade do mercado digital\u201d. Para ele, o Direito Digital precisa avan\u00e7ar al\u00e9m da aplica\u00e7\u00e3o normativa tradicional e considerar tamb\u00e9m os efeitos pr\u00e1ticos de cada decis\u00e3o.<\/p>\n<p>Em disputas envolvendo vazamento de dados ou fraudes online, a media\u00e7\u00e3o ou arbitragem digital pode encurtar a solu\u00e7\u00e3o de anos para dias, reduzindo custos diretos e indiretos, preservando reputa\u00e7\u00f5es e acelerando a retomada das atividades econ\u00f4micas. Esses ganhos, segundo Law, demonstram como a abordagem econ\u00f4mico-jur\u00eddica pode racionalizar e dar efetividade \u00e0 resolu\u00e7\u00e3o de conflitos no meio digital.<\/p>\n<p>\u201c\u00c9 preciso compreender que, no ambiente digital, o tempo \u00e9 um recurso cr\u00edtico. Uma decis\u00e3o judicial que leva anos a ser proferida pode, em termos econ\u00f4micos, j\u00e1 n\u00e3o ter relev\u00e2ncia quando chega. Por isso, integrar a An\u00e1lise Econ\u00f4mica do Direito ao Direito Digital significa reconhecer que efici\u00eancia n\u00e3o \u00e9 apenas uma quest\u00e3o de custo, mas de preserva\u00e7\u00e3o de rela\u00e7\u00f5es, de est\u00edmulo \u00e0 inova\u00e7\u00e3o e de manuten\u00e7\u00e3o da competitividade do ecossistema digital\u201d, afirma Law.<\/p>\n<p>Assim, ao integrar os princ\u00edpios do Direito Digital com a An\u00e1lise Econ\u00f4mica do Direito, constr\u00f3i-se um modelo jur\u00eddico mais \u00e1gil, adaptado ao ritmo da era da informa\u00e7\u00e3o, capaz de reduzir custos, desafogar o Judici\u00e1rio e promover um ambiente digital mais seguro, justo e favor\u00e1vel \u00e0 inova\u00e7\u00e3o.<\/p>\n<p><strong>Sobre Thomas Law<\/strong><br \/>\nAdvogado p\u00f3s-doutor em Direito pela USP, doutor em Direito Comercial e mestre em Direito das Rela\u00e7\u00f5es Internacionais Econ\u00f4micas pela PUC-SP. \u00c9 presidente da Coordena\u00e7\u00e3o Nacional das Rela\u00e7\u00f5es Brasil-China da OAB (CNRBC\/OAB Federal), do Instituto Brasileiro de Ci\u00eancias Jur\u00eddicas (IBCJ) e do Ibrachina, al\u00e9m de vice-presidente do CEDES e de comiss\u00f5es da OAB\/SP.<\/p>\n<p>Professor, pesquisador, palestrante e autor de diversas obras jur\u00eddicas, dedica-se a temas como Direito Digital, rela\u00e7\u00f5es internacionais e arbitragem. Fundador do Ibrawork, hub de inova\u00e7\u00e3o voltado ao fortalecimento do ecossistema Brasil-China, exerce lideran\u00e7a institucional ao aproximar o Direito da inova\u00e7\u00e3o tecnol\u00f3gica e da coopera\u00e7\u00e3o internacional.<\/p>\n<\/div>\n","protected":false},"excerpt":{"rendered":"<p>Estelionatos e vazamentos de dados posicionam o Brasil entre os pa\u00edses mais atingidos por crimes e digitais e exp\u00f5em a urg\u00eancia de modelos jur\u00eddicos capazes de acompanhar a velocidade do universo online A expans\u00e3o acelerada das tecnologias digitais tem ampliado significativamente o campo do Direito Digital, respons\u00e1vel por regular rela\u00e7\u00f5es como privacidade, contratos eletr\u00f4nicos, prote\u00e7\u00e3o [&hellip;]<\/p>\n","protected":false},"author":2,"featured_media":20014,"comment_status":"open","ping_status":"open","sticky":false,"template":"","format":"standard","meta":{"_jetpack_memberships_contains_paid_content":false,"footnotes":""},"categories":[51,57,60,62],"tags":[11481],"featured_image_src":{"landsacpe":["https:\/\/revistaempresarios.net\/web\/wp-content\/uploads\/2025\/09\/thomascropado3-1-1140x445.jpg",1140,445,true],"list":["https:\/\/revistaempresarios.net\/web\/wp-content\/uploads\/2025\/09\/thomascropado3-1-463x348.jpg",463,348,true],"medium":["https:\/\/revistaempresarios.net\/web\/wp-content\/uploads\/2025\/09\/thomascropado3-1-300x297.jpg",300,297,true],"full":["https:\/\/revistaempresarios.net\/web\/wp-content\/uploads\/2025\/09\/thomascropado3-1.jpg",2235,2216,false]},"jetpack_sharing_enabled":true,"jetpack_featured_media_url":"https:\/\/revistaempresarios.net\/web\/wp-content\/uploads\/2025\/09\/thomascropado3-1.jpg","jetpack-related-posts":[],"_links":{"self":[{"href":"https:\/\/revistaempresarios.net\/web\/wp-json\/wp\/v2\/posts\/20013"}],"collection":[{"href":"https:\/\/revistaempresarios.net\/web\/wp-json\/wp\/v2\/posts"}],"about":[{"href":"https:\/\/revistaempresarios.net\/web\/wp-json\/wp\/v2\/types\/post"}],"author":[{"embeddable":true,"href":"https:\/\/revistaempresarios.net\/web\/wp-json\/wp\/v2\/users\/2"}],"replies":[{"embeddable":true,"href":"https:\/\/revistaempresarios.net\/web\/wp-json\/wp\/v2\/comments?post=20013"}],"version-history":[{"count":1,"href":"https:\/\/revistaempresarios.net\/web\/wp-json\/wp\/v2\/posts\/20013\/revisions"}],"predecessor-version":[{"id":20015,"href":"https:\/\/revistaempresarios.net\/web\/wp-json\/wp\/v2\/posts\/20013\/revisions\/20015"}],"wp:featuredmedia":[{"embeddable":true,"href":"https:\/\/revistaempresarios.net\/web\/wp-json\/wp\/v2\/media\/20014"}],"wp:attachment":[{"href":"https:\/\/revistaempresarios.net\/web\/wp-json\/wp\/v2\/media?parent=20013"}],"wp:term":[{"taxonomy":"category","embeddable":true,"href":"https:\/\/revistaempresarios.net\/web\/wp-json\/wp\/v2\/categories?post=20013"},{"taxonomy":"post_tag","embeddable":true,"href":"https:\/\/revistaempresarios.net\/web\/wp-json\/wp\/v2\/tags?post=20013"}],"curies":[{"name":"wp","href":"https:\/\/api.w.org\/{rel}","templated":true}]}}