{"id":19986,"date":"2025-09-14T18:51:23","date_gmt":"2025-09-14T21:51:23","guid":{"rendered":"https:\/\/revistaempresarios.net\/web\/?p=19986"},"modified":"2025-09-14T18:51:50","modified_gmt":"2025-09-14T21:51:50","slug":"15-de-setembro-e-dia-do-cliente-e-pesquisa-revela-6-em-cada-8-brasileiros-deixam-lojas-satisfeitos","status":"publish","type":"post","link":"https:\/\/revistaempresarios.net\/web\/2025\/09\/14\/15-de-setembro-e-dia-do-cliente-e-pesquisa-revela-6-em-cada-8-brasileiros-deixam-lojas-satisfeitos\/","title":{"rendered":"15 de setembro \u00e9 Dia do Cliente e pesquisa revela: 6 em cada 8 brasileiros deixam lojas satisfeitos"},"content":{"rendered":"<p><i><span style=\"font-weight: 400;\">Indicadores como o \u00cdndice Nacional de Satisfa\u00e7\u00e3o do Varejo mostram rela\u00e7\u00f5es de compra e venda bem sucedidas, resultado de um movimento de busca por significados e prop\u00f3sitos na arte de vender, avalia estrategista, autor de livro sobre o tema<\/span><\/i><\/p>\n<p><span style=\"font-weight: 400;\">No dia 15 de setembro, quando se comemora o Dia do Cliente, o mercado brasileiro tem motivos para celebrar. Afinal, em um cen\u00e1rio no qual o consumidor est\u00e1 cada vez mais informado, cr\u00edtico e consciente de seus direitos, a maioria ainda sai satisfeita das lojas \u2014 f\u00edsicas ou virtuais.<\/span><\/p>\n<p><span style=\"font-weight: 400;\">De acordo com o \u00cdndice Nacional de Satisfa\u00e7\u00e3o do Varejo (INSV), levantamento realizado pela Inroots em parceria com a Escola Superior de Propaganda e Marketing (ESPM), mais de tr\u00eas quartos dos brasileiros (76,15%) que fizeram compras em julho afirmaram estar contentes com sua experi\u00eancia. Ou seja: seis em cada oito consumidores aprovaram a rela\u00e7\u00e3o de compra e venda mantida com a empresa vendedora.<\/span><\/p>\n<p><span style=\"font-weight: 400;\">Em alguns segmentos do varejo, a satisfa\u00e7\u00e3o \u00e9 ainda maior: no de \u00f3ticas, joias, bijuterias, bolsas e acess\u00f3rios, o \u00edndice chegou a 91%. Ou seja, muito perto da unanimidade. H\u00e1 outros igualmente acima da m\u00e9dia geral, como o de roupas, cal\u00e7ados e artigos esportivos; livrarias e papelarias; artigos do lar e mercadorias em geral.<\/span><\/p>\n<p><span style=\"font-weight: 400;\">Segundo o estrategista em vendas Rafael Mendes, h\u00e1 um movimento em curso no mercado pela busca do \u201cmatch\u201d perfeito entre empresas e clientes. Isso significa que, de parte de quem vende, n\u00e3o basta vender por vender. Mais do que quantidade, \u00e9 uma rela\u00e7\u00e3o que exige qualidade.<\/span><\/p>\n<p><span style=\"font-weight: 400;\">\u201cAs empresas est\u00e3o buscando entender o que seu cliente deseja. O que ele pensa, o que valoriza. Tudo para oferecer um produto ou servi\u00e7o alinhado com esse comportamento mais exigente, com esses anseios\u201d, avalia o especialista.<\/span><\/p>\n<p><span style=\"font-weight: 400;\">Mas, na pr\u00e1tica, como isso se realiza? Para o estrategista, quem tem a miss\u00e3o de se aproximar do cliente e abrir caminhos para o \u201cmatch\u201d precisa identificar significados e prop\u00f3sitos da arte da venda. Est\u00e1 a\u00ed o xis da quest\u00e3o.<\/span><\/p>\n<p><span style=\"font-weight: 400;\">Rafael Mendes enfatiza: \u201cQuando come\u00e7a a enxergar isso, o vendedor entende a real import\u00e2ncia do que tem a oferecer ao cliente. Entende que sua tarefa n\u00e3o \u00e9 s\u00f3 \u2018fechar neg\u00f3cio\u2019. \u00c9 entregar valor, \u00e9 ajudar o cliente, que percebe, sente. Isso gera satisfa\u00e7\u00e3o e confian\u00e7a na rela\u00e7\u00e3o\u201d.<\/span><\/p>\n<p><span style=\"font-weight: 400;\">O especialista recorre ao Estoicismo, corrente filos\u00f3fica da Gr\u00e9cia Antiga, para sustentar sua argumenta\u00e7\u00e3o: \u201cA filosofia estoica trata justamente disso: da busca por um prop\u00f3sito, pela virtude, pela felicidade. Ela ensina muito a n\u00f3s, profissionais de venda, que costumamos viver na press\u00e3o por resultados\u201d.<\/span><\/p>\n<p><span style=\"font-weight: 400;\">Fruto dos estudos que vem fazendo sobre elos entre o Estoicismo e a arte de vender, Rafael Mendes lan\u00e7ou recentemente o livro <\/span><i><span style=\"font-weight: 400;\">O Vendedor Estoico<\/span><\/i><span style=\"font-weight: 400;\">, pela Alta Books. A obra tem coautoria do tamb\u00e9m empres\u00e1rio Mam\u00e1 Brito, fundador da Fight Music Show, respons\u00e1vel por eventos que revolucionaram o mercado de pay-per-view no Brasil, como a hist\u00f3rica luta entre Pop\u00f3 e Bambam.<\/span><\/p>\n<p><i><span style=\"font-weight: 400;\">O Vendedor Estoico<\/span><\/i><span style=\"font-weight: 400;\"> reflete, em boa medida, a hist\u00f3ria de supera\u00e7\u00e3o do pr\u00f3prio Rafael Mendes. Hist\u00f3ria essa que \u00e9 transformada em instrumento para inspirar \u201cquem quer crescer na vida e nos neg\u00f3cios sem abrir m\u00e3o de um prop\u00f3sito\u201d, nas palavras do pr\u00f3prio escritor. Ele \u00e9 autor tamb\u00e9m de <\/span><i><span style=\"font-weight: 400;\">Seja Visto e Lembrado<\/span><\/i><span style=\"font-weight: 400;\">, livro que traz dicas sobre posicionamento e influ\u00eancia no ambiente corporativo.<\/span><\/p>\n<p><span style=\"font-weight: 400;\">Como empreendedor, Rafael Mendes \u00e9 fundador e CEO da RP Trader, hub de solu\u00e7\u00f5es em vendas B2B com sede em Curitiba. A empresa atende clientes de todo o pa\u00eds com um time de 60 colaboradores. \u00c9 tamb\u00e9m professor e curador de conte\u00fado na Conquer, aceleradora de crescimento profissional do Grupo Wise Up, e colunista do GazzConecta.<\/span><\/p>\n<p><b>MAIS INFORMA\u00c7\u00d5ES<\/b><\/p>\n<p><span style=\"font-weight: 400;\">Sobre Rafael Mendes:<\/span><span style=\"font-weight: 400;\"><br \/>\n<\/span><a href=\"https:\/\/www.instagram.com\/rafamendes.sales\/\"><span style=\"font-weight: 400;\">https:\/\/www.instagram.com\/rafamendes.sales\/<\/span><span style=\"font-weight: 400;\"><br \/>\n<\/span><\/a><a href=\"https:\/\/www.linkedin.com\/in\/rafarptrader\/\"><span style=\"font-weight: 400;\">https:\/\/www.linkedin.com\/in\/rafarptrader\/<\/span><\/a><\/p>\n<p><span style=\"font-weight: 400;\">Sobre o livro <\/span><i><span style=\"font-weight: 400;\">O Vendedor Estoico<\/span><\/i><span style=\"font-weight: 400;\">:<\/span><span style=\"font-weight: 400;\"><br \/>\n<\/span><a href=\"https:\/\/altabooks.com.br\/produto\/o-vendedor-estoico\/\"><span style=\"font-weight: 400;\">https:\/\/altabooks.com.br\/produto\/o-vendedor-estoico\/<\/span><\/a><\/p>\n<p><span style=\"font-weight: 400;\">Sobre a RP Trader:<\/span><span style=\"font-weight: 400;\"><br \/>\n<\/span><a href=\"https:\/\/rptrader.com.br\/\"><span style=\"font-weight: 400;\">https:\/\/rptrader.com.br\/<\/span><\/a><\/p>\n<p><span style=\"font-weight: 400;\">\u2013<\/span><span style=\"font-weight: 400;\"><br \/>\n<\/span><b>Refer\u00eancias<\/b><b><br \/>\n<\/b><a href=\"https:\/\/www.insv.com.br\/resultados\"><span style=\"font-weight: 400;\">https:\/\/www.insv.com.br\/resultados<\/span><span style=\"font-weight: 400;\"><br \/>\n<\/span><\/a><a href=\"https:\/\/www.serasa.com.br\/blog\/dia-do-cliente-o-que-significa\/\"><span style=\"font-weight: 400;\">https:\/\/www.serasa.com.br\/blog\/dia-do-cliente-o-que-significa\/<\/span><\/a><\/p>\n","protected":false},"excerpt":{"rendered":"<p>Indicadores como o \u00cdndice Nacional de Satisfa\u00e7\u00e3o do Varejo mostram rela\u00e7\u00f5es de compra e venda bem sucedidas, resultado de um movimento de busca por significados e prop\u00f3sitos na arte de vender, avalia estrategista, autor de livro sobre o tema No dia 15 de setembro, quando se comemora o Dia do Cliente, o mercado brasileiro tem [&hellip;]<\/p>\n","protected":false},"author":2,"featured_media":19987,"comment_status":"open","ping_status":"open","sticky":false,"template":"","format":"standard","meta":{"_jetpack_memberships_contains_paid_content":false,"footnotes":""},"categories":[51,56,57,60],"tags":[11474],"featured_image_src":{"landsacpe":["https:\/\/revistaempresarios.net\/web\/wp-content\/uploads\/2025\/09\/image-3-1-682x1024-1-682x445.jpg",682,445,true],"list":["https:\/\/revistaempresarios.net\/web\/wp-content\/uploads\/2025\/09\/image-3-1-682x1024-1-463x348.jpg",463,348,true],"medium":["https:\/\/revistaempresarios.net\/web\/wp-content\/uploads\/2025\/09\/image-3-1-682x1024-1-200x300.jpg",200,300,true],"full":["https:\/\/revistaempresarios.net\/web\/wp-content\/uploads\/2025\/09\/image-3-1-682x1024-1.jpg",682,1024,false]},"jetpack_sharing_enabled":true,"jetpack_featured_media_url":"https:\/\/revistaempresarios.net\/web\/wp-content\/uploads\/2025\/09\/image-3-1-682x1024-1.jpg","jetpack-related-posts":[],"_links":{"self":[{"href":"https:\/\/revistaempresarios.net\/web\/wp-json\/wp\/v2\/posts\/19986"}],"collection":[{"href":"https:\/\/revistaempresarios.net\/web\/wp-json\/wp\/v2\/posts"}],"about":[{"href":"https:\/\/revistaempresarios.net\/web\/wp-json\/wp\/v2\/types\/post"}],"author":[{"embeddable":true,"href":"https:\/\/revistaempresarios.net\/web\/wp-json\/wp\/v2\/users\/2"}],"replies":[{"embeddable":true,"href":"https:\/\/revistaempresarios.net\/web\/wp-json\/wp\/v2\/comments?post=19986"}],"version-history":[{"count":2,"href":"https:\/\/revistaempresarios.net\/web\/wp-json\/wp\/v2\/posts\/19986\/revisions"}],"predecessor-version":[{"id":19989,"href":"https:\/\/revistaempresarios.net\/web\/wp-json\/wp\/v2\/posts\/19986\/revisions\/19989"}],"wp:featuredmedia":[{"embeddable":true,"href":"https:\/\/revistaempresarios.net\/web\/wp-json\/wp\/v2\/media\/19987"}],"wp:attachment":[{"href":"https:\/\/revistaempresarios.net\/web\/wp-json\/wp\/v2\/media?parent=19986"}],"wp:term":[{"taxonomy":"category","embeddable":true,"href":"https:\/\/revistaempresarios.net\/web\/wp-json\/wp\/v2\/categories?post=19986"},{"taxonomy":"post_tag","embeddable":true,"href":"https:\/\/revistaempresarios.net\/web\/wp-json\/wp\/v2\/tags?post=19986"}],"curies":[{"name":"wp","href":"https:\/\/api.w.org\/{rel}","templated":true}]}}