{"id":19930,"date":"2025-09-10T19:19:02","date_gmt":"2025-09-10T22:19:02","guid":{"rendered":"https:\/\/revistaempresarios.net\/web\/?p=19930"},"modified":"2025-09-10T19:20:22","modified_gmt":"2025-09-10T22:20:22","slug":"ela-e-o-momento-thais-giraldelli-lidera-a-cena-dos-grandes-eventos-de-beleza","status":"publish","type":"post","link":"https:\/\/revistaempresarios.net\/web\/2025\/09\/10\/ela-e-o-momento-thais-giraldelli-lidera-a-cena-dos-grandes-eventos-de-beleza\/","title":{"rendered":"Ela \u00e9 o momento: Tha\u00eds Giraldelli lidera a cena dos grandes eventos de beleza"},"content":{"rendered":"<p>Vision\u00e1ria, estrategista e refer\u00eancia mundial no mercado da beleza, <strong>Tha\u00eds Giraldelli<\/strong> tem consolidado seu nome como um dos maiores destaques do setor, n\u00e3o apenas pela inova\u00e7\u00e3o em neg\u00f3cios, mas tamb\u00e9m por comandar os eventos mais relevantes do pa\u00eds. Nos \u00faltimos meses, a empres\u00e1ria foi respons\u00e1vel pela curadoria de encontros que reuniram mais de mil pessoas, entre Bras\u00edlia, Assembleia Legislativa de S\u00e3o Paulo (ALESP), Senado Federal e Sebrae.<\/p>\n<p>Na mais recente edi\u00e7\u00e3o da <strong>Beauty Fair International<\/strong>, Tha\u00eds assinou toda a organiza\u00e7\u00e3o e curadoria do <strong>Semin\u00e1rio Sebrae Beleza<\/strong>, que reuniu grandes nomes do mercado como <strong>Karen Bachini, Fl\u00e1via Montebeller, Helo Bertolini e V\u00edtor Visat<\/strong>, promovendo um dia de palestras e talk shows sobre empreendedorismo, marketing e inova\u00e7\u00e3o.<\/p>\n<p><img loading=\"lazy\" decoding=\"async\" class=\"alignnone size-medium wp-image-19933\" src=\"https:\/\/revistaempresarios.net\/web\/wp-content\/uploads\/2025\/09\/174380c1-b2ad-4d48-83ca-ac8170daa06d-200x300.jpeg\" alt=\"\" width=\"200\" height=\"300\" \/><\/p>\n<p><em>\u201cEu estou muito feliz em ver o quanto o setor de beleza tem se profissionalizado e em saber que fa\u00e7o parte dessa movimenta\u00e7\u00e3o. Esses \u00faltimos meses mostraram a for\u00e7a que temos quando unimos conhecimento, neg\u00f3cios e prop\u00f3sito em um mesmo palco. Comandar a cena dos eventos no Brasil, trazendo mais de mil pessoas para esse movimento, \u00e9 um marco que refor\u00e7a o potencial da nossa ind\u00fastria\u201d<\/em>, destaca Tha\u00eds Giraldelli.<\/p>\n<p>Reconhecida internacionalmente, Tha\u00eds \u00e9 fundadora do primeiro coworking de beleza no Brasil, palestrante em Harvard, consultora de ind\u00fastrias globais, perita judicial e desenvolve projetos estrat\u00e9gicos em polos como China, Dubai, It\u00e1lia, EUA e Brasil.<\/p>\n","protected":false},"excerpt":{"rendered":"<p>Vision\u00e1ria, estrategista e refer\u00eancia mundial no mercado da beleza, Tha\u00eds Giraldelli tem consolidado seu nome como um dos maiores destaques do setor, n\u00e3o apenas pela inova\u00e7\u00e3o em neg\u00f3cios, mas tamb\u00e9m por comandar os eventos mais relevantes do pa\u00eds. Nos \u00faltimos meses, a empres\u00e1ria foi respons\u00e1vel pela curadoria de encontros que reuniram mais de mil pessoas, [&hellip;]<\/p>\n","protected":false},"author":2,"featured_media":19931,"comment_status":"open","ping_status":"open","sticky":false,"template":"","format":"standard","meta":{"_jetpack_memberships_contains_paid_content":false,"footnotes":""},"categories":[51,53,56,57,58,60],"tags":[11454],"featured_image_src":{"landsacpe":["https:\/\/revistaempresarios.net\/web\/wp-content\/uploads\/2025\/09\/6c9481d8-da2a-455e-8f81-cb56a99bc4b3-900x445.jpeg",900,445,true],"list":["https:\/\/revistaempresarios.net\/web\/wp-content\/uploads\/2025\/09\/6c9481d8-da2a-455e-8f81-cb56a99bc4b3-463x348.jpeg",463,348,true],"medium":["https:\/\/revistaempresarios.net\/web\/wp-content\/uploads\/2025\/09\/6c9481d8-da2a-455e-8f81-cb56a99bc4b3-169x300.jpeg",169,300,true],"full":["https:\/\/revistaempresarios.net\/web\/wp-content\/uploads\/2025\/09\/6c9481d8-da2a-455e-8f81-cb56a99bc4b3.jpeg",900,1600,false]},"jetpack_sharing_enabled":true,"jetpack_featured_media_url":"https:\/\/revistaempresarios.net\/web\/wp-content\/uploads\/2025\/09\/6c9481d8-da2a-455e-8f81-cb56a99bc4b3.jpeg","jetpack-related-posts":[],"_links":{"self":[{"href":"https:\/\/revistaempresarios.net\/web\/wp-json\/wp\/v2\/posts\/19930"}],"collection":[{"href":"https:\/\/revistaempresarios.net\/web\/wp-json\/wp\/v2\/posts"}],"about":[{"href":"https:\/\/revistaempresarios.net\/web\/wp-json\/wp\/v2\/types\/post"}],"author":[{"embeddable":true,"href":"https:\/\/revistaempresarios.net\/web\/wp-json\/wp\/v2\/users\/2"}],"replies":[{"embeddable":true,"href":"https:\/\/revistaempresarios.net\/web\/wp-json\/wp\/v2\/comments?post=19930"}],"version-history":[{"count":2,"href":"https:\/\/revistaempresarios.net\/web\/wp-json\/wp\/v2\/posts\/19930\/revisions"}],"predecessor-version":[{"id":19934,"href":"https:\/\/revistaempresarios.net\/web\/wp-json\/wp\/v2\/posts\/19930\/revisions\/19934"}],"wp:featuredmedia":[{"embeddable":true,"href":"https:\/\/revistaempresarios.net\/web\/wp-json\/wp\/v2\/media\/19931"}],"wp:attachment":[{"href":"https:\/\/revistaempresarios.net\/web\/wp-json\/wp\/v2\/media?parent=19930"}],"wp:term":[{"taxonomy":"category","embeddable":true,"href":"https:\/\/revistaempresarios.net\/web\/wp-json\/wp\/v2\/categories?post=19930"},{"taxonomy":"post_tag","embeddable":true,"href":"https:\/\/revistaempresarios.net\/web\/wp-json\/wp\/v2\/tags?post=19930"}],"curies":[{"name":"wp","href":"https:\/\/api.w.org\/{rel}","templated":true}]}}