{"id":19855,"date":"2025-09-02T13:19:18","date_gmt":"2025-09-02T16:19:18","guid":{"rendered":"https:\/\/revistaempresarios.net\/web\/?p=19855"},"modified":"2025-09-02T13:19:18","modified_gmt":"2025-09-02T16:19:18","slug":"setembro-amarelo-um-chamado-a-empatia-e-a-valorizacao-da-vidam-por-mario-lopes-psicanalista-especialista-em-neurociencias-e-psicologia-aplicada","status":"publish","type":"post","link":"https:\/\/revistaempresarios.net\/web\/2025\/09\/02\/setembro-amarelo-um-chamado-a-empatia-e-a-valorizacao-da-vidam-por-mario-lopes-psicanalista-especialista-em-neurociencias-e-psicologia-aplicada\/","title":{"rendered":"Setembro Amarelo: um chamado \u00e0 empatia e \u00e0 valoriza\u00e7\u00e3o da vidam- Por Mario Lopes Psicanalista | Especialista em Neuroci\u00eancias e Psicologia Aplicada"},"content":{"rendered":"<p>Setembro \u00e9 mais do que um m\u00eas no calend\u00e1rio \u2014 \u00e9 um chamado \u00e0 empatia, \u00e0 escuta e \u00e0 responsabilidade coletiva. Desde 2014, o Setembro Amarelo marca a campanha nacional de preven\u00e7\u00e3o ao suic\u00eddio, promovida por entidades como o Centro de Valoriza\u00e7\u00e3o da Vida (CVV), a Associa\u00e7\u00e3o Brasileira de Psiquiatria e o Conselho Federal de Medicina. Trata-se de uma das mais importantes mobiliza\u00e7\u00f5es de sa\u00fade mental do pa\u00eds.<\/p>\n<p>De acordo com os dados mais recentes da Organiza\u00e7\u00e3o Mundial da Sa\u00fade (OMS), mais de 700 mil pessoas morrem por suic\u00eddio a cada ano no mundo. No Brasil, s\u00e3o registrados cerca de 14 mil casos anuais \u2014 o que significa, em m\u00e9dia, 38 vidas perdidas por dia. Atr\u00e1s desses n\u00fameros, h\u00e1 hist\u00f3rias de sofrimento, sil\u00eancio e, muitas vezes, de falta de acolhimento.<\/p>\n<p>O suic\u00eddio raramente \u00e9 uma decis\u00e3o repentina; na maioria das vezes, \u00e9 o resultado de um processo doloroso que pode se manifestar por meio de sinais sutis. Mudan\u00e7as abruptas de comportamento, isolamento social, apatia, irritabilidade e falas como \u201cqueria desaparecer\u201d ou \u201cvoc\u00eas estariam melhor sem mim\u201d devem acender um alerta. Esses ind\u00edcios n\u00e3o podem ser ignorados.<\/p>\n<p>Como psicanalista, vejo diariamente o quanto o sil\u00eancio pode ser mortal \u2014 e o quanto a escuta pode ser transformadora. Falar sobre dor n\u00e3o \u00e9 fraqueza, \u00e9 coragem. Da mesma forma, pedir ajuda n\u00e3o \u00e9 sinal de derrota, mas de for\u00e7a e de desejo de continuar.<\/p>\n<p>A busca por ajuda profissional especializada \u00e9 fundamental. Psic\u00f3logos, psicanalistas, psiquiatras e terapeutas s\u00e3o aliados nesse caminho. Para casos emergenciais ou quando n\u00e3o h\u00e1 rede de apoio pr\u00f3xima, o CVV oferece apoio emocional gratuito e sigiloso 24 horas por dia, pelo telefone 188 ou pelo site www.cvv.org.br.<\/p>\n<p>A preven\u00e7\u00e3o ao suic\u00eddio n\u00e3o se faz apenas em setembro, mas este m\u00eas nos oferece a oportunidade de ampliar o di\u00e1logo e refor\u00e7ar a mensagem de que a vida importa \u2014 todas as vidas, todos os dias.<\/p>\n<p>Que possamos, juntos, criar uma cultura de cuidado, escuta e esperan\u00e7a.<\/p>\n","protected":false},"excerpt":{"rendered":"<p>Setembro \u00e9 mais do que um m\u00eas no calend\u00e1rio \u2014 \u00e9 um chamado \u00e0 empatia, \u00e0 escuta e \u00e0 responsabilidade coletiva. Desde 2014, o Setembro Amarelo marca a campanha nacional de preven\u00e7\u00e3o ao suic\u00eddio, promovida por entidades como o Centro de Valoriza\u00e7\u00e3o da Vida (CVV), a Associa\u00e7\u00e3o Brasileira de Psiquiatria e o Conselho Federal de [&hellip;]<\/p>\n","protected":false},"author":2,"featured_media":19856,"comment_status":"open","ping_status":"open","sticky":false,"template":"","format":"standard","meta":{"_jetpack_memberships_contains_paid_content":false,"footnotes":""},"categories":[51,57,60],"tags":[11414,11413],"featured_image_src":{"landsacpe":["https:\/\/revistaempresarios.net\/web\/wp-content\/uploads\/2025\/09\/Terapeuta-Mario-Lopes-divulgacao-1140x445.jpg",1140,445,true],"list":["https:\/\/revistaempresarios.net\/web\/wp-content\/uploads\/2025\/09\/Terapeuta-Mario-Lopes-divulgacao-463x348.jpg",463,348,true],"medium":["https:\/\/revistaempresarios.net\/web\/wp-content\/uploads\/2025\/09\/Terapeuta-Mario-Lopes-divulgacao-300x171.jpg",300,171,true],"full":["https:\/\/revistaempresarios.net\/web\/wp-content\/uploads\/2025\/09\/Terapeuta-Mario-Lopes-divulgacao.jpg",1280,728,false]},"jetpack_sharing_enabled":true,"jetpack_featured_media_url":"https:\/\/revistaempresarios.net\/web\/wp-content\/uploads\/2025\/09\/Terapeuta-Mario-Lopes-divulgacao.jpg","jetpack-related-posts":[],"_links":{"self":[{"href":"https:\/\/revistaempresarios.net\/web\/wp-json\/wp\/v2\/posts\/19855"}],"collection":[{"href":"https:\/\/revistaempresarios.net\/web\/wp-json\/wp\/v2\/posts"}],"about":[{"href":"https:\/\/revistaempresarios.net\/web\/wp-json\/wp\/v2\/types\/post"}],"author":[{"embeddable":true,"href":"https:\/\/revistaempresarios.net\/web\/wp-json\/wp\/v2\/users\/2"}],"replies":[{"embeddable":true,"href":"https:\/\/revistaempresarios.net\/web\/wp-json\/wp\/v2\/comments?post=19855"}],"version-history":[{"count":1,"href":"https:\/\/revistaempresarios.net\/web\/wp-json\/wp\/v2\/posts\/19855\/revisions"}],"predecessor-version":[{"id":19857,"href":"https:\/\/revistaempresarios.net\/web\/wp-json\/wp\/v2\/posts\/19855\/revisions\/19857"}],"wp:featuredmedia":[{"embeddable":true,"href":"https:\/\/revistaempresarios.net\/web\/wp-json\/wp\/v2\/media\/19856"}],"wp:attachment":[{"href":"https:\/\/revistaempresarios.net\/web\/wp-json\/wp\/v2\/media?parent=19855"}],"wp:term":[{"taxonomy":"category","embeddable":true,"href":"https:\/\/revistaempresarios.net\/web\/wp-json\/wp\/v2\/categories?post=19855"},{"taxonomy":"post_tag","embeddable":true,"href":"https:\/\/revistaempresarios.net\/web\/wp-json\/wp\/v2\/tags?post=19855"}],"curies":[{"name":"wp","href":"https:\/\/api.w.org\/{rel}","templated":true}]}}