{"id":19846,"date":"2025-09-02T13:08:31","date_gmt":"2025-09-02T16:08:31","guid":{"rendered":"https:\/\/revistaempresarios.net\/web\/?p=19846"},"modified":"2025-09-02T13:08:31","modified_gmt":"2025-09-02T16:08:31","slug":"do-primeiro-quadro-vendido-ao-comando-de-uma-holding-multissetorial","status":"publish","type":"post","link":"https:\/\/revistaempresarios.net\/web\/2025\/09\/02\/do-primeiro-quadro-vendido-ao-comando-de-uma-holding-multissetorial\/","title":{"rendered":"Do primeiro quadro vendido ao comando de uma holding multissetorial"},"content":{"rendered":"<p class=\"fst-italic text-center\">O empres\u00e1rio Marcos Koenigkan construiu uma trajet\u00f3ria marcada por vis\u00e3o estrat\u00e9gica e dom\u00ednio de nichos negligenciados pelo mercado<\/p>\n<div>\n<p>No universo empresarial, o sucesso raramente \u00e9 obra do acaso. Ele costuma ser resultado de escolhas estrat\u00e9gicas, timing apurado e uma combina\u00e7\u00e3o entre vis\u00e3o de futuro e capacidade de execu\u00e7\u00e3o. Por tr\u00e1s dos grandes n\u00fameros, quase sempre h\u00e1 uma trajet\u00f3ria marcada por riscos calculados, aprendizados duros e uma persist\u00eancia que resiste aos ciclos do mercado.<\/p>\n<p>A trajet\u00f3ria do brasiliense Marcos Koenigkan \u00e9 a prova disso. Aos 17 anos, ele deu seu ponta-p\u00e9 inicial no empreendedorsmo ao revender quadros de artistas locais em Bras\u00edlia, um movimento aparentemente simples, mas que antecipava sua habilidade \u00fanica de identificar e explorar oportunidades pouco atendidas pelo mercado tradicional.<\/p>\n<p>O passo seguinte veio com ousadia e estrat\u00e9gia: aos 19 anos, com pouco investimento, cerca de R$ 10 mil, ele inaugurou sua primeira imobili\u00e1ria, apostando em condom\u00ednios horizontais no Distrito Federal, um segmento ignorado por grandes players do setor. Essa escolha foi decisiva: abriu as portas para a sua ascens\u00e3o no mercado, revelando seu gosto e vis\u00e3o apurada para os neg\u00f3cios.<\/p>\n<p>Sua percep\u00e7\u00e3o pioneira se consolidou com a cria\u00e7\u00e3o do IBAVI (Instituto Brasileiro de Avalia\u00e7\u00f5es e Pericias Imobili\u00e1rias) que antecipou a era digital ao desenvolver um sistema pr\u00f3prio de coleta e an\u00e1lise de dados imobili\u00e1rios, algo inovador para o mercado brasileiro da \u00e9poca. Entre 2007 e 2014, Koenigkan virou l\u00edder absoluto no setor. \u201cFui respons\u00e1vel por lan\u00e7ar cerca de 90% dos condom\u00ednios legalizados, horizontais, na regi\u00e3o\u201d, pontua.<\/p>\n<p>Com a experi\u00eancia consolidada e um olhar sempre \u00e0 frente do seu tempo, o empres\u00e1rio fundou o Grupo MK, holding que concentra neg\u00f3cios em setores distintos, mas conectados por uma mesma l\u00f3gica de valor: inova\u00e7\u00e3o, posicionamento estrat\u00e9gico e dom\u00ednio de nichos pouco explorados.<\/p>\n<p>No universo da arte, criou o\u00a0<strong>Cat\u00e1logo das Artes<\/strong>, maior portal brasileiro de precifica\u00e7\u00e3o de obras e antiguidades, valorizando a produ\u00e7\u00e3o nacional em um mercado que movimenta R$ 2 bilh\u00f5es, segundo o Ipea. No setor imobili\u00e1rio, lidera a\u00a0<strong>LK Engenharia<\/strong>\u00a0e a\u00a0<strong>MK Participa\u00e7\u00f5es<\/strong>, com atua\u00e7\u00e3o em projetos residenciais e comerciais que se tornaram refer\u00eancia em real estate no Distrito Federal.<\/p>\n<p>\u00c0 frente da fintech\u00a0<strong>MEO Bank<\/strong>, mira a concess\u00e3o de R$ 1 bilh\u00e3o em cr\u00e9dito corporativo at\u00e9 o fim de 2025, desburocratizando o acesso a capital para m\u00e9dias empresas. Tamb\u00e9m comanda as marcas\u00a0<strong>Show Self Storage<\/strong>,\u00a0<strong>You Box<\/strong>\u00a0e\u00a0<strong>Bras\u00edlia Self Storage<\/strong>, que despontam como l\u00edderes em armazenamento inteligente em um setor que cresce 15% ao ano (ABRASSI, 2023) impulsionado pela expans\u00e3o do e-commerce e pela compacta\u00e7\u00e3o da vida urbana. E, no campo do networking de alta influ\u00eancia, est\u00e1 \u00e0 frente do\u00a0<strong>Mercado &amp; Opini\u00e3o<\/strong>, grupo que re\u00fane mais de 900 l\u00edderes empresariais respons\u00e1veis por cerca de 35% do PIB nacional para conversas e discuss\u00f5es estrat\u00e9gicas que impactam diretamente setores-chave da economia.<\/p>\n<p>O Mercado &amp; Opini\u00e3o nasceu durante a pandemia como uma iniciativa informal para troca entre empreendedores e hoje \u00e9 um dos principais f\u00f3runs de debate estrat\u00e9gico do Brasil. Koenigkan implementou crit\u00e9rios rigorosos de ades\u00e3o, aceitando apenas donos e executivos m\u00e1ximos de empresas bilion\u00e1rias, o que garante foco e exclusividade. \u201cCada encontro \u00e9 uma provoca\u00e7\u00e3o estrat\u00e9gica: como melhorar os neg\u00f3cios, o ambiente empresarial, a produtividade. Tudo o que fazemos tem um p\u00e9 no capital, no empreendedorismo e na transforma\u00e7\u00e3o do ecossistema corporativo\u201d, declara.<\/p>\n<p>Os encontros evolu\u00edram para eventos fechados e o Mercado &amp; Opini\u00e3o Conference se tornou palco de discuss\u00f5es que influenciam diretamente setores-chave da economia. \u201cEmpreender \u00e9 estar em constante reinven\u00e7\u00e3o. Aprendi que os erros s\u00e3o indispens\u00e1veis para desenvolver autoridade e uma vis\u00e3o abrangente do mercado. O diferencial est\u00e1 em ouvir o cliente, testar hip\u00f3teses e n\u00e3o temer mudar de rota\u201d, afirma Koenigkan.<\/p>\n<p>Sua aposta no MEO Bank refor\u00e7a a estrat\u00e9gia de digitaliza\u00e7\u00e3o e inova\u00e7\u00e3o, rompendo com os entraves do sistema financeiro tradicional. De acordo com dados da Pesquisa Fintechs de Cr\u00e9dito Digital, realizada pela PwC e a Associa\u00e7\u00e3o Brasileira de Cr\u00e9dito Digital (ABCD), O volume de cr\u00e9dito concedido pelas fintechs cresceu 52%, alcan\u00e7ando R$ 21,1 bilh\u00f5es em 2023.<\/p>\n<p>O Grupo MK planeja dobrar seu faturamento at\u00e9 o final de 2025, apoiado em tecnologia, parcerias s\u00f3lidas e no poder do networking qualificado. \u201cO segredo \u00e9 construir ecossistemas que conectem pessoas, neg\u00f3cios e ideias, transformando o que antes eram nichos ignorados em oportunidades bilion\u00e1rias\u201d, afirma o empres\u00e1rio.<\/p>\n<p>O Brasil vive um momento de transforma\u00e7\u00e3o econ\u00f4mica e l\u00edderes como Marcos Koenigkan est\u00e3o \u00e0 frente dessa mudan\u00e7a. A hist\u00f3ria dele n\u00e3o \u00e9 apenas de n\u00fameros, mas de estrat\u00e9gia, vis\u00e3o e resili\u00eancia, ingredientes que definem os empreendedores capazes de moldar o futuro do pa\u00eds.<\/p>\n<\/div>\n<div class=\"text-center\">\n<div class=\"mt-5\"><\/div>\n<\/div>\n","protected":false},"excerpt":{"rendered":"<p>O empres\u00e1rio Marcos Koenigkan construiu uma trajet\u00f3ria marcada por vis\u00e3o estrat\u00e9gica e dom\u00ednio de nichos negligenciados pelo mercado No universo empresarial, o sucesso raramente \u00e9 obra do acaso. Ele costuma ser resultado de escolhas estrat\u00e9gicas, timing apurado e uma combina\u00e7\u00e3o entre vis\u00e3o de futuro e capacidade de execu\u00e7\u00e3o. Por tr\u00e1s dos grandes n\u00fameros, quase sempre [&hellip;]<\/p>\n","protected":false},"author":2,"featured_media":19847,"comment_status":"open","ping_status":"open","sticky":false,"template":"","format":"standard","meta":{"_jetpack_memberships_contains_paid_content":false,"footnotes":""},"categories":[51,56,57,60],"tags":[11410],"featured_image_src":{"landsacpe":["https:\/\/revistaempresarios.net\/web\/wp-content\/uploads\/2025\/09\/Marcos-Koenigkan-1--1140x445.jpg",1140,445,true],"list":["https:\/\/revistaempresarios.net\/web\/wp-content\/uploads\/2025\/09\/Marcos-Koenigkan-1--463x348.jpg",463,348,true],"medium":["https:\/\/revistaempresarios.net\/web\/wp-content\/uploads\/2025\/09\/Marcos-Koenigkan-1--200x300.jpg",200,300,true],"full":["https:\/\/revistaempresarios.net\/web\/wp-content\/uploads\/2025\/09\/Marcos-Koenigkan-1-.jpg",1365,2048,false]},"jetpack_sharing_enabled":true,"jetpack_featured_media_url":"https:\/\/revistaempresarios.net\/web\/wp-content\/uploads\/2025\/09\/Marcos-Koenigkan-1-.jpg","jetpack-related-posts":[],"_links":{"self":[{"href":"https:\/\/revistaempresarios.net\/web\/wp-json\/wp\/v2\/posts\/19846"}],"collection":[{"href":"https:\/\/revistaempresarios.net\/web\/wp-json\/wp\/v2\/posts"}],"about":[{"href":"https:\/\/revistaempresarios.net\/web\/wp-json\/wp\/v2\/types\/post"}],"author":[{"embeddable":true,"href":"https:\/\/revistaempresarios.net\/web\/wp-json\/wp\/v2\/users\/2"}],"replies":[{"embeddable":true,"href":"https:\/\/revistaempresarios.net\/web\/wp-json\/wp\/v2\/comments?post=19846"}],"version-history":[{"count":1,"href":"https:\/\/revistaempresarios.net\/web\/wp-json\/wp\/v2\/posts\/19846\/revisions"}],"predecessor-version":[{"id":19848,"href":"https:\/\/revistaempresarios.net\/web\/wp-json\/wp\/v2\/posts\/19846\/revisions\/19848"}],"wp:featuredmedia":[{"embeddable":true,"href":"https:\/\/revistaempresarios.net\/web\/wp-json\/wp\/v2\/media\/19847"}],"wp:attachment":[{"href":"https:\/\/revistaempresarios.net\/web\/wp-json\/wp\/v2\/media?parent=19846"}],"wp:term":[{"taxonomy":"category","embeddable":true,"href":"https:\/\/revistaempresarios.net\/web\/wp-json\/wp\/v2\/categories?post=19846"},{"taxonomy":"post_tag","embeddable":true,"href":"https:\/\/revistaempresarios.net\/web\/wp-json\/wp\/v2\/tags?post=19846"}],"curies":[{"name":"wp","href":"https:\/\/api.w.org\/{rel}","templated":true}]}}