{"id":19840,"date":"2025-09-02T13:01:21","date_gmt":"2025-09-02T16:01:21","guid":{"rendered":"https:\/\/revistaempresarios.net\/web\/?p=19840"},"modified":"2025-09-02T13:01:21","modified_gmt":"2025-09-02T16:01:21","slug":"bfshow-tem-26-mais-compradores-internacionais-credenciados","status":"publish","type":"post","link":"https:\/\/revistaempresarios.net\/web\/2025\/09\/02\/bfshow-tem-26-mais-compradores-internacionais-credenciados\/","title":{"rendered":"BFSHOW tem 26% mais compradores internacionais credenciados"},"content":{"rendered":"<div>\n<p>A 5\u00aa edi\u00e7\u00e3o da BFSHOW, maior feira cal\u00e7adista da Am\u00e9rica Latina, j\u00e1 tem 26% mais compradores internacionais credenciados em rela\u00e7\u00e3o ao mesmo per\u00edodo de 2024 (recorte agosto\/agosto). A mostra, realizada pela Associa\u00e7\u00e3o Brasileira das Ind\u00fastrias de Cal\u00e7ados (Abical\u00e7ados) e organizada pela N\u00fcrnbergMesse Brasil, acontece entre os dias 10 e 12 de novembro, no Distrito Anhembi, em S\u00e3o Paulo\/SP.<\/p>\n<p>Conforme relat\u00f3rio gerado pela N\u00fcrnbergMesse Brasil, j\u00e1 est\u00e3o credenciados importadores da Alemanha, Argentina, Aruba, Botswana, Bol\u00edvia, Canad\u00e1, Chile, Col\u00f4mbia, Costa Rica, Equador, Estados Unidos, Gibraltar, Guatemala, Israel, Nig\u00e9ria, Paraguai, Peru, Portugal, Tun\u00edsia, Turquia e Uruguai. A gerente de Relacionamento e Neg\u00f3cios da Abical\u00e7ados, Let\u00edcia Sperb Masselli, destaca que o fato de a feira ter se tornando a maior vitrine do cal\u00e7ado brasileiro vem atraindo olhares de compradores de todos os continentes, at\u00e9 mesmo de mercados que ainda n\u00e3o importam do Brasil. \u201cTemos a maior ind\u00fastria de cal\u00e7ados do Ocidente, oferecendo qualidade, sustentabilidade e pre\u00e7o competitivo. Nesta edi\u00e7\u00e3o, em que estamos passando por um cen\u00e1rio inst\u00e1vel com rela\u00e7\u00e3o \u00e0s exporta\u00e7\u00f5es para os Estados Unidos, a feira se torna ainda mais importante para a nossa ind\u00fastria, especialmente diante da necessidade de diversifica\u00e7\u00e3o de mercados\u201d, comenta a gerente.<\/p>\n<p>O Head da BFSHOW na N\u00fcrnbergMesse Brasil, Felipe Marchiori, projeta que mais de mil importadores de todos os continentes devem estar presentes no evento, em esfor\u00e7o conjunto de projetos da feira e do Brazilian Footwear &#8211; realizado pela Abical\u00e7ados em parceria com a Ag\u00eancia Brasileira de Promo\u00e7\u00e3o de Exporta\u00e7\u00f5es e Investimentos (ApexBrasil), al\u00e9m de visitantes que v\u00eam por conta pr\u00f3pria. \u201cNa \u00faltima edi\u00e7\u00e3o da BFSHOW, realizada em maio, foram mais de R$ 240 milh\u00f5es somente em neg\u00f3cios internacionais. As nossas expectativas s\u00e3o bastante positivas para repetir ou at\u00e9 mesmo ampliar esse n\u00famero\u201d, projeta.<\/p>\n<p>Com mais de 95% dos espa\u00e7os comercializados, a BFSHOW deve receber cerca de 350 marcas cal\u00e7adistas de todos os polos produtivos, portes, segmentos e nichos do Brasil. A visita\u00e7\u00e3o estimada \u00e9 de mais de 12 mil compradores nacionais e internacionais. O credenciamento est\u00e1 aberto no site\u00a0<a href=\"https:\/\/www.bfshow.com.br\/\" target=\"_blank\" rel=\"noopener\" data-saferedirecturl=\"https:\/\/www.google.com\/url?q=https:\/\/www.bfshow.com.br&amp;source=gmail&amp;ust=1756481666663000&amp;usg=AOvVaw1oZdwvKHBDnQzAV7m4gxST\"><u>www.bfshow.com.br<\/u><\/a>.<\/p>\n<p>&nbsp;<\/p>\n<p><strong>SERVI\u00c7O<\/strong><br \/>\n5\u00aa BFSHOW<br \/>\nData: 10 a 12 de novembro de 2025 \u2013 das 9h \u00e0s 19h nos dias 10 e 11 e das 9h \u00e0s 17h no dia 12<br \/>\nLocal: Distrito Anhembi (Av. Olavo Fontoura, 1209, bairro Santana, S\u00e3o Paulo\/SP)<br \/>\nSaiba mais:\u00a0<a href=\"https:\/\/www.bfshow.com.br\/\" target=\"_blank\" rel=\"noopener\" data-saferedirecturl=\"https:\/\/www.google.com\/url?q=https:\/\/www.bfshow.com.br&amp;source=gmail&amp;ust=1756481666663000&amp;usg=AOvVaw1oZdwvKHBDnQzAV7m4gxST\"><u>www.bfshow.com.br<\/u><\/a>.<\/p>\n<\/div>\n<div class=\"text-center\">\n<div class=\"mt-5\"><\/div>\n<\/div>\n","protected":false},"excerpt":{"rendered":"<p>A 5\u00aa edi\u00e7\u00e3o da BFSHOW, maior feira cal\u00e7adista da Am\u00e9rica Latina, j\u00e1 tem 26% mais compradores internacionais credenciados em rela\u00e7\u00e3o ao mesmo per\u00edodo de 2024 (recorte agosto\/agosto). A mostra, realizada pela Associa\u00e7\u00e3o Brasileira das Ind\u00fastrias de Cal\u00e7ados (Abical\u00e7ados) e organizada pela N\u00fcrnbergMesse Brasil, acontece entre os dias 10 e 12 de novembro, no Distrito Anhembi, [&hellip;]<\/p>\n","protected":false},"author":2,"featured_media":19841,"comment_status":"open","ping_status":"open","sticky":false,"template":"","format":"standard","meta":{"_jetpack_memberships_contains_paid_content":false,"footnotes":""},"categories":[51,54,56,57,58,60],"tags":[11408],"featured_image_src":{"landsacpe":["https:\/\/revistaempresarios.net\/web\/wp-content\/uploads\/2025\/09\/link-1140x445.jpg",1140,445,true],"list":["https:\/\/revistaempresarios.net\/web\/wp-content\/uploads\/2025\/09\/link-463x348.jpg",463,348,true],"medium":["https:\/\/revistaempresarios.net\/web\/wp-content\/uploads\/2025\/09\/link-300x200.jpg",300,200,true],"full":["https:\/\/revistaempresarios.net\/web\/wp-content\/uploads\/2025\/09\/link-scaled.jpg",2560,1707,false]},"jetpack_sharing_enabled":true,"jetpack_featured_media_url":"https:\/\/revistaempresarios.net\/web\/wp-content\/uploads\/2025\/09\/link-scaled.jpg","jetpack-related-posts":[],"_links":{"self":[{"href":"https:\/\/revistaempresarios.net\/web\/wp-json\/wp\/v2\/posts\/19840"}],"collection":[{"href":"https:\/\/revistaempresarios.net\/web\/wp-json\/wp\/v2\/posts"}],"about":[{"href":"https:\/\/revistaempresarios.net\/web\/wp-json\/wp\/v2\/types\/post"}],"author":[{"embeddable":true,"href":"https:\/\/revistaempresarios.net\/web\/wp-json\/wp\/v2\/users\/2"}],"replies":[{"embeddable":true,"href":"https:\/\/revistaempresarios.net\/web\/wp-json\/wp\/v2\/comments?post=19840"}],"version-history":[{"count":1,"href":"https:\/\/revistaempresarios.net\/web\/wp-json\/wp\/v2\/posts\/19840\/revisions"}],"predecessor-version":[{"id":19842,"href":"https:\/\/revistaempresarios.net\/web\/wp-json\/wp\/v2\/posts\/19840\/revisions\/19842"}],"wp:featuredmedia":[{"embeddable":true,"href":"https:\/\/revistaempresarios.net\/web\/wp-json\/wp\/v2\/media\/19841"}],"wp:attachment":[{"href":"https:\/\/revistaempresarios.net\/web\/wp-json\/wp\/v2\/media?parent=19840"}],"wp:term":[{"taxonomy":"category","embeddable":true,"href":"https:\/\/revistaempresarios.net\/web\/wp-json\/wp\/v2\/categories?post=19840"},{"taxonomy":"post_tag","embeddable":true,"href":"https:\/\/revistaempresarios.net\/web\/wp-json\/wp\/v2\/tags?post=19840"}],"curies":[{"name":"wp","href":"https:\/\/api.w.org\/{rel}","templated":true}]}}