{"id":19767,"date":"2025-08-29T19:32:00","date_gmt":"2025-08-29T22:32:00","guid":{"rendered":"https:\/\/revistaempresarios.net\/web\/?p=19767"},"modified":"2025-08-29T19:32:00","modified_gmt":"2025-08-29T22:32:00","slug":"inovacao-na-china-cultura-estrategia-e-ia-o-que-vimos-em-campo-e-aprendizados-para-o-brasil-por-gustavo-pinto-pesquisador-senior-no-zup-labs","status":"publish","type":"post","link":"https:\/\/revistaempresarios.net\/web\/2025\/08\/29\/inovacao-na-china-cultura-estrategia-e-ia-o-que-vimos-em-campo-e-aprendizados-para-o-brasil-por-gustavo-pinto-pesquisador-senior-no-zup-labs\/","title":{"rendered":"Inova\u00e7\u00e3o na China: cultura, estrat\u00e9gia e IA. O que vimos em campo e aprendizados para o Brasil &#8211; Por: Gustavo Pinto, pesquisador s\u00eanior no Zup Labs"},"content":{"rendered":"<p>Quem observa a China apenas como a \u201cf\u00e1brica do mundo\u201d ainda est\u00e1 olhando para um pa\u00eds que j\u00e1 n\u00e3o existe. Nas \u00faltimas d\u00e9cadas, o gigante asi\u00e1tico se tornou um laborat\u00f3rio em escala continental, capaz de conceber chips propriet\u00e1rios, treinar modelos fundacionais de intelig\u00eancia artificial, criar ecossistemas digitais verticais e colocar aplica\u00e7\u00f5es em funcionamento para centenas de milh\u00f5es de pessoas em quest\u00e3o de semanas. \u00c9 mais do que tecnologia: \u00e9 cultura, estrat\u00e9gia e execu\u00e7\u00e3o.<\/p>\n<p>Pude observar tudo isso de perto, estive em uma imers\u00e3o presencial em empresas como Huawei, Alibaba Cloud, Meituan, Kwai, SenseTime e Nio, e em centros de inova\u00e7\u00e3o em Beijing, Hangzhou e Shanghai. Tamb\u00e9m participei do 8\u00ba World Artificial Intelligence Conference (WAIC), que reuniu l\u00edderes globais em torno do tema \u201cSolidariedade global na era da IA\u201d. A viv\u00eancia em campo me permitiu observar como tecnologia, cultura e estrat\u00e9gia se entrela\u00e7am para criar impacto em escala nacional.<\/p>\n<p>A engrenagem chinesa come\u00e7a muito antes do primeiro prot\u00f3tipo. Cultura e educa\u00e7\u00e3o est\u00e3o no centro. Em um pa\u00eds que nunca foi colonizado e carrega mais de 5 mil anos de hist\u00f3ria, as rela\u00e7\u00f5es de confian\u00e7a se constroem lentamente, mas a execu\u00e7\u00e3o, quando decidida, \u00e9 veloz. O trabalho segue um ritmo intenso (o famoso modelo 9\/9\/6) e a educa\u00e7\u00e3o \u00e9 tratada como vetor estrat\u00e9gico de inova\u00e7\u00e3o, com press\u00e3o e investimento para formar talentos em alt\u00edssima escala.<\/p>\n<p>Essa base cultural se encontra com um ecossistema empresarial e governamental que opera de forma coordenada. A Huawei, por exemplo, destina 20% de sua receita para P&amp;D e desenvolve modelos pr\u00f3prios de IA; a Alibaba Cloud verticalizou toda a sua stack tecnol\u00f3gica e criou a fam\u00edlia de modelos Qwen; a Meituan atende a 150 milh\u00f5es de pedidos di\u00e1rios combinando m\u00faltiplos servi\u00e7os em um super app; e a Kwai j\u00e1 conecta mais de 60 milh\u00f5es de usu\u00e1rios no Brasil ao social commerce, fen\u00f4meno que na China responde por mais de 25% do e-commerce. Modelos como o X27 (shopping convertido em mega est\u00fadio de live commerce) e ve\u00edculos como os da Nio, com baterias remov\u00edveis roboticamente em 3 minutos (sistema BaaS,\u00a0<em>battery as a service<\/em>) e assistentes virtuais integrados, ilustram como a inova\u00e7\u00e3o permeia setores inteiros.<\/p>\n<p>O que impressiona n\u00e3o \u00e9 apenas o que a China cria, mas a velocidade e a escala com que aplica. Modelos de IA treinados para setores espec\u00edficos entram em opera\u00e7\u00e3o rapidamente, e agentes aut\u00f4nomos j\u00e1 est\u00e3o presentes no varejo, na sa\u00fade, na mobilidade e na gest\u00e3o p\u00fablica. Tudo isso sustentado por uma infraestrutura de dados e uma penetra\u00e7\u00e3o digital que supera 99% da popula\u00e7\u00e3o.<\/p>\n<p>O Brasil, por outro lado, avan\u00e7a de forma mais fragmentada. Temos talento t\u00e9cnico, criatividade e um mercado interno expressivo, mas enfrentamos barreiras estruturais: marcos regulat\u00f3rios mais lentos, investimentos em P&amp;D ainda t\u00edmidos e pouca integra\u00e7\u00e3o entre governo, empresas e a universidade. Nossa digitaliza\u00e7\u00e3o avan\u00e7a, mas sem a mesma verticaliza\u00e7\u00e3o tecnol\u00f3gica e sem uma estrat\u00e9gia nacional robusta que articule setores e defina prioridades de longo prazo.<\/p>\n<p>Claro que o modelo chin\u00eas n\u00e3o \u00e9 simplesmente replic\u00e1vel. Ele est\u00e1 profundamente enraizado na sua hist\u00f3ria, no seu sistema pol\u00edtico e na sua cultura. Mas h\u00e1 li\u00e7\u00f5es evidentes: investir pesado e de maneira cont\u00ednua em pesquisa; pensar a tecnologia como ativo de soberania; criar mecanismos para que empresas inovem n\u00e3o apenas em produtos, mas em infraestrutura e padr\u00f5es; e, sobretudo, articular esfor\u00e7os de forma coordenada, entendendo que competitividade digital se constr\u00f3i com vis\u00e3o de d\u00e9cadas, n\u00e3o de mandatos.<\/p>\n<p>O mundo caminha para uma era em que intelig\u00eancia artificial, integra\u00e7\u00e3o de dados e inova\u00e7\u00e3o aplicada definir\u00e3o n\u00e3o s\u00f3 mercados, mas tamb\u00e9m o lugar de cada na\u00e7\u00e3o no mapa geopol\u00edtico. A China j\u00e1 entendeu isso e est\u00e1 executando. O Brasil tem base para aprender r\u00e1pido e aplicar com ambi\u00e7\u00e3o. Como implementamos, com coordena\u00e7\u00e3o e velocidade, o que j\u00e1 est\u00e1 comprovado para ganhar competitividade global?<\/p>\n","protected":false},"excerpt":{"rendered":"<p>Quem observa a China apenas como a \u201cf\u00e1brica do mundo\u201d ainda est\u00e1 olhando para um pa\u00eds que j\u00e1 n\u00e3o existe. Nas \u00faltimas d\u00e9cadas, o gigante asi\u00e1tico se tornou um laborat\u00f3rio em escala continental, capaz de conceber chips propriet\u00e1rios, treinar modelos fundacionais de intelig\u00eancia artificial, criar ecossistemas digitais verticais e colocar aplica\u00e7\u00f5es em funcionamento para centenas [&hellip;]<\/p>\n","protected":false},"author":2,"featured_media":19768,"comment_status":"open","ping_status":"open","sticky":false,"template":"","format":"standard","meta":{"_jetpack_memberships_contains_paid_content":false,"_joinchat":[],"footnotes":""},"categories":[51],"tags":[11378,11377,11379],"featured_image_src":{"landsacpe":["https:\/\/revistaempresarios.net\/web\/wp-content\/uploads\/2025\/08\/Gustavo-Pinto-1140x445.jpg",1140,445,true],"list":["https:\/\/revistaempresarios.net\/web\/wp-content\/uploads\/2025\/08\/Gustavo-Pinto-463x348.jpg",463,348,true],"medium":["https:\/\/revistaempresarios.net\/web\/wp-content\/uploads\/2025\/08\/Gustavo-Pinto-300x300.jpg",300,300,true],"full":["https:\/\/revistaempresarios.net\/web\/wp-content\/uploads\/2025\/08\/Gustavo-Pinto-scaled.jpg",2560,2560,false]},"jetpack_sharing_enabled":true,"jetpack_featured_media_url":"https:\/\/revistaempresarios.net\/web\/wp-content\/uploads\/2025\/08\/Gustavo-Pinto-scaled.jpg","jetpack-related-posts":[],"_links":{"self":[{"href":"https:\/\/revistaempresarios.net\/web\/wp-json\/wp\/v2\/posts\/19767"}],"collection":[{"href":"https:\/\/revistaempresarios.net\/web\/wp-json\/wp\/v2\/posts"}],"about":[{"href":"https:\/\/revistaempresarios.net\/web\/wp-json\/wp\/v2\/types\/post"}],"author":[{"embeddable":true,"href":"https:\/\/revistaempresarios.net\/web\/wp-json\/wp\/v2\/users\/2"}],"replies":[{"embeddable":true,"href":"https:\/\/revistaempresarios.net\/web\/wp-json\/wp\/v2\/comments?post=19767"}],"version-history":[{"count":1,"href":"https:\/\/revistaempresarios.net\/web\/wp-json\/wp\/v2\/posts\/19767\/revisions"}],"predecessor-version":[{"id":19769,"href":"https:\/\/revistaempresarios.net\/web\/wp-json\/wp\/v2\/posts\/19767\/revisions\/19769"}],"wp:featuredmedia":[{"embeddable":true,"href":"https:\/\/revistaempresarios.net\/web\/wp-json\/wp\/v2\/media\/19768"}],"wp:attachment":[{"href":"https:\/\/revistaempresarios.net\/web\/wp-json\/wp\/v2\/media?parent=19767"}],"wp:term":[{"taxonomy":"category","embeddable":true,"href":"https:\/\/revistaempresarios.net\/web\/wp-json\/wp\/v2\/categories?post=19767"},{"taxonomy":"post_tag","embeddable":true,"href":"https:\/\/revistaempresarios.net\/web\/wp-json\/wp\/v2\/tags?post=19767"}],"curies":[{"name":"wp","href":"https:\/\/api.w.org\/{rel}","templated":true}]}}