{"id":19698,"date":"2025-08-25T18:29:11","date_gmt":"2025-08-25T21:29:11","guid":{"rendered":"https:\/\/revistaempresarios.net\/web\/?p=19698"},"modified":"2025-08-25T18:29:11","modified_gmt":"2025-08-25T21:29:11","slug":"reginaldo-boeira-expande-negocios-para-orlando","status":"publish","type":"post","link":"https:\/\/revistaempresarios.net\/web\/2025\/08\/25\/reginaldo-boeira-expande-negocios-para-orlando\/","title":{"rendered":"Reginaldo Boeira expande neg\u00f3cios para Orlando"},"content":{"rendered":"<p class=\"fst-italic text-center\">Empres\u00e1rio mineiro e fundador de uma das maiores franquias de idiomas do Brasil amplia sua miss\u00e3o de oferecer educa\u00e7\u00e3o acess\u00edvel e gest\u00e3o humanizada para o cen\u00e1rio global<\/p>\n<div>\n<p>O empres\u00e1rio Reginaldo Boeira, fundador do KNN Group, acaba de iniciar um novo e importante cap\u00edtulo de sua trajet\u00f3ria empreendedora: a inaugura\u00e7\u00e3o da primeira unidade internacional da KNN Idiomas, uma das maiores redes de ensino de idiomas do Brasil. A expans\u00e3o oficial para o competitivo mercado norte-americano foi marcada pela abertura da escola na sexta-feira, 4, em Orlando, na Fl\u00f3rida.<\/p>\n<p>A entrada nos Estados Unidos representa mais do que a consolida\u00e7\u00e3o do crescimento da rede. Para Boeira, trata-se da realiza\u00e7\u00e3o de um sonho pessoal que agora atravessa fronteiras. Com mais de duas d\u00e9cadas dedicadas \u00e0 educa\u00e7\u00e3o e \u00e0 gest\u00e3o empresarial, Reginaldo Boeira define o momento como um divisor de \u00e1guas em sua carreira.<\/p>\n<p>&#8220;Expandir para os EUA \u00e9 mais do que um plano estrat\u00e9gico. \u00c9 a valida\u00e7\u00e3o de que o empreendedorismo brasileiro tem espa\u00e7o, relev\u00e2ncia e for\u00e7a para competir globalmente&#8221;, afirma o empres\u00e1rio.<\/p>\n<p>A escolha de Orlando foi estrat\u00e9gica. A cidade abriga uma das maiores comunidades brasileiras fora do pa\u00eds, al\u00e9m de ser um polo multicultural e um importante term\u00f4metro para o setor educacional norte-americano. &#8220;Queremos estar onde h\u00e1 demanda por transforma\u00e7\u00e3o atrav\u00e9s da educa\u00e7\u00e3o, e Orlando representa exatamente isso&#8221;, destaca Boeira.<\/p>\n<p>A nova unidade internacional leva ao mercado global a proposta pedag\u00f3gica que consolidou a KNN no Brasil: metodologia personalizada, foco total no aluno e gest\u00e3o humanizada. Esses pilares continuam sendo a base do projeto educacional liderado por Boeira, que em 2024 faturou R$1,2 bilh\u00e3o atrav\u00e9s da companhia.<\/p>\n<p>Para o empres\u00e1rio, este movimento representa n\u00e3o apenas um avan\u00e7o empresarial, mas tamb\u00e9m a reafirma\u00e7\u00e3o de sua miss\u00e3o como l\u00edder: empreender com prop\u00f3sito, ampliar o acesso \u00e0 educa\u00e7\u00e3o de qualidade e transformar vidas por meio do conhecimento.<\/p>\n<p>A chegada da KNN Idiomas aos Estados Unidos marca uma nova fase n\u00e3o apenas para a rede, mas tamb\u00e9m para o setor educacional brasileiro, que passa a ser representado com protagonismo em um dos mercados mais exigentes do mundo.<\/p>\n<p><strong>Sobre Reginaldo Boeira<\/strong><strong><br \/>\n<\/strong>Reginaldo Boeira \u00e9 reconhecido por sua vis\u00e3o empreendedora e sucesso baseado no sistema de gest\u00e3o humanizada. Natural de Monte Belo (MG), come\u00e7ou a empreender desde jovem. Fundou em 2012 a KNN, que entrou para o mercado de franquias em 2014 e conta com centenas de escolas abertas em todo o Brasil e outras a serem inauguradas ao longo deste ano. Tamb\u00e9m possui a Phenom Idiomas, inaugurada em 2021 e que j\u00e1 conta com mais de 50 unidades pelo pa\u00eds. Atua ainda no ramo da constru\u00e7\u00e3o civil (Boeira Construtora) e \u00e9 presidente da KNN Group, holding de administra\u00e7\u00e3o das suas 12 empresas. \u00c9 autor do livro \u201cQuando o sucesso \u00e9 a \u00fanica op\u00e7\u00e3o\u201d, que traz um m\u00e9todo inovador de ensino focado no empreendedorismo.<\/p>\n<\/div>\n","protected":false},"excerpt":{"rendered":"<p>Empres\u00e1rio mineiro e fundador de uma das maiores franquias de idiomas do Brasil amplia sua miss\u00e3o de oferecer educa\u00e7\u00e3o acess\u00edvel e gest\u00e3o humanizada para o cen\u00e1rio global O empres\u00e1rio Reginaldo Boeira, fundador do KNN Group, acaba de iniciar um novo e importante cap\u00edtulo de sua trajet\u00f3ria empreendedora: a inaugura\u00e7\u00e3o da primeira unidade internacional da KNN [&hellip;]<\/p>\n","protected":false},"author":2,"featured_media":19699,"comment_status":"open","ping_status":"open","sticky":false,"template":"","format":"standard","meta":{"_jetpack_memberships_contains_paid_content":false,"footnotes":""},"categories":[51,53,54,56,57,60],"tags":[11349],"featured_image_src":{"landsacpe":["https:\/\/revistaempresarios.net\/web\/wp-content\/uploads\/2025\/08\/Reginaldo-Boeira-define-o-momento-como-um-divisor-de-a-769guas-em-sua-carreira.Foto-por-Paulo-Hintz_Growth-Global-1140x445.jpg",1140,445,true],"list":["https:\/\/revistaempresarios.net\/web\/wp-content\/uploads\/2025\/08\/Reginaldo-Boeira-define-o-momento-como-um-divisor-de-a-769guas-em-sua-carreira.Foto-por-Paulo-Hintz_Growth-Global-463x348.jpg",463,348,true],"medium":["https:\/\/revistaempresarios.net\/web\/wp-content\/uploads\/2025\/08\/Reginaldo-Boeira-define-o-momento-como-um-divisor-de-a-769guas-em-sua-carreira.Foto-por-Paulo-Hintz_Growth-Global-236x300.jpg",236,300,true],"full":["https:\/\/revistaempresarios.net\/web\/wp-content\/uploads\/2025\/08\/Reginaldo-Boeira-define-o-momento-como-um-divisor-de-a-769guas-em-sua-carreira.Foto-por-Paulo-Hintz_Growth-Global-scaled.jpg",2010,2560,false]},"jetpack_sharing_enabled":true,"jetpack_featured_media_url":"https:\/\/revistaempresarios.net\/web\/wp-content\/uploads\/2025\/08\/Reginaldo-Boeira-define-o-momento-como-um-divisor-de-a-769guas-em-sua-carreira.Foto-por-Paulo-Hintz_Growth-Global-scaled.jpg","jetpack-related-posts":[],"_links":{"self":[{"href":"https:\/\/revistaempresarios.net\/web\/wp-json\/wp\/v2\/posts\/19698"}],"collection":[{"href":"https:\/\/revistaempresarios.net\/web\/wp-json\/wp\/v2\/posts"}],"about":[{"href":"https:\/\/revistaempresarios.net\/web\/wp-json\/wp\/v2\/types\/post"}],"author":[{"embeddable":true,"href":"https:\/\/revistaempresarios.net\/web\/wp-json\/wp\/v2\/users\/2"}],"replies":[{"embeddable":true,"href":"https:\/\/revistaempresarios.net\/web\/wp-json\/wp\/v2\/comments?post=19698"}],"version-history":[{"count":1,"href":"https:\/\/revistaempresarios.net\/web\/wp-json\/wp\/v2\/posts\/19698\/revisions"}],"predecessor-version":[{"id":19700,"href":"https:\/\/revistaempresarios.net\/web\/wp-json\/wp\/v2\/posts\/19698\/revisions\/19700"}],"wp:featuredmedia":[{"embeddable":true,"href":"https:\/\/revistaempresarios.net\/web\/wp-json\/wp\/v2\/media\/19699"}],"wp:attachment":[{"href":"https:\/\/revistaempresarios.net\/web\/wp-json\/wp\/v2\/media?parent=19698"}],"wp:term":[{"taxonomy":"category","embeddable":true,"href":"https:\/\/revistaempresarios.net\/web\/wp-json\/wp\/v2\/categories?post=19698"},{"taxonomy":"post_tag","embeddable":true,"href":"https:\/\/revistaempresarios.net\/web\/wp-json\/wp\/v2\/tags?post=19698"}],"curies":[{"name":"wp","href":"https:\/\/api.w.org\/{rel}","templated":true}]}}