{"id":19601,"date":"2025-08-19T12:04:10","date_gmt":"2025-08-19T15:04:10","guid":{"rendered":"https:\/\/revistaempresarios.net\/web\/?p=19601"},"modified":"2025-08-19T12:04:10","modified_gmt":"2025-08-19T15:04:10","slug":"grupo-mm-eventos-celebra-o-dia-do-estagiario-com-historias-de-crescimento-e-promocao-de-talentos","status":"publish","type":"post","link":"https:\/\/revistaempresarios.net\/web\/2025\/08\/19\/grupo-mm-eventos-celebra-o-dia-do-estagiario-com-historias-de-crescimento-e-promocao-de-talentos\/","title":{"rendered":"Grupo MM Eventos celebra o Dia do Estagi\u00e1rio com hist\u00f3rias de crescimento e promo\u00e7\u00e3o de talentos"},"content":{"rendered":"<p class=\"fst-italic text-center\">Com job rotation, mentoria e oportunidades reais de desenvolvimento, o Grupo MM Eventos transforma jovens em profissionais estrat\u00e9gicos para o mercado de eventos<\/p>\n<div>\n<p>No Dia do Estagi\u00e1rio, celebrado em 18 de agosto, o\u00a0<a href=\"https:\/\/grupommeventos.com.br\/\">Grupo MM Eventos<\/a>\u00a0refor\u00e7a seu compromisso em transformar o in\u00edcio da carreira em um verdadeiro trampolim para o crescimento profissional. Ao longo de sua trajet\u00f3ria, o Grupo MM Eventos tem formado jovens que come\u00e7aram como estagi\u00e1rios e hoje ocupam posi\u00e7\u00f5es estrat\u00e9gicas, resultado de uma cultura que alia acompanhamento pr\u00f3ximo, oportunidades concretas e incentivo ao protagonismo.<\/p>\n<p>Em um mercado cada vez mais competitivo onde, segundo a Associa\u00e7\u00e3o Brasileira de Est\u00e1gios, apenas entre 40% e 60% dos estagi\u00e1rios s\u00e3o efetivados, o\u00a0<a href=\"https:\/\/grupommeventos.com.br\/\">Grupo MM Eventos<\/a>\u00a0se destaca por estruturar processos que aceleram o desenvolvimento e garantem maior reten\u00e7\u00e3o de talentos. O caminho \u00e9 claro: sele\u00e7\u00e3o criteriosa, integra\u00e7\u00e3o completa com o neg\u00f3cio, experi\u00eancias pr\u00e1ticas de alto valor e acesso a mentoria de l\u00edderes experientes.<\/p>\n<p>Entre os cases recentes est\u00e1 o de Giovanna de Castro Barbosa, que iniciou como Jovem Aprendiz, foi contratada como estagi\u00e1ria ao ingressar na faculdade e, menos de dois anos depois, foi efetivada na \u00e1rea de TI. Outro exemplo \u00e9 Samara Neves Coelho, que iniciou no Marketing, passou pela \u00e1rea de Live e, em breve, atuar\u00e1 no Atendimento a Projetos, em um processo de job rotation pensado para ampliar sua vis\u00e3o sobre o neg\u00f3cio.<\/p>\n<p>\u201cO Grupo MM Eventos tem, em sua ess\u00eancia, o desenvolvimento de pessoas. Pelo Instituto MM, acreditamos que todos que t\u00eam brilho nos olhos e vontade de aprender podem agregar valor ao nosso neg\u00f3cio. Os jovens trazem energia, provoca\u00e7\u00e3o e conex\u00e3o com o que h\u00e1 de mais atual, enquanto n\u00f3s oferecemos conhecimento e experi\u00eancia para que o legado do Grupo MM Eventos siga vivo pelas pr\u00f3ximas d\u00e9cadas\u201d, afirma [porta-voz da empresa].<\/p>\n<p>Para Samara, a experi\u00eancia tem sido transformadora. \u201cNunca imaginei que minha primeira oportunidade profissional seria em uma empresa t\u00e3o grande e de tanto impacto. Aqui, mesmo no in\u00edcio da trajet\u00f3ria, somos vistos, ouvidos e reconhecidos. Cada desafio, cada conquista e at\u00e9 cada erro contribui para construir minha vis\u00e3o sobre o mercado e sobre quem eu quero ser como profissional\u201d, diz.<\/p>\n<p>O programa de desenvolvimento do\u00a0<a href=\"https:\/\/grupommeventos.com.br\/\">Grupo MM Eventos<\/a>\u00a0combina pr\u00e1ticas como job rotation, indicadores de desempenho claros e capacita\u00e7\u00f5es oferecidas pelo Instituto MM. Al\u00e9m disso, mant\u00e9m como pilar a diversidade geracional, incentivando a troca entre profissionais de diferentes idades e forma\u00e7\u00f5es.<\/p>\n<p>Mais do que abrir portas, o\u00a0<a href=\"https:\/\/grupommeventos.com.br\/\">Grupo MM Eventos<\/a>\u00a0mostra que \u00e9 poss\u00edvel cultivar talentos de forma estrat\u00e9gica e humana, transformando est\u00e1gios em carreiras s\u00f3lidas e relevantes para o futuro do mercado de eventos no Brasil.<\/p>\n<\/div>\n","protected":false},"excerpt":{"rendered":"<p>Com job rotation, mentoria e oportunidades reais de desenvolvimento, o Grupo MM Eventos transforma jovens em profissionais estrat\u00e9gicos para o mercado de eventos No Dia do Estagi\u00e1rio, celebrado em 18 de agosto, o\u00a0Grupo MM Eventos\u00a0refor\u00e7a seu compromisso em transformar o in\u00edcio da carreira em um verdadeiro trampolim para o crescimento profissional. Ao longo de sua [&hellip;]<\/p>\n","protected":false},"author":2,"featured_media":19602,"comment_status":"open","ping_status":"open","sticky":false,"template":"","format":"standard","meta":{"_jetpack_memberships_contains_paid_content":false,"footnotes":""},"categories":[51,57,60],"tags":[11312],"featured_image_src":{"landsacpe":["https:\/\/revistaempresarios.net\/web\/wp-content\/uploads\/2025\/08\/WhatsApp-Image-2025-08-15-at-15.31.19-1040x445.jpg",1040,445,true],"list":["https:\/\/revistaempresarios.net\/web\/wp-content\/uploads\/2025\/08\/WhatsApp-Image-2025-08-15-at-15.31.19-463x348.jpg",463,348,true],"medium":["https:\/\/revistaempresarios.net\/web\/wp-content\/uploads\/2025\/08\/WhatsApp-Image-2025-08-15-at-15.31.19-300x211.jpg",300,211,true],"full":["https:\/\/revistaempresarios.net\/web\/wp-content\/uploads\/2025\/08\/WhatsApp-Image-2025-08-15-at-15.31.19.jpg",1040,733,false]},"jetpack_sharing_enabled":true,"jetpack_featured_media_url":"https:\/\/revistaempresarios.net\/web\/wp-content\/uploads\/2025\/08\/WhatsApp-Image-2025-08-15-at-15.31.19.jpg","jetpack-related-posts":[],"_links":{"self":[{"href":"https:\/\/revistaempresarios.net\/web\/wp-json\/wp\/v2\/posts\/19601"}],"collection":[{"href":"https:\/\/revistaempresarios.net\/web\/wp-json\/wp\/v2\/posts"}],"about":[{"href":"https:\/\/revistaempresarios.net\/web\/wp-json\/wp\/v2\/types\/post"}],"author":[{"embeddable":true,"href":"https:\/\/revistaempresarios.net\/web\/wp-json\/wp\/v2\/users\/2"}],"replies":[{"embeddable":true,"href":"https:\/\/revistaempresarios.net\/web\/wp-json\/wp\/v2\/comments?post=19601"}],"version-history":[{"count":1,"href":"https:\/\/revistaempresarios.net\/web\/wp-json\/wp\/v2\/posts\/19601\/revisions"}],"predecessor-version":[{"id":19603,"href":"https:\/\/revistaempresarios.net\/web\/wp-json\/wp\/v2\/posts\/19601\/revisions\/19603"}],"wp:featuredmedia":[{"embeddable":true,"href":"https:\/\/revistaempresarios.net\/web\/wp-json\/wp\/v2\/media\/19602"}],"wp:attachment":[{"href":"https:\/\/revistaempresarios.net\/web\/wp-json\/wp\/v2\/media?parent=19601"}],"wp:term":[{"taxonomy":"category","embeddable":true,"href":"https:\/\/revistaempresarios.net\/web\/wp-json\/wp\/v2\/categories?post=19601"},{"taxonomy":"post_tag","embeddable":true,"href":"https:\/\/revistaempresarios.net\/web\/wp-json\/wp\/v2\/tags?post=19601"}],"curies":[{"name":"wp","href":"https:\/\/api.w.org\/{rel}","templated":true}]}}