{"id":19535,"date":"2025-08-07T11:30:46","date_gmt":"2025-08-07T14:30:46","guid":{"rendered":"https:\/\/revistaempresarios.net\/web\/?p=19535"},"modified":"2025-08-07T11:30:46","modified_gmt":"2025-08-07T14:30:46","slug":"divina-terra-inaugura-terceira-loja-no-tocantins-e-acelera-a-expansao-no-estado","status":"publish","type":"post","link":"https:\/\/revistaempresarios.net\/web\/2025\/08\/07\/divina-terra-inaugura-terceira-loja-no-tocantins-e-acelera-a-expansao-no-estado\/","title":{"rendered":"Divina Terra inaugura terceira loja no Tocantins e acelera a expans\u00e3o no estado"},"content":{"rendered":"<p><em>Multifranqueado aposta no potencial da capital tocantinense e projeta faturamento anual de R$ 1,2 milh\u00e3o com a nova unidade<\/em><\/p>\n<p>A busca por um estilo de vida mais saud\u00e1vel, sustent\u00e1vel e equilibrado nunca esteve t\u00e3o em evid\u00eancia. Prova disso \u00e9 o crescimento exponencial de neg\u00f3cios voltados ao bem-estar e \u00e0 alimenta\u00e7\u00e3o natural em todo o pa\u00eds.<\/p>\n<p>De olho nessa tend\u00eancia, a Divina Terra &#8211; rede de mercado saud\u00e1vel refer\u00eancia em produtos naturais, alimentos funcionais e suplementos &#8211; inaugura no dia 8 de agosto de 2025 a terceira loja no Tocantins, e a primeira loja na capital do estado. A nova unidade estar\u00e1 localizada no Open Mall Palmas, refor\u00e7ando a presen\u00e7a da marca no Norte do Brasil e gerando mais empregos na regi\u00e3o.<\/p>\n<p>O respons\u00e1vel pela novidade \u00e9 o empreendedor Thalles Gandra Trigoli, multifranqueado da rede e que em menos de tr\u00eas anos inaugura mais uma unidade e j\u00e1 comanda outras duas lojas no estado, ambas em Gurupi. A escolha por Palmas veio acompanhada de metas ambiciosas: a nova unidade tem proje\u00e7\u00e3o de faturamento anual de R$ 1,2 milh\u00e3o, com potencial de atrair consumidores tamb\u00e9m de cidades vizinhas como Porto Nacional e Para\u00edso do Tocantins.<\/p>\n<p>&nbsp;<\/p>\n<p><em>\u201cA Divina Terra \u00e9 uma franquia que est\u00e1 sempre em evolu\u00e7\u00e3o, investindo em inova\u00e7\u00e3o e oferecendo aos franqueados condi\u00e7\u00f5es muito competitivas. Tudo o que \u00e9 novidade para o franqueado, se torna novidade para toda a rede. Al\u00e9m disso, a taxa de royalties \u00e9 justa e o mix de produtos \u00e9 extremamente atrativo, o que facilita a fideliza\u00e7\u00e3o dos clientes\u201d<\/em>, afirma <strong>Thalles Gandra Trigoli<\/strong>, que projeta abrir <strong>10 lojas at\u00e9 2035<\/strong>, com uma nova unidade a cada 18 meses.<\/p>\n<p>Com passagens por grandes empresas e uma trajet\u00f3ria empreendedora marcada por vis\u00e3o estrat\u00e9gica e foco no segmento saud\u00e1vel, Thalles conheceu a Divina Terra enquanto morava em <strong>Santa Catarina<\/strong>, ao visitar as lojas dos franqueados Rodrigo (Joinville) e Joel (Itaja\u00ed), o que despertou sua admira\u00e7\u00e3o pela solidez e proposta da rede.<\/p>\n<p><strong>Tend\u00eancia nacional impulsiona franchising<\/strong><\/p>\n<p>A abertura da loja em Palmas ocorre em um momento estrat\u00e9gico. O segmento de produtos naturais e saud\u00e1veis tem crescido de forma acelerada no Brasil, impulsionado pela maior conscientiza\u00e7\u00e3o da popula\u00e7\u00e3o sobre sa\u00fade, longevidade e alimenta\u00e7\u00e3o balanceada. De acordo com dados da ABF (Associa\u00e7\u00e3o Brasileira de Franchising), o setor de Sa\u00fade, Beleza e Bem-Estar est\u00e1 entre os que mais crescem no pa\u00eds, com alta superior a 15% ao ano. As franquias, por sua vez, continuam sendo uma das formas mais seguras e rent\u00e1veis de investir, especialmente em nichos com demanda crescente como este.<\/p>\n<p>Com 14 anos de trajet\u00f3ria, a Divina Terra j\u00e1 soma mais de 70 unidades em opera\u00e7\u00e3o espalhadas pelo pa\u00eds e fatura mais de R$ 100 milh\u00f5es por ano, com um mix diversificado de itens \u2013 que v\u00e3o desde alimentos org\u00e2nicos e sem gl\u00faten at\u00e9 suplementos, ch\u00e1s, cosm\u00e9ticos naturais e produtos para dietas especiais &#8211; segue consolidando-se no estado do Tocantins entre os consumidores que buscam de qualidade\u00a0de\u00a0vida.<\/p>\n","protected":false},"excerpt":{"rendered":"<p>Multifranqueado aposta no potencial da capital tocantinense e projeta faturamento anual de R$ 1,2 milh\u00e3o com a nova unidade A busca por um estilo de vida mais saud\u00e1vel, sustent\u00e1vel e equilibrado nunca esteve t\u00e3o em evid\u00eancia. Prova disso \u00e9 o crescimento exponencial de neg\u00f3cios voltados ao bem-estar e \u00e0 alimenta\u00e7\u00e3o natural em todo o pa\u00eds. [&hellip;]<\/p>\n","protected":false},"author":2,"featured_media":19537,"comment_status":"open","ping_status":"open","sticky":false,"template":"","format":"standard","meta":{"_jetpack_memberships_contains_paid_content":false,"footnotes":""},"categories":[51,54,56,57,60],"tags":[11286],"featured_image_src":{"landsacpe":["https:\/\/revistaempresarios.net\/web\/wp-content\/uploads\/2025\/08\/Divina-Terra-722x445.jpg",722,445,true],"list":["https:\/\/revistaempresarios.net\/web\/wp-content\/uploads\/2025\/08\/Divina-Terra-463x348.jpg",463,348,true],"medium":["https:\/\/revistaempresarios.net\/web\/wp-content\/uploads\/2025\/08\/Divina-Terra-225x300.jpg",225,300,true],"full":["https:\/\/revistaempresarios.net\/web\/wp-content\/uploads\/2025\/08\/Divina-Terra.jpg",722,962,false]},"jetpack_sharing_enabled":true,"jetpack_featured_media_url":"https:\/\/revistaempresarios.net\/web\/wp-content\/uploads\/2025\/08\/Divina-Terra.jpg","jetpack-related-posts":[],"_links":{"self":[{"href":"https:\/\/revistaempresarios.net\/web\/wp-json\/wp\/v2\/posts\/19535"}],"collection":[{"href":"https:\/\/revistaempresarios.net\/web\/wp-json\/wp\/v2\/posts"}],"about":[{"href":"https:\/\/revistaempresarios.net\/web\/wp-json\/wp\/v2\/types\/post"}],"author":[{"embeddable":true,"href":"https:\/\/revistaempresarios.net\/web\/wp-json\/wp\/v2\/users\/2"}],"replies":[{"embeddable":true,"href":"https:\/\/revistaempresarios.net\/web\/wp-json\/wp\/v2\/comments?post=19535"}],"version-history":[{"count":1,"href":"https:\/\/revistaempresarios.net\/web\/wp-json\/wp\/v2\/posts\/19535\/revisions"}],"predecessor-version":[{"id":19538,"href":"https:\/\/revistaempresarios.net\/web\/wp-json\/wp\/v2\/posts\/19535\/revisions\/19538"}],"wp:featuredmedia":[{"embeddable":true,"href":"https:\/\/revistaempresarios.net\/web\/wp-json\/wp\/v2\/media\/19537"}],"wp:attachment":[{"href":"https:\/\/revistaempresarios.net\/web\/wp-json\/wp\/v2\/media?parent=19535"}],"wp:term":[{"taxonomy":"category","embeddable":true,"href":"https:\/\/revistaempresarios.net\/web\/wp-json\/wp\/v2\/categories?post=19535"},{"taxonomy":"post_tag","embeddable":true,"href":"https:\/\/revistaempresarios.net\/web\/wp-json\/wp\/v2\/tags?post=19535"}],"curies":[{"name":"wp","href":"https:\/\/api.w.org\/{rel}","templated":true}]}}