{"id":19472,"date":"2025-08-01T20:42:33","date_gmt":"2025-08-01T23:42:33","guid":{"rendered":"https:\/\/revistaempresarios.net\/web\/?p=19472"},"modified":"2025-08-01T20:42:33","modified_gmt":"2025-08-01T23:42:33","slug":"projeto-gotas-de-vida-completa-10-anos-com-mais-de-6-mil-vidas-impactadas-em-joinville-campanha-arrecadou-r-219-mil-em-2025-viabilizou-a-reconstrucao-total-do-gatil-do-abrigo-anim","status":"publish","type":"post","link":"https:\/\/revistaempresarios.net\/web\/2025\/08\/01\/projeto-gotas-de-vida-completa-10-anos-com-mais-de-6-mil-vidas-impactadas-em-joinville-campanha-arrecadou-r-219-mil-em-2025-viabilizou-a-reconstrucao-total-do-gatil-do-abrigo-anim\/","title":{"rendered":"Projeto \u201cGotas de Vida\u201d completa 10 anos com mais de 6 mil vidas impactadas em Joinville Campanha arrecadou R$ 21,9 mil em 2025, viabilizou a reconstru\u00e7\u00e3o total do gatil do Abrigo Animal e doa\u00e7\u00f5es a mais tr\u00eas institui\u00e7\u00f5es da cidade"},"content":{"rendered":"<p>Completando uma d\u00e9cada de atua\u00e7\u00e3o, o projeto social Gotas de Vida, desenvolvido em Joinville (SC) pela Anag\u00ea Im\u00f3veis, alcan\u00e7ou um marco expressivo em sua hist\u00f3ria: mais de seis mil pessoas beneficiadas desde sua cria\u00e7\u00e3o, em 2015.<br \/>\nA edi\u00e7\u00e3o de deste ano arrecadou R$ 21.938,00 e cumpriu todas as metas propostas \u2014 como a reconstru\u00e7\u00e3o completa do Gatil do Abrigo Animal e a destina\u00e7\u00e3o de alimentos, roupas, brinquedos e itens de higiene ao Instituto Ra\u00edzes, ao Lar Renascer e \u00e0 ACPC &#8211; Associa\u00e7\u00e3o Catarinense de Apoio \u00e0s Pessoas com C\u00e2ncer.<br \/>\nDurante 60 dias, a campanha mobilizou de forma volunt\u00e1ria centenas de colaboradores da imobili\u00e1ria. Para arrecadar os produtos e recursos, eles organizaram rifa, bazar, bingo, Hamburgada, Festa Junina, entre outros, a\u00e7\u00f5es marcadas pelo esp\u00edrito de coopera\u00e7\u00e3o.<\/p>\n<p>O an\u00fancio dos resultados aconteceu neste s\u00e1bado (26\/7), durante a tradicional Feijoada do Gotas de Vida \u2014 um momento especial promovido pela Anag\u00ea Im\u00f3veis, que reuniu colaboradores, c\u00f4njuges e filhos.<\/p>\n<p>Al\u00e9m da reconstru\u00e7\u00e3o completa do Gatil do Abrigo Animal, que custou R$15.000,00, foram arrecadados e doados:<br \/>\n\u2022 300 cestas b\u00e1sicas (mais de 2 toneladas de alimentos);<br \/>\n\u2022 1.000 pe\u00e7as de roupas, que totalizaram 300 kits de inverno.<br \/>\n\u2022 80 cobertores<br \/>\n\u2022 145 brinquedos<br \/>\n\u2022 41 kits de higiene pessoal<\/p>\n<p>C\u00e1tia Erhart, Diretora de Opera\u00e7\u00f5es da Anag\u00ea Im\u00f3veis e idealizadora da campanha, lembra que o projeto nasceu da vontade da equipe em fazer o bem \u2014 e que, ao longo dos anos, cresceu muito e se tornou uma corrente de transforma\u00e7\u00e3o. \u201cCom empatia, organiza\u00e7\u00e3o e compromisso, a cada edi\u00e7\u00e3o, novas pessoas se engajam, novas ideias surgem, as doa\u00e7\u00f5es se multiplicam e a solidariedade se fortalece\u201d, confirma a diretora.<br \/>\nPara Rodrigo Manteuffel, Diretor Administrativo-Financeiro da Anag\u00ea Im\u00f3veis, a feijoada representa mais do que a celebra\u00e7\u00e3o das metas. \u201cA gente quer um mundo melhor \u2014 e, pra isso, cada um precisa fazer a sua parte. O mais bonito no Gotas de Vida \u00e9 que a equipe se envolve, corre atr\u00e1s, vende rifa, participa com o cora\u00e7\u00e3o. Hoje \u00e9 dia de comemorar, sim, mas tamb\u00e9m por saber que conseguimos ajudar tantas pessoas. Parab\u00e9ns, time Anag\u00ea!\u201d, conclui o diretor.<\/p>\n<p><strong>Projeto Gotas de Vida<\/strong><br \/>\nInspirado na c\u00e9lebre frase de Madre Teresa de Calcut\u00e1 \u2014 \u201cO que eu fa\u00e7o \u00e9 uma gota no oceano. Mas sem ela, o oceano seria menor\u201d \u2014 o projeto reafirma, a cada edi\u00e7\u00e3o, que a\u00e7\u00f5es simples e cont\u00ednuas podem gerar grandes transforma\u00e7\u00f5es sociais. E \u00e9 por isso que, ao longo dos seus 10 anos, o Gotas de Vida se tornou muito mais do que uma campanha: virou uma causa, um prop\u00f3sito, um legado para o time da Anag\u00ea Im\u00f3veis.<\/p>\n<p><strong>Sobre a Anag\u00ea Im\u00f3veis<\/strong><br \/>\nFundada em 1988, A Anag\u00ea \u00e9 a maior imobili\u00e1ria de Joinville. Atualmente, conta com mais de 7 mil im\u00f3veis locados e 4 mil propriet\u00e1rios ativos. S\u00e3o 200 funcion\u00e1rios e mais de 70 corretores associados.<\/p>\n<p>Com tradi\u00e7\u00e3o, credibilidade e inova\u00e7\u00e3o, oferece a mais ampla carteira de im\u00f3veis para quem deseja comprar ou alugar. Conta com canais de atendimento digital, possibilitando ao cliente escolher o melhor caminho para se relacionar.<\/p>\n<p>Por seis anos consecutivos, a Anag\u00ea Im\u00f3veis \u00e9 Great Place to Work (GPTW), al\u00e9m disso, possui certifica\u00e7\u00e3o da ISO 9001, que atesta nosso modelo de gest\u00e3o de qualidade. Integra as redes estadual e nacional do setor imobili\u00e1rio, integrando a Reloca e a ABMI.<\/p>\n<p>&nbsp;<\/p>\n","protected":false},"excerpt":{"rendered":"<p>Completando uma d\u00e9cada de atua\u00e7\u00e3o, o projeto social Gotas de Vida, desenvolvido em Joinville (SC) pela Anag\u00ea Im\u00f3veis, alcan\u00e7ou um marco expressivo em sua hist\u00f3ria: mais de seis mil pessoas beneficiadas desde sua cria\u00e7\u00e3o, em 2015. A edi\u00e7\u00e3o de deste ano arrecadou R$ 21.938,00 e cumpriu todas as metas propostas \u2014 como a reconstru\u00e7\u00e3o completa [&hellip;]<\/p>\n","protected":false},"author":2,"featured_media":19473,"comment_status":"open","ping_status":"open","sticky":false,"template":"","format":"standard","meta":{"_jetpack_memberships_contains_paid_content":false,"footnotes":""},"categories":[51,60],"tags":[11258,11257,11259],"featured_image_src":{"landsacpe":["https:\/\/revistaempresarios.net\/web\/wp-content\/uploads\/2025\/08\/Gotas_de_Vida_2025-1-1140x445.jpg",1140,445,true],"list":["https:\/\/revistaempresarios.net\/web\/wp-content\/uploads\/2025\/08\/Gotas_de_Vida_2025-1-463x348.jpg",463,348,true],"medium":["https:\/\/revistaempresarios.net\/web\/wp-content\/uploads\/2025\/08\/Gotas_de_Vida_2025-1-300x200.jpg",300,200,true],"full":["https:\/\/revistaempresarios.net\/web\/wp-content\/uploads\/2025\/08\/Gotas_de_Vida_2025-1-scaled.jpg",2560,1706,false]},"jetpack_sharing_enabled":true,"jetpack_featured_media_url":"https:\/\/revistaempresarios.net\/web\/wp-content\/uploads\/2025\/08\/Gotas_de_Vida_2025-1-scaled.jpg","jetpack-related-posts":[],"_links":{"self":[{"href":"https:\/\/revistaempresarios.net\/web\/wp-json\/wp\/v2\/posts\/19472"}],"collection":[{"href":"https:\/\/revistaempresarios.net\/web\/wp-json\/wp\/v2\/posts"}],"about":[{"href":"https:\/\/revistaempresarios.net\/web\/wp-json\/wp\/v2\/types\/post"}],"author":[{"embeddable":true,"href":"https:\/\/revistaempresarios.net\/web\/wp-json\/wp\/v2\/users\/2"}],"replies":[{"embeddable":true,"href":"https:\/\/revistaempresarios.net\/web\/wp-json\/wp\/v2\/comments?post=19472"}],"version-history":[{"count":1,"href":"https:\/\/revistaempresarios.net\/web\/wp-json\/wp\/v2\/posts\/19472\/revisions"}],"predecessor-version":[{"id":19474,"href":"https:\/\/revistaempresarios.net\/web\/wp-json\/wp\/v2\/posts\/19472\/revisions\/19474"}],"wp:featuredmedia":[{"embeddable":true,"href":"https:\/\/revistaempresarios.net\/web\/wp-json\/wp\/v2\/media\/19473"}],"wp:attachment":[{"href":"https:\/\/revistaempresarios.net\/web\/wp-json\/wp\/v2\/media?parent=19472"}],"wp:term":[{"taxonomy":"category","embeddable":true,"href":"https:\/\/revistaempresarios.net\/web\/wp-json\/wp\/v2\/categories?post=19472"},{"taxonomy":"post_tag","embeddable":true,"href":"https:\/\/revistaempresarios.net\/web\/wp-json\/wp\/v2\/tags?post=19472"}],"curies":[{"name":"wp","href":"https:\/\/api.w.org\/{rel}","templated":true}]}}