{"id":19456,"date":"2025-08-01T20:23:53","date_gmt":"2025-08-01T23:23:53","guid":{"rendered":"https:\/\/revistaempresarios.net\/web\/?p=19456"},"modified":"2025-08-01T20:23:53","modified_gmt":"2025-08-01T23:23:53","slug":"divina-terra-inaugura-nova-loja-no-bairro-moinhos-de-vento-em-porto-alegre","status":"publish","type":"post","link":"https:\/\/revistaempresarios.net\/web\/2025\/08\/01\/divina-terra-inaugura-nova-loja-no-bairro-moinhos-de-vento-em-porto-alegre\/","title":{"rendered":"Divina Terra inaugura nova loja no bairro Moinhos de Vento, em Porto Alegre"},"content":{"rendered":"<p><em>Com proposta voltada \u00e0 alimenta\u00e7\u00e3o saud\u00e1vel e bem-estar, unidade abre as portas no dia 1\u00ba de agosto com espa\u00e7o para eventos e <\/em><em>m\u00faltiplos canais de atendimento ao cliente<\/em><\/p>\n<p>&nbsp;<\/p>\n<p>A marca de franquias que aposta na alimenta\u00e7\u00e3o saud\u00e1vel e no bem-estar chega ao cora\u00e7\u00e3o de Porto Alegre com uma nova unidade da <strong>Divina Terra<\/strong>, que ser\u00e1 inaugurada no pr\u00f3ximo <strong>dia 1\u00ba de agosto<\/strong>, no tradicional bairro <strong>Moinhos de Vento<\/strong>. O novo espa\u00e7o est\u00e1 localizado na <strong>Rua F\u00e9lix da Cunha, 1221 &#8211; Loja F<\/strong> e oferecer\u00e1 mais de 70m\u00b2 dedicados a produtos naturais, org\u00e2nicos, sem gl\u00faten, sem lactose, veganos e itens a granel \u2013 uma das especialidades da rede.<\/p>\n<p>A opera\u00e7\u00e3o \u00e9 liderada pelo engenheiro mec\u00e2nico e empreendedor <strong>Arthur de Martini Grin<\/strong>, que conta com o apoio da s\u00f3cia e cunhada <strong>Francine Tolloti<\/strong>. Ap\u00f3s mais de 15 anos atuando em grandes empresas dos setores industrial e de tecnologia, Arthur decidiu investir em um neg\u00f3cio pr\u00f3prio, unindo sua experi\u00eancia em gest\u00e3o, inova\u00e7\u00e3o e lideran\u00e7a a um prop\u00f3sito de vida mais saud\u00e1vel e sustent\u00e1vel.<\/p>\n<p>\u201cConheci a Divina Terra inicialmente como cliente, influenciado pela minha esposa, que sempre buscou alternativas de consumo mais conscientes e sustent\u00e1veis. A identifica\u00e7\u00e3o com a proposta da marca s\u00f3 cresceu com o tempo e, quando a Francine passou a trabalhar na franqueadora, mergulhamos ainda mais nesse universo. Percebi que era o momento ideal para empreender com um modelo que faz sentido para mim e para a comunidade que quero impactar\u201d, explica Arthur.<\/p>\n<p>A loja contar\u00e1 com um <strong>espa\u00e7o exclusivo no segundo andar para eventos<\/strong> com marcas parceiras, nutricionistas e prescritores. A proposta \u00e9 transformar o ponto comercial tamb\u00e9m em um hub de conte\u00fado e relacionamento para quem busca qualidade de vida. Com uma equipe de quatro colaboradores, a unidade atender\u00e1 tanto no local quanto pelos canais digitais: <strong>WhatsApp, Instagram e delivery<\/strong>.<\/p>\n<p>\u201cQueremos fomentar ainda mais o mercado saud\u00e1vel na regi\u00e3o, oferecendo conveni\u00eancia, variedade e uma curadoria de produtos que fazem bem para o corpo e para o planeta\u201d, finaliza o franqueado.<\/p>\n","protected":false},"excerpt":{"rendered":"<p>Com proposta voltada \u00e0 alimenta\u00e7\u00e3o saud\u00e1vel e bem-estar, unidade abre as portas no dia 1\u00ba de agosto com espa\u00e7o para eventos e m\u00faltiplos canais de atendimento ao cliente &nbsp; A marca de franquias que aposta na alimenta\u00e7\u00e3o saud\u00e1vel e no bem-estar chega ao cora\u00e7\u00e3o de Porto Alegre com uma nova unidade da Divina Terra, que [&hellip;]<\/p>\n","protected":false},"author":2,"featured_media":19457,"comment_status":"open","ping_status":"open","sticky":false,"template":"","format":"standard","meta":{"_jetpack_memberships_contains_paid_content":false,"footnotes":""},"categories":[51,56,57,60],"tags":[11249,11250],"featured_image_src":{"landsacpe":["https:\/\/revistaempresarios.net\/web\/wp-content\/uploads\/2025\/08\/8254b36b-6bae-47b7-876c-0a6672c08447-1140x445.jpeg",1140,445,true],"list":["https:\/\/revistaempresarios.net\/web\/wp-content\/uploads\/2025\/08\/8254b36b-6bae-47b7-876c-0a6672c08447-463x348.jpeg",463,348,true],"medium":["https:\/\/revistaempresarios.net\/web\/wp-content\/uploads\/2025\/08\/8254b36b-6bae-47b7-876c-0a6672c08447-300x200.jpeg",300,200,true],"full":["https:\/\/revistaempresarios.net\/web\/wp-content\/uploads\/2025\/08\/8254b36b-6bae-47b7-876c-0a6672c08447.jpeg",1280,853,false]},"jetpack_sharing_enabled":true,"jetpack_featured_media_url":"https:\/\/revistaempresarios.net\/web\/wp-content\/uploads\/2025\/08\/8254b36b-6bae-47b7-876c-0a6672c08447.jpeg","jetpack-related-posts":[],"_links":{"self":[{"href":"https:\/\/revistaempresarios.net\/web\/wp-json\/wp\/v2\/posts\/19456"}],"collection":[{"href":"https:\/\/revistaempresarios.net\/web\/wp-json\/wp\/v2\/posts"}],"about":[{"href":"https:\/\/revistaempresarios.net\/web\/wp-json\/wp\/v2\/types\/post"}],"author":[{"embeddable":true,"href":"https:\/\/revistaempresarios.net\/web\/wp-json\/wp\/v2\/users\/2"}],"replies":[{"embeddable":true,"href":"https:\/\/revistaempresarios.net\/web\/wp-json\/wp\/v2\/comments?post=19456"}],"version-history":[{"count":1,"href":"https:\/\/revistaempresarios.net\/web\/wp-json\/wp\/v2\/posts\/19456\/revisions"}],"predecessor-version":[{"id":19458,"href":"https:\/\/revistaempresarios.net\/web\/wp-json\/wp\/v2\/posts\/19456\/revisions\/19458"}],"wp:featuredmedia":[{"embeddable":true,"href":"https:\/\/revistaempresarios.net\/web\/wp-json\/wp\/v2\/media\/19457"}],"wp:attachment":[{"href":"https:\/\/revistaempresarios.net\/web\/wp-json\/wp\/v2\/media?parent=19456"}],"wp:term":[{"taxonomy":"category","embeddable":true,"href":"https:\/\/revistaempresarios.net\/web\/wp-json\/wp\/v2\/categories?post=19456"},{"taxonomy":"post_tag","embeddable":true,"href":"https:\/\/revistaempresarios.net\/web\/wp-json\/wp\/v2\/tags?post=19456"}],"curies":[{"name":"wp","href":"https:\/\/api.w.org\/{rel}","templated":true}]}}