{"id":19421,"date":"2025-07-29T22:32:58","date_gmt":"2025-07-30T01:32:58","guid":{"rendered":"https:\/\/revistaempresarios.net\/web\/?p=19421"},"modified":"2025-07-29T22:32:58","modified_gmt":"2025-07-30T01:32:58","slug":"ex-ceo-da-maple-bear-andre-quintela-e-o-novo-diretor-de-negocios-da-ftd-educacao-para-o-setor-privado","status":"publish","type":"post","link":"https:\/\/revistaempresarios.net\/web\/2025\/07\/29\/ex-ceo-da-maple-bear-andre-quintela-e-o-novo-diretor-de-negocios-da-ftd-educacao-para-o-setor-privado\/","title":{"rendered":"Ex-CEO da Maple Bear, Andr\u00e9 Quintela \u00e9 o novo diretor de neg\u00f3cios da FTD Educa\u00e7\u00e3o para o setor privado"},"content":{"rendered":"<p class=\"fst-italic text-center\">Executivo com mais de uma d\u00e9cada de experi\u00eancia em lideran\u00e7a no setor educacional chega \u00e0 FTD com a miss\u00e3o de ampliar atua\u00e7\u00e3o da empresa em escolas premium e no segmento bil\u00edngue<\/p>\n<div>\n<p>Com mais de 10 anos de atua\u00e7\u00e3o em posi\u00e7\u00f5es de lideran\u00e7a no setor educacional, Andr\u00e9 Quintela \u00e9 o novo diretor de neg\u00f3cios para o mercado privado da FTD Educa\u00e7\u00e3o. Ele deixa o cargo de CEO da Maple Bear Latin America, rede canadense de escolas bil\u00edngues presente em 30 pa\u00edses, com mais de 528 unidades \u2013 sendo mais de 150 no Brasil.<\/p>\n<p>A chegada de Quintela acontece em um momento estrat\u00e9gico para a FTD Educa\u00e7\u00e3o, uma das principais empresas de solu\u00e7\u00f5es educacionais do Brasil, que busca ampliar sua presen\u00e7a no setor privado, especialmente entre escolas premium e no segmento bil\u00edngue. Outro ponto focal \u00e9 a amplia\u00e7\u00e3o no segmento de institui\u00e7\u00f5es de ensino confessionais.<\/p>\n<p>Atualmente, a empresa det\u00e9m 25% de participa\u00e7\u00e3o no mercado privado e atende quase 7.200 escolas particulares em todo o pa\u00eds, impactando mais de 5,9 milh\u00f5es de estudantes. No segmento de idiomas, soma mais de 930 mil estudantes atendidos, enquanto a solu\u00e7\u00e3o bil\u00edngue Standfor Evolution j\u00e1 est\u00e1 presente em 709 escolas, alcan\u00e7ando quase 180 mil alunos.<\/p>\n<p>Com perfil arrojado e forte atua\u00e7\u00e3o em projetos de expans\u00e3o, inova\u00e7\u00e3o, transforma\u00e7\u00e3o digital e reestrutura\u00e7\u00e3o organizacional, Andr\u00e9 Quintela leva \u00e0 FTD uma vis\u00e3o orientada a resultados e profundo conhecimento do setor educacional. Durante os tr\u00eas anos em que esteve \u00e0 frente da Maple Bear Latin America, liderou a consolida\u00e7\u00e3o e o crescimento da rede na regi\u00e3o.<\/p>\n<p>\u201cAssumir a diretoria de neg\u00f3cios para o mercado privado da FTD Educa\u00e7\u00e3o representa a oportunidade de contribuir com uma marca centen\u00e1ria, que alia tradi\u00e7\u00e3o e inova\u00e7\u00e3o no compromisso com o desenvolvimento da educa\u00e7\u00e3o brasileira. Nosso desafio \u00e9 ampliar a presen\u00e7a em segmentos estrat\u00e9gicos, como o ensino bil\u00edngue e as escolas premium, al\u00e9m das institui\u00e7\u00f5es confessionais, sempre com foco na excel\u00eancia pedag\u00f3gica, na escuta ativa dos parceiros e na entrega de solu\u00e7\u00f5es relevantes e transformadoras para toda a comunidade escolar\u201d, afirma Andr\u00e9 Quintela.<\/p>\n<p>Administrador com MBA e p\u00f3s-gradua\u00e7\u00f5es em Gest\u00e3o de Neg\u00f3cios, Bilinguismo, Gest\u00e3o Escolar, Inova\u00e7\u00e3o e Transforma\u00e7\u00e3o Digital, o executivo acumula passagens por empresas como Grupo SEB e Pearson, al\u00e9m de experi\u00eancias em outros setores, como Ambev, Oi Telecom e M\u00e9dico sem Fila.<\/p>\n<p>Fundada h\u00e1 mais de 120 anos, a FTD Educa\u00e7\u00e3o tem um legado marcante na hist\u00f3ria da educa\u00e7\u00e3o brasileira, sendo respons\u00e1vel pela publica\u00e7\u00e3o do primeiro livro did\u00e1tico do pa\u00eds, em 1902. Com a chegada de Quintela, a companhia refor\u00e7a seu compromisso com a inova\u00e7\u00e3o, a excel\u00eancia nas solu\u00e7\u00f5es educacionais e a expans\u00e3o sustent\u00e1vel dos neg\u00f3cios.<\/p>\n<\/div>\n","protected":false},"excerpt":{"rendered":"<p>Executivo com mais de uma d\u00e9cada de experi\u00eancia em lideran\u00e7a no setor educacional chega \u00e0 FTD com a miss\u00e3o de ampliar atua\u00e7\u00e3o da empresa em escolas premium e no segmento bil\u00edngue Com mais de 10 anos de atua\u00e7\u00e3o em posi\u00e7\u00f5es de lideran\u00e7a no setor educacional, Andr\u00e9 Quintela \u00e9 o novo diretor de neg\u00f3cios para o [&hellip;]<\/p>\n","protected":false},"author":2,"featured_media":19422,"comment_status":"open","ping_status":"open","sticky":false,"template":"","format":"standard","meta":{"_jetpack_memberships_contains_paid_content":false,"footnotes":""},"categories":[51,53,56,57,60],"tags":[11242,11241],"featured_image_src":{"landsacpe":["https:\/\/revistaempresarios.net\/web\/wp-content\/uploads\/2025\/07\/andre-quintela-vetical-press2-1140x445.jpg",1140,445,true],"list":["https:\/\/revistaempresarios.net\/web\/wp-content\/uploads\/2025\/07\/andre-quintela-vetical-press2-463x348.jpg",463,348,true],"medium":["https:\/\/revistaempresarios.net\/web\/wp-content\/uploads\/2025\/07\/andre-quintela-vetical-press2-233x300.jpg",233,300,true],"full":["https:\/\/revistaempresarios.net\/web\/wp-content\/uploads\/2025\/07\/andre-quintela-vetical-press2-scaled.jpg",1990,2560,false]},"jetpack_sharing_enabled":true,"jetpack_featured_media_url":"https:\/\/revistaempresarios.net\/web\/wp-content\/uploads\/2025\/07\/andre-quintela-vetical-press2-scaled.jpg","jetpack-related-posts":[],"_links":{"self":[{"href":"https:\/\/revistaempresarios.net\/web\/wp-json\/wp\/v2\/posts\/19421"}],"collection":[{"href":"https:\/\/revistaempresarios.net\/web\/wp-json\/wp\/v2\/posts"}],"about":[{"href":"https:\/\/revistaempresarios.net\/web\/wp-json\/wp\/v2\/types\/post"}],"author":[{"embeddable":true,"href":"https:\/\/revistaempresarios.net\/web\/wp-json\/wp\/v2\/users\/2"}],"replies":[{"embeddable":true,"href":"https:\/\/revistaempresarios.net\/web\/wp-json\/wp\/v2\/comments?post=19421"}],"version-history":[{"count":1,"href":"https:\/\/revistaempresarios.net\/web\/wp-json\/wp\/v2\/posts\/19421\/revisions"}],"predecessor-version":[{"id":19423,"href":"https:\/\/revistaempresarios.net\/web\/wp-json\/wp\/v2\/posts\/19421\/revisions\/19423"}],"wp:featuredmedia":[{"embeddable":true,"href":"https:\/\/revistaempresarios.net\/web\/wp-json\/wp\/v2\/media\/19422"}],"wp:attachment":[{"href":"https:\/\/revistaempresarios.net\/web\/wp-json\/wp\/v2\/media?parent=19421"}],"wp:term":[{"taxonomy":"category","embeddable":true,"href":"https:\/\/revistaempresarios.net\/web\/wp-json\/wp\/v2\/categories?post=19421"},{"taxonomy":"post_tag","embeddable":true,"href":"https:\/\/revistaempresarios.net\/web\/wp-json\/wp\/v2\/tags?post=19421"}],"curies":[{"name":"wp","href":"https:\/\/api.w.org\/{rel}","templated":true}]}}