{"id":19410,"date":"2025-07-29T22:05:05","date_gmt":"2025-07-30T01:05:05","guid":{"rendered":"https:\/\/revistaempresarios.net\/web\/?p=19410"},"modified":"2025-07-29T22:05:05","modified_gmt":"2025-07-30T01:05:05","slug":"rd-saude-inaugura-drogasil-2-000-e-celebra-50-milhoes-de-clientes-ativos-no-pais","status":"publish","type":"post","link":"https:\/\/revistaempresarios.net\/web\/2025\/07\/29\/rd-saude-inaugura-drogasil-2-000-e-celebra-50-milhoes-de-clientes-ativos-no-pais\/","title":{"rendered":"RD Sa\u00fade inaugura Drogasil 2.000 e celebra 50 milh\u00f5es de clientes ativos no pa\u00eds"},"content":{"rendered":"<p class=\"fst-italic text-center\">Nova unidade em S\u00e3o Paulo fortalece estrat\u00e9gia de expans\u00e3o, proximidade e cuidado com a sa\u00fade e o bem-estar do maior grupo de varejo farmac\u00eautico do pa\u00eds<\/p>\n<div>\n<p>A Drogasil inaugurou nesta ter\u00e7a-feira (29) sua loja de n\u00famero 2.000 no pa\u00eds. A abertura da nova unidade em S\u00e3o Paulo, no bairro Campo Belo, \u00e9 um marco na consolida\u00e7\u00e3o da Drogasil como maior bandeira do varejo farmac\u00eautico do pa\u00eds e ocorre quando o grupo RD Sa\u00fade, formado tamb\u00e9m pela Raia, atinge o patamar in\u00e9dito de 50 milh\u00f5es de clientes ativos.<\/p>\n<p>Renato Raduan, CEO da RD Sa\u00fade, diz que a Drogasil 2.000 simboliza a ess\u00eancia dos 90 anos de hist\u00f3ria de uma rede constru\u00edda a partir do trabalho de profissionais comprometidos com a excel\u00eancia no atendimento e em cuidar da sa\u00fade e do bem-estar das pessoas em todos os momentos da vida.<\/p>\n<p>\u201c\u00c9 um momento muito importante chegar \u00e0 farm\u00e1cia de n\u00famero 2.000. A Drogasil \u00e9 a maior bandeira do varejo farmac\u00eautico e a 14\u00aa marca mais reconhecida do Brasil porque muita gente, por muito tempo, faz a coisa certa. Nossa for\u00e7a est\u00e1 na escuta, no acolhimento e no conhecimento que cada um dos nossos colaboradores dedica a cada cliente que entra nas nossas farm\u00e1cias. \u00c9 assim na farm\u00e1cia 1.999 e ser\u00e1 assim na 2.001\u201d, disse Raduan.<\/p>\n<p>O evento de inaugura\u00e7\u00e3o da Drogasil 2.000 em S\u00e3o Paulo contou com lideran\u00e7as da RD Sa\u00fade, ao lado do time que far\u00e1 o atendimento di\u00e1rio na unidade. Uma das maiores empregadoras do pa\u00eds, a RD Sa\u00fade tem mais de 65 mil funcion\u00e1rios em 3.300 farm\u00e1cias e 14 centros de distribui\u00e7\u00e3o. Para este ano, o plano de expans\u00e3o prev\u00ea a abertura entre 330 e 350 unidades no pa\u00eds.<\/p>\n<p>\u201cS\u00e3o Paulo concentra o maior n\u00famero de farm\u00e1cias e \u00e9 natural que seja assim, porque Drogasil e Raia surgiram aqui. Mas a concentra\u00e7\u00e3o, que j\u00e1 foi muito maior, est\u00e1 em 40%. Isso porque queremos estar cada vez mais pr\u00f3ximos de nossos clientes. Hoje, estamos presentes em todos os estados brasileiros, em 630 munic\u00edpios, e avaliando centenas de munic\u00edpios para continuar expandindo\u201d, afirmou Raduan.<\/p>\n<p>As conveni\u00eancias oferecidas aos clientes na Drogasil 2.000, no bairro de Campo Belo, s\u00e3o as mesmas dispon\u00edveis nas demais unidades espalhadas pelo Brasil. Um dos servi\u00e7os \u00e9 o \u201cCompre e Retire\u201d, em que o consumidor compra pelo site ou app e retira o produto na filial, sem cobran\u00e7a de taxa.<\/p>\n<p>A unidade tamb\u00e9m est\u00e1 equipada com sala de atendimento farmac\u00eautico para a realiza\u00e7\u00e3o de testes r\u00e1pidos, medi\u00e7\u00e3o de press\u00e3o, glicemia e bioimped\u00e2ncia, entre outros servi\u00e7os. No pa\u00eds, mais de 2.500 unidades da Drogasil e Raia disp\u00f5em desse espa\u00e7o de atendimento individual. A rede tem 400 salas de vacina\u00e7\u00e3o em farm\u00e1cias.<\/p>\n<p><strong>Sobre a RD Sa\u00fade<\/strong><\/p>\n<p>A RD Sa\u00fade foi formada em 2011, a partir da fus\u00e3o entre a Droga Raia e a Drogasil, que combinam mais de 200 anos de hist\u00f3ria no varejo farmac\u00eautico. Hoje, o grupo est\u00e1 presente em todos os estados do pa\u00eds, com mais de 3.300 farm\u00e1cias. Em 2024, ao adotar uma nova marca corporativa, a companhia refor\u00e7ou a sua atua\u00e7\u00e3o como ecossistema de sa\u00fade voltado para presta\u00e7\u00e3o de servi\u00e7os e cuidados com o bem-estar da popula\u00e7\u00e3o. Por isso, continua ampliando sua capilaridade f\u00edsica e digital, disseminando um novo conceito de farm\u00e1cia em um modelo de neg\u00f3cio multicanal.<\/p>\n<\/div>\n","protected":false},"excerpt":{"rendered":"<p>Nova unidade em S\u00e3o Paulo fortalece estrat\u00e9gia de expans\u00e3o, proximidade e cuidado com a sa\u00fade e o bem-estar do maior grupo de varejo farmac\u00eautico do pa\u00eds A Drogasil inaugurou nesta ter\u00e7a-feira (29) sua loja de n\u00famero 2.000 no pa\u00eds. A abertura da nova unidade em S\u00e3o Paulo, no bairro Campo Belo, \u00e9 um marco na [&hellip;]<\/p>\n","protected":false},"author":2,"featured_media":19411,"comment_status":"open","ping_status":"open","sticky":false,"template":"","format":"standard","meta":{"_jetpack_memberships_contains_paid_content":false,"footnotes":""},"categories":[51,54,56,57,60],"tags":[11237],"featured_image_src":{"landsacpe":["https:\/\/revistaempresarios.net\/web\/wp-content\/uploads\/2025\/07\/Drogasil-2000.2-1140x445.jpg",1140,445,true],"list":["https:\/\/revistaempresarios.net\/web\/wp-content\/uploads\/2025\/07\/Drogasil-2000.2-463x348.jpg",463,348,true],"medium":["https:\/\/revistaempresarios.net\/web\/wp-content\/uploads\/2025\/07\/Drogasil-2000.2-300x200.jpg",300,200,true],"full":["https:\/\/revistaempresarios.net\/web\/wp-content\/uploads\/2025\/07\/Drogasil-2000.2.jpg",1616,1080,false]},"jetpack_sharing_enabled":true,"jetpack_featured_media_url":"https:\/\/revistaempresarios.net\/web\/wp-content\/uploads\/2025\/07\/Drogasil-2000.2.jpg","jetpack-related-posts":[],"_links":{"self":[{"href":"https:\/\/revistaempresarios.net\/web\/wp-json\/wp\/v2\/posts\/19410"}],"collection":[{"href":"https:\/\/revistaempresarios.net\/web\/wp-json\/wp\/v2\/posts"}],"about":[{"href":"https:\/\/revistaempresarios.net\/web\/wp-json\/wp\/v2\/types\/post"}],"author":[{"embeddable":true,"href":"https:\/\/revistaempresarios.net\/web\/wp-json\/wp\/v2\/users\/2"}],"replies":[{"embeddable":true,"href":"https:\/\/revistaempresarios.net\/web\/wp-json\/wp\/v2\/comments?post=19410"}],"version-history":[{"count":1,"href":"https:\/\/revistaempresarios.net\/web\/wp-json\/wp\/v2\/posts\/19410\/revisions"}],"predecessor-version":[{"id":19412,"href":"https:\/\/revistaempresarios.net\/web\/wp-json\/wp\/v2\/posts\/19410\/revisions\/19412"}],"wp:featuredmedia":[{"embeddable":true,"href":"https:\/\/revistaempresarios.net\/web\/wp-json\/wp\/v2\/media\/19411"}],"wp:attachment":[{"href":"https:\/\/revistaempresarios.net\/web\/wp-json\/wp\/v2\/media?parent=19410"}],"wp:term":[{"taxonomy":"category","embeddable":true,"href":"https:\/\/revistaempresarios.net\/web\/wp-json\/wp\/v2\/categories?post=19410"},{"taxonomy":"post_tag","embeddable":true,"href":"https:\/\/revistaempresarios.net\/web\/wp-json\/wp\/v2\/tags?post=19410"}],"curies":[{"name":"wp","href":"https:\/\/api.w.org\/{rel}","templated":true}]}}