{"id":19380,"date":"2025-07-29T13:09:05","date_gmt":"2025-07-29T16:09:05","guid":{"rendered":"https:\/\/revistaempresarios.net\/web\/?p=19380"},"modified":"2025-07-29T13:09:05","modified_gmt":"2025-07-29T16:09:05","slug":"obra-na-berrini-alia-arquitetura-de-alto-padrao-e-construcao-industrializada-com-1-235-toneladas-de-aco","status":"publish","type":"post","link":"https:\/\/revistaempresarios.net\/web\/2025\/07\/29\/obra-na-berrini-alia-arquitetura-de-alto-padrao-e-construcao-industrializada-com-1-235-toneladas-de-aco\/","title":{"rendered":"Obra na Berrini alia arquitetura de alto padr\u00e3o e constru\u00e7\u00e3o industrializada com 1.235 toneladas de a\u00e7o"},"content":{"rendered":"<div>Novo edif\u00edcio da aflalo\/gasperini em S\u00e3o Paulo adota estrutura met\u00e1lica para vencer desafios urbanos e acelerar obra corporativa com foco em ESG<\/div>\n<div><\/div>\n<div>No cora\u00e7\u00e3o de um dos endere\u00e7os corporativos mais valorizados de S\u00e3o Paulo, nasce o Berrini New One, projeto da aflalo\/gasperini arquitetos que eleva o padr\u00e3o das torres comerciais da capital ao combinar estrutura met\u00e1lica de alto desempenho, fachada unitizada, lajes steel deck e 1.235 toneladas de a\u00e7o aparente.<\/div>\n<div><\/div>\n<div>Implantado em um canteiro restrito e ao lado do j\u00e1 existente Berrini One, o novo edif\u00edcio enfrentou o desafio de crescer verticalmente sem impactar a opera\u00e7\u00e3o ativa do entorno. A ado\u00e7\u00e3o de um sistema construtivo industrializado, com estrutura em a\u00e7o, foi decisiva para acelerar a execu\u00e7\u00e3o, reduzir res\u00edduos e manter o canteiro organizado em meio ao tr\u00e1fego intenso da regi\u00e3o.<\/div>\n<div><img loading=\"lazy\" decoding=\"async\" class=\"alignnone size-medium wp-image-19382\" src=\"https:\/\/revistaempresarios.net\/web\/wp-content\/uploads\/2025\/07\/b65b2a04-adac-43ba-9bee-afdb68b154c5-1-225x300.jpeg\" alt=\"\" width=\"225\" height=\"300\" \/><\/div>\n<div><\/div>\n<div>\u201cA mudan\u00e7a para a estrutura met\u00e1lica n\u00e3o alterou o partido arquitet\u00f4nico e nos permitiu racionalizar todo o processo construtivo. O desafio foi manter a pureza do desenho original, com sua geometria curva, mesmo ao trocar o sistema estrutural. Foi um exerc\u00edcio intenso de compatibiliza\u00e7\u00e3o entre estrutura met\u00e1lica, lajes steel deck e fachada unitizada\u201d, explica Davi de Moura Lacerda, arquiteto do projeto.<\/div>\n<div><\/div>\n<div>Com 12.550 m\u00b2 de \u00e1rea constru\u00edda, o Berrini New One foi concebido com foco em flexibilidade, fluidez espacial e efici\u00eancia energ\u00e9tica. A estrutura met\u00e1lica permitiu criar grandes v\u00e3os e pilares mais esbeltos, ampliando a liberdade de layout para os futuros ocupantes. \u201cA obra em a\u00e7o garante velocidade, previsibilidade e impactos m\u00ednimos ao ambiente urbano. Esses benef\u00edcios est\u00e3o totalmente alinhados \u00e0s boas pr\u00e1ticas ESG\u201d, refor\u00e7a o escrit\u00f3rio.<\/div>\n<div><\/div>\n<div>Al\u00e9m da efici\u00eancia no canteiro, a op\u00e7\u00e3o pelo a\u00e7o tamb\u00e9m impulsionou os crit\u00e9rios de sustentabilidade: menor emiss\u00e3o de poluentes, possibilidade de reciclagem dos materiais utilizados e integra\u00e7\u00e3o de processos modulares com maior controle de qualidade.<\/div>\n<div><\/div>\n<div>O CBCA (Centro Brasileiro da Constru\u00e7\u00e3o em A\u00e7o) destaca que projetos como o Berrini New One refletem uma tend\u00eancia cada vez mais s\u00f3lida no Brasil: o crescimento da constru\u00e7\u00e3o industrializada em empreendimentos corporativos, log\u00edsticos e retrofit. \u201cTemos visto essa demanda aumentar especialmente em regi\u00f5es com press\u00e3o por prazos curtos, custos controlados e espa\u00e7os de uso flex\u00edvel\u201d, aponta a entidade.<\/div>\n<div><\/div>\n<div>Segundo a equipe da aflalo\/gasperini, a estrutura met\u00e1lica composta por perfis laminados e soldados se integra com a fachada unitizada, garantindo precis\u00e3o de montagem e reduzindo o peso total da edifica\u00e7\u00e3o, o que contribui diretamente para otimizar as funda\u00e7\u00f5es.<\/div>\n<div><\/div>\n<div>\u201cA arquitetura de grandes v\u00e3os e modula\u00e7\u00e3o r\u00edtmica das fachadas \u00e9 favorecida pelo sistema met\u00e1lico. Al\u00e9m disso, cada material \u00e9 usado com intelig\u00eancia, extraindo o melhor desempenho t\u00e9cnico e pl\u00e1stico, o que garante retorno para o investimento\u201d, finaliza Davi.<\/div>\n<div><\/div>\n<div><strong>Sobre o CBCA<\/strong><\/div>\n<div><\/div>\n<div>O Centro Brasileiro da Constru\u00e7\u00e3o em A\u00e7o (CBCA), criado em 2002 e gerido pelo Instituto A\u00e7o Brasil, atua para ampliar o uso do a\u00e7o na constru\u00e7\u00e3o civil brasileira, promovendo capacita\u00e7\u00f5es, estudos t\u00e9cnicos e a\u00e7\u00f5es de fomento \u00e0 inova\u00e7\u00e3o industrial. www.cbca-acobrasil.org.br\/site\/estatisticas<\/div>\n<div><\/div>\n<div><strong>Ficha T\u00e9cnica<\/strong><\/div>\n<div>\u2022Projeto Arquitet\u00f4nico: aflalo\/gasperini arquitetos<\/div>\n<div>\u2022Fabricante da Estrutura em A\u00e7o: Systemac<\/div>\n<div>\u2022Projeto Estrutural: Systemac<\/div>\n<div>\u2022Execu\u00e7\u00e3o: Sysbuilding<\/div>\n<div>\u2022\u00c1rea Constru\u00edda: 12.550 m\u00b2<\/div>\n<div>\u2022Volume de A\u00e7o: 1.235 toneladas<\/div>\n<div>\u2022Conclus\u00e3o: Segundo semestre de 2025<\/div>\n<div>\u2022Local: Av. Eng. Luiz Carlos Berrini, 105 \u2013 S\u00e3o Paulo\/SP<\/div>\n<div>\u2022Fotos: Equipe aflalo\/gasperini arquitetos<\/div>\n","protected":false},"excerpt":{"rendered":"<p>Novo edif\u00edcio da aflalo\/gasperini em S\u00e3o Paulo adota estrutura met\u00e1lica para vencer desafios urbanos e acelerar obra corporativa com foco em ESG No cora\u00e7\u00e3o de um dos endere\u00e7os corporativos mais valorizados de S\u00e3o Paulo, nasce o Berrini New One, projeto da aflalo\/gasperini arquitetos que eleva o padr\u00e3o das torres comerciais da capital ao combinar estrutura [&hellip;]<\/p>\n","protected":false},"author":2,"featured_media":19381,"comment_status":"open","ping_status":"open","sticky":false,"template":"","format":"standard","meta":{"_jetpack_memberships_contains_paid_content":false,"footnotes":""},"categories":[51,54,56,60],"tags":[11229],"featured_image_src":{"landsacpe":["https:\/\/revistaempresarios.net\/web\/wp-content\/uploads\/2025\/07\/a985e472-cea7-498a-ab9e-b7a43903e9a1-768x445.jpeg",768,445,true],"list":["https:\/\/revistaempresarios.net\/web\/wp-content\/uploads\/2025\/07\/a985e472-cea7-498a-ab9e-b7a43903e9a1-463x348.jpeg",463,348,true],"medium":["https:\/\/revistaempresarios.net\/web\/wp-content\/uploads\/2025\/07\/a985e472-cea7-498a-ab9e-b7a43903e9a1-225x300.jpeg",225,300,true],"full":["https:\/\/revistaempresarios.net\/web\/wp-content\/uploads\/2025\/07\/a985e472-cea7-498a-ab9e-b7a43903e9a1.jpeg",768,1024,false]},"jetpack_sharing_enabled":true,"jetpack_featured_media_url":"https:\/\/revistaempresarios.net\/web\/wp-content\/uploads\/2025\/07\/a985e472-cea7-498a-ab9e-b7a43903e9a1.jpeg","jetpack-related-posts":[],"_links":{"self":[{"href":"https:\/\/revistaempresarios.net\/web\/wp-json\/wp\/v2\/posts\/19380"}],"collection":[{"href":"https:\/\/revistaempresarios.net\/web\/wp-json\/wp\/v2\/posts"}],"about":[{"href":"https:\/\/revistaempresarios.net\/web\/wp-json\/wp\/v2\/types\/post"}],"author":[{"embeddable":true,"href":"https:\/\/revistaempresarios.net\/web\/wp-json\/wp\/v2\/users\/2"}],"replies":[{"embeddable":true,"href":"https:\/\/revistaempresarios.net\/web\/wp-json\/wp\/v2\/comments?post=19380"}],"version-history":[{"count":1,"href":"https:\/\/revistaempresarios.net\/web\/wp-json\/wp\/v2\/posts\/19380\/revisions"}],"predecessor-version":[{"id":19383,"href":"https:\/\/revistaempresarios.net\/web\/wp-json\/wp\/v2\/posts\/19380\/revisions\/19383"}],"wp:featuredmedia":[{"embeddable":true,"href":"https:\/\/revistaempresarios.net\/web\/wp-json\/wp\/v2\/media\/19381"}],"wp:attachment":[{"href":"https:\/\/revistaempresarios.net\/web\/wp-json\/wp\/v2\/media?parent=19380"}],"wp:term":[{"taxonomy":"category","embeddable":true,"href":"https:\/\/revistaempresarios.net\/web\/wp-json\/wp\/v2\/categories?post=19380"},{"taxonomy":"post_tag","embeddable":true,"href":"https:\/\/revistaempresarios.net\/web\/wp-json\/wp\/v2\/tags?post=19380"}],"curies":[{"name":"wp","href":"https:\/\/api.w.org\/{rel}","templated":true}]}}