{"id":19253,"date":"2025-07-14T22:10:47","date_gmt":"2025-07-15T01:10:47","guid":{"rendered":"https:\/\/revistaempresarios.net\/web\/?p=19253"},"modified":"2025-07-14T22:10:47","modified_gmt":"2025-07-15T01:10:47","slug":"com-homenagem-a-rebeca-andrade-4a-corrida-pantera-negra-foi-realizada-em-santos","status":"publish","type":"post","link":"https:\/\/revistaempresarios.net\/web\/2025\/07\/14\/com-homenagem-a-rebeca-andrade-4a-corrida-pantera-negra-foi-realizada-em-santos\/","title":{"rendered":"Com homenagem a Rebeca Andrade, 4\u00aa Corrida Pantera Negra  foi realizada em Santos"},"content":{"rendered":"<p>A 4\u00aa edi\u00e7\u00e3o da Corrida Pantera Negra pela Igualdade Racial foi realizada no domingo (14), em frente ao Aqu\u00e1rio Municipal de Santos, e bateu recorde de participa\u00e7\u00e3o, com 1.600 inscritos. Organizada pelo Instituto Luther King (ILK), a corrida homenageou a ginasta Rebeca Andrade, a maior atleta ol\u00edmpica da hist\u00f3ria do Brasil..<\/p>\n<p>A largada aconteceu pontualmente \u00e0s 7h30. Os corredores percorreram um trajeto de oito quil\u00f4metros pela orla at\u00e9 o Canal 2, retornando ao ponto inicial.<\/p>\n<p>Na categoria geral masculina, o vencedor foi Carlos Henrique Ribeiro, que completou o percurso em 26\u201951. A segunda coloca\u00e7\u00e3o ficou com Jos\u00e9 Uilton Nascimento, com 27\u201914, seguido pelo campe\u00e3o do ano passado, Jefferson Alves dos Santos, com 27\u201922.<\/p>\n<p>Entre as mulheres, Viviane Aparecida de Souza cruzou a linha de chegada em primeiro lugar, com o tempo de 32\u201906. Ivanilda Pereira dos Santos garantiu a segunda posi\u00e7\u00e3o, com 32\u201950. J\u00e1 Tayna Daval Cordella completou o p\u00f3dio, com 33\u201959.<\/p>\n<p>Logo ap\u00f3s a prova, ocorreu a cerim\u00f4nia de premia\u00e7\u00e3o. Trof\u00e9us foram entregues aos sete primeiros colocados de cada uma das 26 categorias em disputa. A lista completa de ganhadores e os demais resultados da competi\u00e7\u00e3o podem ser consultados em:<br \/>\nhttps:\/\/cronoserv.com.br\/resultado\/4o-corrida-ilk-pantera-negra,250125<\/p>\n<p>Conscientiza\u00e7\u00e3o<\/p>\n<p>Para o presidente do ILK, Marcelo Oliveira Martins, a corrida se consolidou como mais do que uma competi\u00e7\u00e3o esportiva: tornou-se uma a\u00e7\u00e3o de impacto social. \u201cCriamos essa prova com a miss\u00e3o de levantar o debate sobre a igualdade racial e seguimos firmes nesse prop\u00f3sito. Em 2025, homenageamos Rebeca Andrade, que representa tudo aquilo que acreditamos: compet\u00eancia, resist\u00eancia e orgulho da identidade negra\u201d, afirmou.<\/p>\n<p>O coordenador t\u00e9cnico da prova, Jardel Barros, destacou a import\u00e2ncia de homenagear uma figura como Rebeca. \u201cRebeca simboliza o talento e a dedica\u00e7\u00e3o que existem em tantos atletas brasileiros. Ao homenage\u00e1-la, reconhecemos n\u00e3o apenas sua excel\u00eancia esportiva, mas tamb\u00e9m a import\u00e2ncia de fortalecer a visibilidade de hist\u00f3rias inspiradoras como a dela. \u00c9 por meio de exemplos assim que ampliamos o di\u00e1logo sobre representatividade e equidade no esporte\u201d.<\/p>\n<p>Sobre o ILK<\/p>\n<p>Fundado em 2019, o Instituto Luther King (ILK) \u00e9 uma organiza\u00e7\u00e3o sem fins lucrativos que atua no fortalecimento de afroempreendimentos. A entidade oferece forma\u00e7\u00e3o, capacita\u00e7\u00e3o e suporte t\u00e9cnico a micro e pequenos empres\u00e1rios negros.<\/p>\n<p>Sua atua\u00e7\u00e3o \u00e9 pautada por parcerias com o setor p\u00fablico e a iniciativa privada, com o objetivo de promover o desenvolvimento sociocultural, socioeducacional e socioecon\u00f4mico da popula\u00e7\u00e3o preta.<\/p>\n<p>Mais informa\u00e7\u00f5es est\u00e3o dispon\u00edveis no site: www.ilk.org.br<\/p>\n","protected":false},"excerpt":{"rendered":"<p>A 4\u00aa edi\u00e7\u00e3o da Corrida Pantera Negra pela Igualdade Racial foi realizada no domingo (14), em frente ao Aqu\u00e1rio Municipal de Santos, e bateu recorde de participa\u00e7\u00e3o, com 1.600 inscritos. Organizada pelo Instituto Luther King (ILK), a corrida homenageou a ginasta Rebeca Andrade, a maior atleta ol\u00edmpica da hist\u00f3ria do Brasil.. A largada aconteceu pontualmente [&hellip;]<\/p>\n","protected":false},"author":2,"featured_media":19254,"comment_status":"open","ping_status":"open","sticky":false,"template":"","format":"standard","meta":{"_jetpack_memberships_contains_paid_content":false,"footnotes":""},"categories":[1],"tags":[],"featured_image_src":{"landsacpe":["https:\/\/revistaempresarios.net\/web\/wp-content\/uploads\/2025\/07\/c31f4716-9469-41d5-b75f-3ecac16c3240-1140x445.jpeg",1140,445,true],"list":["https:\/\/revistaempresarios.net\/web\/wp-content\/uploads\/2025\/07\/c31f4716-9469-41d5-b75f-3ecac16c3240-463x348.jpeg",463,348,true],"medium":["https:\/\/revistaempresarios.net\/web\/wp-content\/uploads\/2025\/07\/c31f4716-9469-41d5-b75f-3ecac16c3240-300x225.jpeg",300,225,true],"full":["https:\/\/revistaempresarios.net\/web\/wp-content\/uploads\/2025\/07\/c31f4716-9469-41d5-b75f-3ecac16c3240.jpeg",1440,1080,false]},"jetpack_sharing_enabled":true,"jetpack_featured_media_url":"https:\/\/revistaempresarios.net\/web\/wp-content\/uploads\/2025\/07\/c31f4716-9469-41d5-b75f-3ecac16c3240.jpeg","jetpack-related-posts":[],"_links":{"self":[{"href":"https:\/\/revistaempresarios.net\/web\/wp-json\/wp\/v2\/posts\/19253"}],"collection":[{"href":"https:\/\/revistaempresarios.net\/web\/wp-json\/wp\/v2\/posts"}],"about":[{"href":"https:\/\/revistaempresarios.net\/web\/wp-json\/wp\/v2\/types\/post"}],"author":[{"embeddable":true,"href":"https:\/\/revistaempresarios.net\/web\/wp-json\/wp\/v2\/users\/2"}],"replies":[{"embeddable":true,"href":"https:\/\/revistaempresarios.net\/web\/wp-json\/wp\/v2\/comments?post=19253"}],"version-history":[{"count":1,"href":"https:\/\/revistaempresarios.net\/web\/wp-json\/wp\/v2\/posts\/19253\/revisions"}],"predecessor-version":[{"id":19255,"href":"https:\/\/revistaempresarios.net\/web\/wp-json\/wp\/v2\/posts\/19253\/revisions\/19255"}],"wp:featuredmedia":[{"embeddable":true,"href":"https:\/\/revistaempresarios.net\/web\/wp-json\/wp\/v2\/media\/19254"}],"wp:attachment":[{"href":"https:\/\/revistaempresarios.net\/web\/wp-json\/wp\/v2\/media?parent=19253"}],"wp:term":[{"taxonomy":"category","embeddable":true,"href":"https:\/\/revistaempresarios.net\/web\/wp-json\/wp\/v2\/categories?post=19253"},{"taxonomy":"post_tag","embeddable":true,"href":"https:\/\/revistaempresarios.net\/web\/wp-json\/wp\/v2\/tags?post=19253"}],"curies":[{"name":"wp","href":"https:\/\/api.w.org\/{rel}","templated":true}]}}